{"id":4077,"date":"2022-02-01T15:48:20","date_gmt":"2022-02-01T14:48:20","guid":{"rendered":"https:\/\/serveiseducatius.xtec.cat\/pladelestany\/?p=4077"},"modified":"2022-02-01T15:55:39","modified_gmt":"2022-02-01T14:55:39","slug":"ii-concurs-jo-tinc-la-paraula","status":"publish","type":"post","link":"https:\/\/serveiseducatius.xtec.cat\/pladelestany\/general\/ii-concurs-jo-tinc-la-paraula\/","title":{"rendered":"II Concurs Jo tinc la paraula"},"content":{"rendered":"<p dir=\"ltr\" style=\"text-align: left;\"><img loading=\"lazy\" decoding=\"async\" class=\"wp-image-4079 alignleft\" src=\"https:\/\/serveiseducatius.xtec.cat\/pladelestany\/wp-content\/uploads\/usu771\/2022\/02\/II-Concurs-Jo-tinc-la-paraula.png\" alt=\"\" width=\"335\" height=\"399\" srcset=\"https:\/\/serveiseducatius.xtec.cat\/pladelestany\/wp-content\/uploads\/usu771\/2022\/02\/II-Concurs-Jo-tinc-la-paraula.png 645w, https:\/\/serveiseducatius.xtec.cat\/pladelestany\/wp-content\/uploads\/usu771\/2022\/02\/II-Concurs-Jo-tinc-la-paraula-252x300.png 252w\" sizes=\"auto, (max-width: 335px) 100vw, 335px\" \/><strong><a href=\"http:\/\/xtec.gencat.cat\/web\/.content\/projectes\/llengua-oral\/tenim-la-paraula\/concurs-jo-tinc-la-paraula\/documents\/2122_Bases-del-concurs-JO-TINC-LA-PARAULA.pdf\">BASES DEL CONCURS<\/a><\/strong><\/p>\n<p dir=\"ltr\" style=\"text-align: left;\">Segona edici\u00f3 del <a href=\"http:\/\/xtec.gencat.cat\/ca\/projectes\/llengua-oral\/tenim-la-paraula\/concurs-jo-tinc-la-paraula\/\">Concurs Jo tinc la paraula.\u00a0<\/a><\/p>\n<p dir=\"ltr\">La inscripci\u00f3 i el lliurament de v\u00eddeos \u00e9s fins el proper \u00a0<strong>18 de febrer de 2022.<\/strong><\/p>\n<p dir=\"ltr\">Trobareu el full d\u2019inscripci\u00f3 a la p\u00e0gina <a href=\"http:\/\/xtec.gencat.cat\/ca\/projectes\/llengua-oral\/tenim-la-paraula\/concurs-jo-tinc-la-paraula\/\">web d\u2019xtec<\/a>, dins de l\u2019apartat \u201cLliurament de v\u00eddeos\u201d.<\/p>\n<p dir=\"ltr\">Per participar al concurs s\u2019ha de triar un dels cinc tutorials de la campanya publicit\u00e0ria Tenim la paraula, que es poden veure als <a href=\"https:\/\/www.youtube.com\/channel\/UCi54GZKZn3evP4dHenUgakQ\/playlists\" target=\"_blank\" rel=\"noopener\" data-saferedirecturl=\"https:\/\/www.google.com\/url?q=https:\/\/www.youtube.com\/channel\/UCi54GZKZn3evP4dHenUgakQ\/playlists&amp;source=gmail&amp;ust=1643810810667000&amp;usg=AOvVaw09CCvhM1DxeNAV6FICatV0\">canals de la plataforma YouTube<\/a> i d<a href=\"https:\/\/www.instagram.com\/jotinclaparaula\/\" target=\"_blank\" rel=\"noopener\" data-saferedirecturl=\"https:\/\/www.google.com\/url?q=https:\/\/www.instagram.com\/jotinclaparaula\/&amp;source=gmail&amp;ust=1643810810667000&amp;usg=AOvVaw0Eqodn14tjdTUcdzbezIxo\">\u2019Instagram<\/a> del Departament d\u2019Educaci\u00f3. S\u2019estableixen quatre categories (A, B, C i D), corresponents a nivells educatius diferents o a moments diferents pel que fa a l\u2019aprenentatge de la llengua.<\/p>\n<p dir=\"ltr\"><strong>L\u2019objectiu principal<\/strong> \u00e9s provocar la reflexi\u00f3 per part de l\u2019alumnat de secund\u00e0ria i batxillerat sobre els components que fan que la comunicaci\u00f3 oral sigui efica\u00e7. Amb l\u2019enregistrament d\u2019un v\u00eddeo, a la manera d\u2019un youtuber, podran expressar-se i comunicar les seves idees, opinions, dubtes, experi\u00e8ncies, etc.<\/p>\n<p dir=\"ltr\">Aquest concurs \u00e9s una de les actuacions previstes pel Departament d\u2019Educaci\u00f3 que, en el context\u00a0 del <a href=\"http:\/\/xtec.gencat.cat\/ca\/projectes\/llengua-oral\/tenim-la-paraula\/\" target=\"_blank\" rel=\"noopener\" data-saferedirecturl=\"https:\/\/www.google.com\/url?q=http:\/\/xtec.gencat.cat\/ca\/projectes\/llengua-oral\/tenim-la-paraula\/&amp;source=gmail&amp;ust=1643810810667000&amp;usg=AOvVaw3e6YWTiDHTrUeu34Tzze5N\">programa Tenim la paraula<\/a>, per impulsar l\u2019\u00fas i la millora de la comunicaci\u00f3 oral entre l\u2019alumnat de secund\u00e0ria i batxillerat tant a l\u2019aula com en altres contextos d\u2019interacci\u00f3.<\/p>\n","protected":false},"excerpt":{"rendered":"<p>BASES DEL CONCURS Segona edici\u00f3 del Concurs Jo tinc la paraula.\u00a0 La inscripci\u00f3 i el lliurament de v\u00eddeos \u00e9s fins [&hellip;]<\/p>\n","protected":false},"author":5,"featured_media":4080,"comment_status":"open","ping_status":"closed","sticky":false,"template":"","format":"standard","meta":{"site-sidebar-layout":"default","site-content-layout":"","ast-site-content-layout":"","site-content-style":"default","site-sidebar-style":"default","ast-global-header-display":"","ast-banner-title-visibility":"","ast-main-header-display":"","ast-hfb-above-header-display":"","ast-hfb-below-header-display":"","ast-hfb-mobile-header-display":"","site-post-title":"","ast-breadcrumbs-content":"","ast-featured-img":"","footer-sml-layout":"","theme-transparent-header-meta":"","adv-header-id-meta":"","stick-header-meta":"","header-above-stick-meta":"","header-main-stick-meta":"","header-below-stick-meta":"","astra-migrate-meta-layouts":"default","ast-page-background-enabled":"default","ast-page-background-meta":{"desktop":{"background-color":"var(--ast-global-color-4)","background-image":"","background-repeat":"repeat","background-position":"center center","background-size":"auto","background-attachment":"scroll","background-type":"","background-media":"","overlay-type":"","overlay-color":"","overlay-opacity":"","overlay-gradient":""},"tablet":{"background-color":"","background-image":"","background-repeat":"repeat","background-position":"center center","background-size":"auto","background-attachment":"scroll","background-type":"","background-media":"","overlay-type":"","overlay-color":"","overlay-opacity":"","overlay-gradient":""},"mobile":{"background-color":"","background-image":"","background-repeat":"repeat","background-position":"center center","background-size":"auto","background-attachment":"scroll","background-type":"","background-media":"","overlay-type":"","overlay-color":"","overlay-opacity":"","overlay-gradient":""}},"ast-content-background-meta":{"desktop":{"background-color":"var(--ast-global-color-5)","background-image":"","background-repeat":"repeat","background-position":"center center","background-size":"auto","background-attachment":"scroll","background-type":"","background-media":"","overlay-type":"","overlay-color":"","overlay-opacity":"","overlay-gradient":""},"tablet":{"background-color":"var(--ast-global-color-5)","background-image":"","background-repeat":"repeat","background-position":"center center","background-size":"auto","background-attachment":"scroll","background-type":"","background-media":"","overlay-type":"","overlay-color":"","overlay-opacity":"","overlay-gradient":""},"mobile":{"background-color":"var(--ast-global-color-5)","background-image":"","background-repeat":"repeat","background-position":"center center","background-size":"auto","background-attachment":"scroll","background-type":"","background-media":"","overlay-type":"","overlay-color":"","overlay-opacity":"","overlay-gradient":""}},"footnotes":""},"categories":[68,1,29,216],"tags":[284,336,264],"class_list":["post-4077","post","type-post","status-publish","format-standard","has-post-thumbnail","hentry","category-elic","category-general","category-portada","category-tenim-la-paraula","tag-lic","tag-oralitat","tag-tenim-la-paraula"],"post_mailing_queue_ids":[],"_links":{"self":[{"href":"https:\/\/serveiseducatius.xtec.cat\/pladelestany\/wp-json\/wp\/v2\/posts\/4077","targetHints":{"allow":["GET"]}}],"collection":[{"href":"https:\/\/serveiseducatius.xtec.cat\/pladelestany\/wp-json\/wp\/v2\/posts"}],"about":[{"href":"https:\/\/serveiseducatius.xtec.cat\/pladelestany\/wp-json\/wp\/v2\/types\/post"}],"author":[{"embeddable":true,"href":"https:\/\/serveiseducatius.xtec.cat\/pladelestany\/wp-json\/wp\/v2\/users\/5"}],"replies":[{"embeddable":true,"href":"https:\/\/serveiseducatius.xtec.cat\/pladelestany\/wp-json\/wp\/v2\/comments?post=4077"}],"version-history":[{"count":1,"href":"https:\/\/serveiseducatius.xtec.cat\/pladelestany\/wp-json\/wp\/v2\/posts\/4077\/revisions"}],"predecessor-version":[{"id":4081,"href":"https:\/\/serveiseducatius.xtec.cat\/pladelestany\/wp-json\/wp\/v2\/posts\/4077\/revisions\/4081"}],"wp:featuredmedia":[{"embeddable":true,"href":"https:\/\/serveiseducatius.xtec.cat\/pladelestany\/wp-json\/wp\/v2\/media\/4080"}],"wp:attachment":[{"href":"https:\/\/serveiseducatius.xtec.cat\/pladelestany\/wp-json\/wp\/v2\/media?parent=4077"}],"wp:term":[{"taxonomy":"category","embeddable":true,"href":"https:\/\/serveiseducatius.xtec.cat\/pladelestany\/wp-json\/wp\/v2\/categories?post=4077"},{"taxonomy":"post_tag","embeddable":true,"href":"https:\/\/serveiseducatius.xtec.cat\/pladelestany\/wp-json\/wp\/v2\/tags?post=4077"}],"curies":[{"name":"wp","href":"https:\/\/api.w.org\/{rel}","templated":true}]}}