{"id":3835,"date":"2021-09-01T08:00:45","date_gmt":"2021-09-01T06:00:45","guid":{"rendered":"https:\/\/serveiseducatius.xtec.cat\/pladelestany\/?p=3835"},"modified":"2021-08-31T21:42:13","modified_gmt":"2021-08-31T19:42:13","slug":"jornada-formativa-sobre-la-inclusio-dalumnat-amb-caracteristiques-especifiques-a-lescola-ordinaria","status":"publish","type":"post","link":"https:\/\/serveiseducatius.xtec.cat\/pladelestany\/portada\/jornada-formativa-sobre-la-inclusio-dalumnat-amb-caracteristiques-especifiques-a-lescola-ordinaria\/","title":{"rendered":"Jornada formativa sobre la inclusi\u00f3 d&#8217;alumnat amb caracter\u00edstiques espec\u00edfiques a l&#8217;escola ordin\u00e0ria"},"content":{"rendered":"<p><img loading=\"lazy\" decoding=\"async\" class=\"wp-image-3836 size-medium alignleft\" src=\"https:\/\/serveiseducatius.xtec.cat\/pladelestany\/wp-content\/uploads\/usu771\/2021\/08\/inclusio-300x206.jpg\" alt=\"\" width=\"300\" height=\"206\" srcset=\"https:\/\/serveiseducatius.xtec.cat\/pladelestany\/wp-content\/uploads\/usu771\/2021\/08\/inclusio-300x206.jpg 300w, https:\/\/serveiseducatius.xtec.cat\/pladelestany\/wp-content\/uploads\/usu771\/2021\/08\/inclusio.jpg 640w\" sizes=\"auto, (max-width: 300px) 100vw, 300px\" \/>La Coordinaci\u00f3 de Serveis Educatius i Formaci\u00f3 Permanent del\u00a0Servei Territorial d&#8217;Educaci\u00f3 a Girona organitza pel <b>divendres dia 3\u00a0de setembre de 2021,\u00a0<\/b>una\u00a0<b>jornada\u00a0formativa\u00a0<wbr \/>sobre la inclusi\u00f3 d&#8217;alumnat amb caracter\u00edstiques espec\u00edfiques a l&#8217;escola ordin\u00e0ria<\/b>. L&#8217;activitat \u00e9s un recurs al servei del repte que el nostre sistema educatiu t\u00e9 plantejat: l&#8217;escola per a tothom.\u00a0<u><\/u><u><\/u><\/p>\n<p>S&#8217;adre\u00e7a,\u00a0preferentment,\u00a0a tutors que rebran per primera vegada un alumne d&#8217;aquestes caracter\u00edstiques i a persones de l&#8217;equip directiu. Totes les sessions d&#8217;aquesta jornada es\u00a0faran per videoconfer\u00e8ncia.\u00a0\u00a0<u><\/u>Les places s\u00f3n limitades a l&#8217;aforament del MEET i s&#8217;adjudicaran, entre les persones que compleixin els requisits, per ordre de sol\u00b7licitud.<\/p>\n<p><b>El programa previst \u00a0compr\u00e8n:<\/b><u><\/u><u><\/u><\/p>\n<p><u><\/u><u><\/u><b>10h a 10:30h:\u00a0<\/b>Una sessi\u00f3 general titulada: &#8220;<b><i>Aules inclusives, com ens hi afrontem?<\/i><\/b>&#8221; a c\u00e0rrec de les Formadores d&#8217;educaci\u00f3 inclusiva (FEI)\u00a0 Sandra Lloveras i Ioia Isern.<\/p>\n<p><b>10:30h a 12:00h<\/b>: 4 sessions simult\u00e0nies d&#8217;acord amb l&#8217;especificat dels alumnes que impartiran els serveis educatius espec\u00edfics.<\/p>\n<ul>\n<li style=\"list-style-type: none;\">\n<ul>\n<li>Videoconfer\u00e8ncia 1:\u00a0<span style=\"font-family: Symbol;\">\u00a0<\/span>Auditiva (CREDA)\u00a0.<\/li>\n<li>Videoconfer\u00e8ncia<span style=\"font-family: Arial, sans-serif;\">\u00a02:\u00a0<\/span><span style=\"font-family: Symbol;\">\u00a0<\/span>Visual (CREDV)\u00a0.<\/li>\n<li>Videoconfer\u00e8ncia\u00a03: TEA &#8211; trastorns de l&#8217;espectre autista (CRETDIC)\u00a0.<\/li>\n<li>Videoconfer\u00e8ncia\u00a04: DRC &#8211;\u00a0Dificultats de regulaci\u00f3 de la conducta (CRETDIC)\u00a0.<\/li>\n<\/ul>\n<\/li>\n<\/ul>\n<p><b>\u00a0Per a poder participar heu de formalitzar la inscripci\u00f3<\/b>\u00a0a trav\u00e9s del\u00a0seg\u00fcent\u00a0formulari:\u00a0<u><\/u><\/p>\n<p><a id=\"m_3866015582215712455x_x_m_-928366483621167752m_8029646848624875806LPlnk\" href=\"https:\/\/eur03.safelinks.protection.outlook.com\/?url=https%3A%2F%2Fdocs.google.com%2Fforms%2Fd%2Fe%2F1FAIpQLSd-c7z50cdmzN-hLaVR5lC1TP1fUWWG-trvIRJJVNgjTrqwkA%2Fviewform&amp;data=04%7C01%7Csefp_gir.educacio%40gencat.cat%7C47af773cf47344610c7e08d96c6d06af%7C3b9427dcd30e43bc8c06ff7253676fec%7C1%7C0%7C637660037783500093%7CUnknown%7CTWFpbGZsb3d8eyJWIjoiMC4wLjAwMDAiLCJQIjoiV2luMzIiLCJBTiI6Ik1haWwiLCJXVCI6Mn0%3D%7C1000&amp;sdata=q6K41CF%2F3TRi%2B6MwyhvAnvNr1BkOItCEgWXdktdo6%2B4%3D&amp;reserved=0\" target=\"_blank\" rel=\"noopener\" data-saferedirecturl=\"https:\/\/www.google.com\/url?q=https:\/\/eur03.safelinks.protection.outlook.com\/?url%3Dhttps%253A%252F%252Fdocs.google.com%252Fforms%252Fd%252Fe%252F1FAIpQLSd-c7z50cdmzN-hLaVR5lC1TP1fUWWG-trvIRJJVNgjTrqwkA%252Fviewform%26data%3D04%257C01%257Csefp_gir.educacio%2540gencat.cat%257C47af773cf47344610c7e08d96c6d06af%257C3b9427dcd30e43bc8c06ff7253676fec%257C1%257C0%257C637660037783500093%257CUnknown%257CTWFpbGZsb3d8eyJWIjoiMC4wLjAwMDAiLCJQIjoiV2luMzIiLCJBTiI6Ik1haWwiLCJXVCI6Mn0%253D%257C1000%26sdata%3Dq6K41CF%252F3TRi%252B6MwyhvAnvNr1BkOItCEgWXdktdo6%252B4%253D%26reserved%3D0&amp;source=gmail&amp;ust=1630524228022000&amp;usg=AFQjCNFdGdLlkFkfawm5-dQc3pxjW8Fu-w\">https:\/\/docs.google.com\/forms\/<wbr \/>d\/e\/1FAIpQLSd-c7z50cdmzN-<wbr \/>hLaVR5lC1TP1fUWWG-<wbr \/>trvIRJJVNgjTrqwkA\/viewform<\/a><\/p>\n<p><span style=\"font-family: Arial, sans-serif;\">Cal que us inscriviu a una de les 4 videoconfer\u00e8ncies. Tothom que estigui inscrit a una de les quatre, podr\u00e0 accedir tamb\u00e9 a la sessi\u00f3 general.<\/span><\/p>\n<p><b>La inscripci\u00f3 estar\u00e0 oberta fins el dijous 2 de setembre a les 12h.<\/b><\/p>\n<p>Les persones inscrites rebran un correu electr\u00f2nic de confirmaci\u00f3 de pla\u00e7a aix\u00ed com l&#8217;enlla\u00e7 per poder accedir a les pon\u00e8ncies.<\/p>\n","protected":false},"excerpt":{"rendered":"<p>Inscripcions fins el 2 de setembre.<\/p>\n","protected":false},"author":5,"featured_media":3836,"comment_status":"open","ping_status":"closed","sticky":false,"template":"","format":"standard","meta":{"site-sidebar-layout":"default","site-content-layout":"","ast-site-content-layout":"","site-content-style":"default","site-sidebar-style":"default","ast-global-header-display":"","ast-banner-title-visibility":"","ast-main-header-display":"","ast-hfb-above-header-display":"","ast-hfb-below-header-display":"","ast-hfb-mobile-header-display":"","site-post-title":"","ast-breadcrumbs-content":"","ast-featured-img":"","footer-sml-layout":"","theme-transparent-header-meta":"","adv-header-id-meta":"","stick-header-meta":"","header-above-stick-meta":"","header-main-stick-meta":"","header-below-stick-meta":"","astra-migrate-meta-layouts":"default","ast-page-background-enabled":"default","ast-page-background-meta":{"desktop":{"background-color":"var(--ast-global-color-4)","background-image":"","background-repeat":"repeat","background-position":"center center","background-size":"auto","background-attachment":"scroll","background-type":"","background-media":"","overlay-type":"","overlay-color":"","overlay-opacity":"","overlay-gradient":""},"tablet":{"background-color":"","background-image":"","background-repeat":"repeat","background-position":"center center","background-size":"auto","background-attachment":"scroll","background-type":"","background-media":"","overlay-type":"","overlay-color":"","overlay-opacity":"","overlay-gradient":""},"mobile":{"background-color":"","background-image":"","background-repeat":"repeat","background-position":"center center","background-size":"auto","background-attachment":"scroll","background-type":"","background-media":"","overlay-type":"","overlay-color":"","overlay-opacity":"","overlay-gradient":""}},"ast-content-background-meta":{"desktop":{"background-color":"var(--ast-global-color-5)","background-image":"","background-repeat":"repeat","background-position":"center center","background-size":"auto","background-attachment":"scroll","background-type":"","background-media":"","overlay-type":"","overlay-color":"","overlay-opacity":"","overlay-gradient":""},"tablet":{"background-color":"var(--ast-global-color-5)","background-image":"","background-repeat":"repeat","background-position":"center center","background-size":"auto","background-attachment":"scroll","background-type":"","background-media":"","overlay-type":"","overlay-color":"","overlay-opacity":"","overlay-gradient":""},"mobile":{"background-color":"var(--ast-global-color-5)","background-image":"","background-repeat":"repeat","background-position":"center center","background-size":"auto","background-attachment":"scroll","background-type":"","background-media":"","overlay-type":"","overlay-color":"","overlay-opacity":"","overlay-gradient":""}},"footnotes":""},"categories":[29],"tags":[],"class_list":["post-3835","post","type-post","status-publish","format-standard","has-post-thumbnail","hentry","category-portada"],"post_mailing_queue_ids":[],"_links":{"self":[{"href":"https:\/\/serveiseducatius.xtec.cat\/pladelestany\/wp-json\/wp\/v2\/posts\/3835","targetHints":{"allow":["GET"]}}],"collection":[{"href":"https:\/\/serveiseducatius.xtec.cat\/pladelestany\/wp-json\/wp\/v2\/posts"}],"about":[{"href":"https:\/\/serveiseducatius.xtec.cat\/pladelestany\/wp-json\/wp\/v2\/types\/post"}],"author":[{"embeddable":true,"href":"https:\/\/serveiseducatius.xtec.cat\/pladelestany\/wp-json\/wp\/v2\/users\/5"}],"replies":[{"embeddable":true,"href":"https:\/\/serveiseducatius.xtec.cat\/pladelestany\/wp-json\/wp\/v2\/comments?post=3835"}],"version-history":[{"count":1,"href":"https:\/\/serveiseducatius.xtec.cat\/pladelestany\/wp-json\/wp\/v2\/posts\/3835\/revisions"}],"predecessor-version":[{"id":3837,"href":"https:\/\/serveiseducatius.xtec.cat\/pladelestany\/wp-json\/wp\/v2\/posts\/3835\/revisions\/3837"}],"wp:featuredmedia":[{"embeddable":true,"href":"https:\/\/serveiseducatius.xtec.cat\/pladelestany\/wp-json\/wp\/v2\/media\/3836"}],"wp:attachment":[{"href":"https:\/\/serveiseducatius.xtec.cat\/pladelestany\/wp-json\/wp\/v2\/media?parent=3835"}],"wp:term":[{"taxonomy":"category","embeddable":true,"href":"https:\/\/serveiseducatius.xtec.cat\/pladelestany\/wp-json\/wp\/v2\/categories?post=3835"},{"taxonomy":"post_tag","embeddable":true,"href":"https:\/\/serveiseducatius.xtec.cat\/pladelestany\/wp-json\/wp\/v2\/tags?post=3835"}],"curies":[{"name":"wp","href":"https:\/\/api.w.org\/{rel}","templated":true}]}}