{"id":3246,"date":"2021-01-25T09:36:45","date_gmt":"2021-01-25T08:36:45","guid":{"rendered":"http:\/\/serveiseducatius.xtec.cat\/pladelestany\/?p=3246"},"modified":"2021-01-25T12:52:34","modified_gmt":"2021-01-25T11:52:34","slug":"jornada-radio-escola-i-comunitat-per-una-educacio-participativa-critica-i-creativa","status":"publish","type":"post","link":"https:\/\/serveiseducatius.xtec.cat\/pladelestany\/general\/jornada-radio-escola-i-comunitat-per-una-educacio-participativa-critica-i-creativa\/","title":{"rendered":"Jornada R\u00e0dio, escola i comunitat. Per una educaci\u00f3 participativa, cr\u00edtica i creativa"},"content":{"rendered":"<p><strong><em><img loading=\"lazy\" decoding=\"async\" class=\"alignright wp-image-3247 size-medium\" src=\"https:\/\/serveiseducatius.xtec.cat\/pladelestany\/wp-content\/uploads\/usu771\/2021\/01\/toppng.com-etude-de-cadrage-de-votre-projet-microphone-927x1095-254x300.png\" alt=\"\" width=\"254\" height=\"300\" srcset=\"https:\/\/serveiseducatius.xtec.cat\/pladelestany\/wp-content\/uploads\/usu771\/2021\/01\/toppng.com-etude-de-cadrage-de-votre-projet-microphone-927x1095-254x300.png 254w, https:\/\/serveiseducatius.xtec.cat\/pladelestany\/wp-content\/uploads\/usu771\/2021\/01\/toppng.com-etude-de-cadrage-de-votre-projet-microphone-927x1095-768x907.png 768w, https:\/\/serveiseducatius.xtec.cat\/pladelestany\/wp-content\/uploads\/usu771\/2021\/01\/toppng.com-etude-de-cadrage-de-votre-projet-microphone-927x1095-867x1024.png 867w, https:\/\/serveiseducatius.xtec.cat\/pladelestany\/wp-content\/uploads\/usu771\/2021\/01\/toppng.com-etude-de-cadrage-de-votre-projet-microphone-927x1095.png 927w\" sizes=\"auto, (max-width: 254px) 100vw, 254px\" \/>Fer r\u00e0dio a l&#8217;escola? Uf, quina feinada! En qu\u00e8 m&#8217;ajudar\u00e0 com a docent? Qu\u00e8 en trauran de bo els meus alumnes?<\/em><em>\u00a0<\/em><\/strong><\/p>\n<p>Descobreix la r\u00e0dio com una eina pedag\u00f2gica que facilita l\u2019articulaci\u00f3 dels diferents espais curriculars amb la producci\u00f3 de continguts radiof\u00f2nics significatius per l&#8217;alumnat i per tota la comunitat educativa. Et permetr\u00e0 estimular les habilitats comunicatives orals i escrites, la creativitat i el pensament cr\u00edtic, el treball en equip i per projectes, el vincle amb les fam\u00edlies i amb l&#8217;entorn social, malgrat els temps de pand\u00e8mia. Una multitud d&#8217;opcions que pots adaptar a la teva realitat posant de bracet l&#8217;educaci\u00f3 i la r\u00e0dio.<\/p>\n<p>Si et pica la curiositat, aquesta \u00e9s la teva jornada. T&#8217;ajudar\u00e0 a emprendre el teu propi projecte i a potenciar la teva pr\u00e0ctica, en el cas que ja tinguis una experi\u00e8ncia pr\u00e8via.<\/p>\n<p>A m\u00e9s, si formes part d&#8217;una r\u00e0dio local, un ajuntament, una entitat, o simplement ets una persona amb ganes de saber m\u00e9s sobre el m\u00f3n de les emissores escolars, la jornada tamb\u00e9 est\u00e0 oberta a tu. Hi ha pon\u00e8ncies, per exemple, sobre com articular projectes educatius en qu\u00e8 intervinguin diferents actors: emissores escolars i locals, ajuntaments, entitats, etc.<\/p>\n<p><a href=\"https:\/\/aplicacions.gestioeducativa.gencat.cat\/pls\/soloas\/pk_for_mod_ins.p_for_pre_cons_activitats?p_any=2020-2021&amp;p_codi=9001420555\" target=\"_blank\" rel=\"noopener noreferrer\">Apunta&#8217;t<\/a> fins al 22 de febrer a la jornada, i connecta-t\u2019hi el 24 de febrer!<\/p>\n<p><a href=\"https:\/\/serveiseducatius.xtec.cat\/pladelestany\/wp-content\/uploads\/usu771\/2021\/01\/Jornada-virtual-Radio-i-escola.pdf\" target=\"_blank\" rel=\"noopener noreferrer\">Consulta la informaci\u00f3 de la jornada<\/a><\/p>\n<p>&nbsp;<\/p>\n","protected":false},"excerpt":{"rendered":"<p>La Jornada virtual <B>\u00abR\u00e0dio, Escola i Comunitat. Per una educaci\u00f3 participativa, cr\u00edtica i creativa\u00bb<\/B>, que tindr\u00e0 lloc el proper 24 de febrer al mat\u00ed, ens servir\u00e0 per con\u00e8ixer i intercanviar les experi\u00e8ncies i coneixements que neixen de les emissores escolars. La veu d&#8217;infants i joves, docents, entitats i institucions que fan possible la r\u00e0dio escolar s\u00f3n les que teixeixen una jornada que fa temps que estem filant i que ens fa molta il\u00b7lusi\u00f3 convidar-vos!<\/p>\n","protected":false},"author":5,"featured_media":3247,"comment_status":"open","ping_status":"closed","sticky":false,"template":"","format":"standard","meta":{"site-sidebar-layout":"default","site-content-layout":"","ast-site-content-layout":"","site-content-style":"default","site-sidebar-style":"default","ast-global-header-display":"","ast-banner-title-visibility":"","ast-main-header-display":"","ast-hfb-above-header-display":"","ast-hfb-below-header-display":"","ast-hfb-mobile-header-display":"","site-post-title":"","ast-breadcrumbs-content":"","ast-featured-img":"","footer-sml-layout":"","theme-transparent-header-meta":"","adv-header-id-meta":"","stick-header-meta":"","header-above-stick-meta":"","header-main-stick-meta":"","header-below-stick-meta":"","astra-migrate-meta-layouts":"default","ast-page-background-enabled":"default","ast-page-background-meta":{"desktop":{"background-color":"var(--ast-global-color-4)","background-image":"","background-repeat":"repeat","background-position":"center center","background-size":"auto","background-attachment":"scroll","background-type":"","background-media":"","overlay-type":"","overlay-color":"","overlay-opacity":"","overlay-gradient":""},"tablet":{"background-color":"","background-image":"","background-repeat":"repeat","background-position":"center center","background-size":"auto","background-attachment":"scroll","background-type":"","background-media":"","overlay-type":"","overlay-color":"","overlay-opacity":"","overlay-gradient":""},"mobile":{"background-color":"","background-image":"","background-repeat":"repeat","background-position":"center center","background-size":"auto","background-attachment":"scroll","background-type":"","background-media":"","overlay-type":"","overlay-color":"","overlay-opacity":"","overlay-gradient":""}},"ast-content-background-meta":{"desktop":{"background-color":"var(--ast-global-color-5)","background-image":"","background-repeat":"repeat","background-position":"center center","background-size":"auto","background-attachment":"scroll","background-type":"","background-media":"","overlay-type":"","overlay-color":"","overlay-opacity":"","overlay-gradient":""},"tablet":{"background-color":"var(--ast-global-color-5)","background-image":"","background-repeat":"repeat","background-position":"center center","background-size":"auto","background-attachment":"scroll","background-type":"","background-media":"","overlay-type":"","overlay-color":"","overlay-opacity":"","overlay-gradient":""},"mobile":{"background-color":"var(--ast-global-color-5)","background-image":"","background-repeat":"repeat","background-position":"center center","background-size":"auto","background-attachment":"scroll","background-type":"","background-media":"","overlay-type":"","overlay-color":"","overlay-opacity":"","overlay-gradient":""}},"footnotes":""},"categories":[1,29],"tags":[267],"class_list":["post-3246","post","type-post","status-publish","format-standard","has-post-thumbnail","hentry","category-general","category-portada","tag-radio-escolar"],"post_mailing_queue_ids":[],"_links":{"self":[{"href":"https:\/\/serveiseducatius.xtec.cat\/pladelestany\/wp-json\/wp\/v2\/posts\/3246","targetHints":{"allow":["GET"]}}],"collection":[{"href":"https:\/\/serveiseducatius.xtec.cat\/pladelestany\/wp-json\/wp\/v2\/posts"}],"about":[{"href":"https:\/\/serveiseducatius.xtec.cat\/pladelestany\/wp-json\/wp\/v2\/types\/post"}],"author":[{"embeddable":true,"href":"https:\/\/serveiseducatius.xtec.cat\/pladelestany\/wp-json\/wp\/v2\/users\/5"}],"replies":[{"embeddable":true,"href":"https:\/\/serveiseducatius.xtec.cat\/pladelestany\/wp-json\/wp\/v2\/comments?post=3246"}],"version-history":[{"count":3,"href":"https:\/\/serveiseducatius.xtec.cat\/pladelestany\/wp-json\/wp\/v2\/posts\/3246\/revisions"}],"predecessor-version":[{"id":3252,"href":"https:\/\/serveiseducatius.xtec.cat\/pladelestany\/wp-json\/wp\/v2\/posts\/3246\/revisions\/3252"}],"wp:featuredmedia":[{"embeddable":true,"href":"https:\/\/serveiseducatius.xtec.cat\/pladelestany\/wp-json\/wp\/v2\/media\/3247"}],"wp:attachment":[{"href":"https:\/\/serveiseducatius.xtec.cat\/pladelestany\/wp-json\/wp\/v2\/media?parent=3246"}],"wp:term":[{"taxonomy":"category","embeddable":true,"href":"https:\/\/serveiseducatius.xtec.cat\/pladelestany\/wp-json\/wp\/v2\/categories?post=3246"},{"taxonomy":"post_tag","embeddable":true,"href":"https:\/\/serveiseducatius.xtec.cat\/pladelestany\/wp-json\/wp\/v2\/tags?post=3246"}],"curies":[{"name":"wp","href":"https:\/\/api.w.org\/{rel}","templated":true}]}}