{"id":3180,"date":"2020-11-16T17:23:13","date_gmt":"2020-11-16T16:23:13","guid":{"rendered":"http:\/\/serveiseducatius.xtec.cat\/pladelestany\/?p=3180"},"modified":"2021-01-13T11:32:01","modified_gmt":"2021-01-13T10:32:01","slug":"convocatoria-per-al-reconeixement-de-projectes-dinnovacio-pedagogica","status":"publish","type":"post","link":"https:\/\/serveiseducatius.xtec.cat\/pladelestany\/general\/convocatoria-per-al-reconeixement-de-projectes-dinnovacio-pedagogica\/","title":{"rendered":"Convocat\u00f2ria per al reconeixement de projectes d\u2019innovaci\u00f3 pedag\u00f2gica"},"content":{"rendered":"<p><img loading=\"lazy\" decoding=\"async\" class=\"alignright\" src=\"https:\/\/serveiseducatius.xtec.cat\/montsia\/wp-content\/uploads\/usu1125\/2019\/06\/programes-innovacio2-1024x700.png\" alt=\"\" width=\"244\" height=\"167\" \/>El <strong>Departament d\u2019Educaci\u00f3<\/strong> ha obert la convocat\u00f2ria p\u00fablica de <strong>reconeixement de projectes d\u2019innovaci\u00f3 pedag\u00f2gica consolidats en els centres educatius<\/strong>. El reconeixement de projectes d\u2019innovaci\u00f3 pedag\u00f2gica est\u00e0 impulsat i gestionat per la Direcci\u00f3 General d\u2019Innovaci\u00f3, Recerca i Cultura Digital. Poden participar en la convocat\u00f2ria els centres educatius destinataris d\u2019aquesta Resoluci\u00f3 que presentin, en el termini establert, la sol\u00b7licitud de participaci\u00f3 i la mem\u00f2ria d\u2019un projecte d\u2019innovaci\u00f3 pedag\u00f2gica que estigui emmarcat en algun dels tres seg\u00fcents eixos:<\/p>\n<ul>\n<li><strong>Eix 1: Organitzaci\u00f3 i Gesti\u00f3 de centre<\/strong><\/li>\n<li><strong>Eix 2: Metodologies innovadores<\/strong><\/li>\n<li><strong>Eix 3: Xarxa i Ecosistema de la Innovaci\u00f3<\/strong><\/li>\n<\/ul>\n<p>Tamb\u00e9 cal que el projecte no hagi estat certificat per cap programa d\u2019innovaci\u00f3 amb anterioritat, que el projecte estigui consolidat com a cultura de centre i explicitat en el Projecte Educatiu de Centre i haver desenvolupat el projecte segons les fases de la innovaci\u00f3 pedag\u00f2gica (disseny, implementaci\u00f3 i consolidaci\u00f3) en un m\u00ednim de 3 cursos en els \u00faltims 5 cursos acad\u00e8mics.<\/p>\n<p>El termini de presentaci\u00f3 \u00e9s fins el 29 de gener. Per a m\u00e9s informaci\u00f3, podeu consultar la <a href=\"https:\/\/dogc.gencat.cat\/ca\/pdogc_canals_interns\/pdogc_resultats_fitxa\/?action=fitxa&amp;documentId=886517&amp;language=ca_ES\" target=\"_blank\" rel=\"noopener noreferrer\">resoluci\u00f3 oficial<\/a>.<\/p>\n","protected":false},"excerpt":{"rendered":"<p>Fins el 29 de gener podeu participar a la convocat\u00f2ria.<\/p>\n","protected":false},"author":5,"featured_media":2832,"comment_status":"open","ping_status":"closed","sticky":false,"template":"","format":"standard","meta":{"site-sidebar-layout":"default","site-content-layout":"","ast-site-content-layout":"","site-content-style":"default","site-sidebar-style":"default","ast-global-header-display":"","ast-banner-title-visibility":"","ast-main-header-display":"","ast-hfb-above-header-display":"","ast-hfb-below-header-display":"","ast-hfb-mobile-header-display":"","site-post-title":"","ast-breadcrumbs-content":"","ast-featured-img":"","footer-sml-layout":"","theme-transparent-header-meta":"","adv-header-id-meta":"","stick-header-meta":"","header-above-stick-meta":"","header-main-stick-meta":"","header-below-stick-meta":"","astra-migrate-meta-layouts":"default","ast-page-background-enabled":"default","ast-page-background-meta":{"desktop":{"background-color":"var(--ast-global-color-4)","background-image":"","background-repeat":"repeat","background-position":"center center","background-size":"auto","background-attachment":"scroll","background-type":"","background-media":"","overlay-type":"","overlay-color":"","overlay-opacity":"","overlay-gradient":""},"tablet":{"background-color":"","background-image":"","background-repeat":"repeat","background-position":"center center","background-size":"auto","background-attachment":"scroll","background-type":"","background-media":"","overlay-type":"","overlay-color":"","overlay-opacity":"","overlay-gradient":""},"mobile":{"background-color":"","background-image":"","background-repeat":"repeat","background-position":"center center","background-size":"auto","background-attachment":"scroll","background-type":"","background-media":"","overlay-type":"","overlay-color":"","overlay-opacity":"","overlay-gradient":""}},"ast-content-background-meta":{"desktop":{"background-color":"var(--ast-global-color-5)","background-image":"","background-repeat":"repeat","background-position":"center center","background-size":"auto","background-attachment":"scroll","background-type":"","background-media":"","overlay-type":"","overlay-color":"","overlay-opacity":"","overlay-gradient":""},"tablet":{"background-color":"var(--ast-global-color-5)","background-image":"","background-repeat":"repeat","background-position":"center center","background-size":"auto","background-attachment":"scroll","background-type":"","background-media":"","overlay-type":"","overlay-color":"","overlay-opacity":"","overlay-gradient":""},"mobile":{"background-color":"var(--ast-global-color-5)","background-image":"","background-repeat":"repeat","background-position":"center center","background-size":"auto","background-attachment":"scroll","background-type":"","background-media":"","overlay-type":"","overlay-color":"","overlay-opacity":"","overlay-gradient":""}},"footnotes":""},"categories":[1,29],"tags":[],"class_list":["post-3180","post","type-post","status-publish","format-standard","has-post-thumbnail","hentry","category-general","category-portada"],"post_mailing_queue_ids":[],"_links":{"self":[{"href":"https:\/\/serveiseducatius.xtec.cat\/pladelestany\/wp-json\/wp\/v2\/posts\/3180","targetHints":{"allow":["GET"]}}],"collection":[{"href":"https:\/\/serveiseducatius.xtec.cat\/pladelestany\/wp-json\/wp\/v2\/posts"}],"about":[{"href":"https:\/\/serveiseducatius.xtec.cat\/pladelestany\/wp-json\/wp\/v2\/types\/post"}],"author":[{"embeddable":true,"href":"https:\/\/serveiseducatius.xtec.cat\/pladelestany\/wp-json\/wp\/v2\/users\/5"}],"replies":[{"embeddable":true,"href":"https:\/\/serveiseducatius.xtec.cat\/pladelestany\/wp-json\/wp\/v2\/comments?post=3180"}],"version-history":[{"count":3,"href":"https:\/\/serveiseducatius.xtec.cat\/pladelestany\/wp-json\/wp\/v2\/posts\/3180\/revisions"}],"predecessor-version":[{"id":3197,"href":"https:\/\/serveiseducatius.xtec.cat\/pladelestany\/wp-json\/wp\/v2\/posts\/3180\/revisions\/3197"}],"wp:featuredmedia":[{"embeddable":true,"href":"https:\/\/serveiseducatius.xtec.cat\/pladelestany\/wp-json\/wp\/v2\/media\/2832"}],"wp:attachment":[{"href":"https:\/\/serveiseducatius.xtec.cat\/pladelestany\/wp-json\/wp\/v2\/media?parent=3180"}],"wp:term":[{"taxonomy":"category","embeddable":true,"href":"https:\/\/serveiseducatius.xtec.cat\/pladelestany\/wp-json\/wp\/v2\/categories?post=3180"},{"taxonomy":"post_tag","embeddable":true,"href":"https:\/\/serveiseducatius.xtec.cat\/pladelestany\/wp-json\/wp\/v2\/tags?post=3180"}],"curies":[{"name":"wp","href":"https:\/\/api.w.org\/{rel}","templated":true}]}}