{"id":3136,"date":"2020-11-02T15:27:45","date_gmt":"2020-11-02T14:27:45","guid":{"rendered":"http:\/\/serveiseducatius.xtec.cat\/pladelestany\/?p=3136"},"modified":"2020-11-02T17:19:51","modified_gmt":"2020-11-02T16:19:51","slug":"concurs-jo-tinc-la-paraula","status":"publish","type":"post","link":"https:\/\/serveiseducatius.xtec.cat\/pladelestany\/general\/concurs-jo-tinc-la-paraula\/","title":{"rendered":"CONCURS ! Jo tinc la paraula"},"content":{"rendered":"<div class=\"row\" style=\"margin-bottom: 1em !important;\">\n<div class=\"small-12 large-6 columns\"><img loading=\"lazy\" decoding=\"async\" class=\"alignnone wp-image-3137\" style=\"font-family: inherit; font-size: 0.875em;\" src=\"https:\/\/serveiseducatius.xtec.cat\/pladelestany\/wp-content\/uploads\/usu771\/2020\/11\/ANAGRAMA-TENIM-LA-PARAULA.png\" alt=\"\" width=\"243\" height=\"243\" \/><\/div>\n<div class=\"small-12 large-6 columns\">\n<p style=\"text-align: center;\"><a href=\"http:\/\/xtec.gencat.cat\/ca\/projectes\/llengua-oral\/tenim-la-paraula\/concurs-jo-tinc-la-paraula\/\"><span style=\"color: #000000;\"><strong>CONCURS DEL PROGRAMA DE COMUNICACI\u00d3 ORAL: TENIM LA PARAULA\u00a0<\/strong><\/span><\/a><\/p>\n<p><span style=\"color: #000000;\">En el context del programa Tenim la paraula, que el Departament d\u2019Educaci\u00f3 impulsa des del curs 2019-2020, s\u2019han previst un seguit d\u2019actuacions que interpel\u00b7lin directament l\u2019alumnat de secund\u00e0ria i batxillerat en l\u2019\u00fas i la millora de la comunicaci\u00f3 oral tant a l\u2019aula com en altres contextos d\u2019interacci\u00f3.<\/span><br \/>\n<span style=\"color: #000000;\">OBJECTIU: provocar la reflexi\u00f3 per part de l\u2019alumnat de secund\u00e0ria i batxillerat sobre els components que fan que la comunicaci\u00f3 oral sigui efica\u00e7. Amb un enregistrament de v\u00eddeo, a la manera d\u2019un youtuber, podran expressar-se i comunicar les seves idees, opinions, dubtes, experi\u00e8ncies, etc.<\/span><\/p>\n<\/div>\n<\/div>\n<div class=\"row\" style=\"margin-bottom: 1em !important;\">\n<div class=\"small-12 large-6 columns\">\n<h2 style=\"text-align: center;\"><a href=\"http:\/\/xtec.gencat.cat\/web\/.content\/projectes\/llengua-oral\/tenim-la-paraula\/concurs-jo-tinc-la-paraula\/Bases-del-concurs-JO-TINC-LA-PARAULA.pdf\">BASES DEL CONCURS\u00a0<\/a><\/h2>\n<\/div>\n<div class=\"small-12 large-6 columns\"><span style=\"color: #000000;\">CANAL D&#8217;INSTAGRAM: @jotinclaparaula\u00a0 Hashtag: #JOTINCLAPARAULA<\/span><br \/>\n<img loading=\"lazy\" decoding=\"async\" class=\"wp-image-3143 aligncenter\" src=\"https:\/\/serveiseducatius.xtec.cat\/pladelestany\/wp-content\/uploads\/usu771\/2020\/11\/instagram-@jotinclaparaula-300x96.png\" alt=\"\" width=\"401\" height=\"129\" srcset=\"https:\/\/serveiseducatius.xtec.cat\/pladelestany\/wp-content\/uploads\/usu771\/2020\/11\/instagram-@jotinclaparaula-300x96.png 300w, https:\/\/serveiseducatius.xtec.cat\/pladelestany\/wp-content\/uploads\/usu771\/2020\/11\/instagram-@jotinclaparaula.png 749w\" sizes=\"auto, (max-width: 401px) 100vw, 401px\" \/><\/div>\n<\/div>\n<h4>RECOMANEM LA VISUALITZACI\u00d3 D&#8217;AQUESTS V\u00cdDEOS TUTORIALS:<\/h4>\n<p><img loading=\"lazy\" decoding=\"async\" class=\" wp-image-3148 alignright\" src=\"https:\/\/serveiseducatius.xtec.cat\/pladelestany\/wp-content\/uploads\/usu771\/2020\/11\/ANIMEU-VOS--e1604333033971-300x213.png\" alt=\"\" width=\"278\" height=\"198\" srcset=\"https:\/\/serveiseducatius.xtec.cat\/pladelestany\/wp-content\/uploads\/usu771\/2020\/11\/ANIMEU-VOS--e1604333033971-300x213.png 300w, https:\/\/serveiseducatius.xtec.cat\/pladelestany\/wp-content\/uploads\/usu771\/2020\/11\/ANIMEU-VOS--e1604333033971.png 536w\" sizes=\"auto, (max-width: 278px) 100vw, 278px\" \/><\/p>\n<p style=\"padding-left: 80px;\"><a href=\"https:\/\/www.youtube.com\/watch?v=E9uTDTDQP4c&amp;ab_channel=DepartamentEducaci%C3%B3\">1. La por de parlar en p\u00fablic<\/a><br \/>\n<a href=\"https:\/\/www.youtube.com\/watch?v=Q0K7hvHE25A&amp;ab_channel=DepartamentEducaci%C3%B3\">2. El llenguatge no verbal<\/a><br \/>\n<a href=\"https:\/\/www.youtube.com\/watch?v=_VF2maBJYLw&amp;ab_channel=DepartamentEducaci%C3%B3\">3. Tenir flu\u00efdesa oral<\/a><br \/>\n<a href=\"https:\/\/www.youtube.com\/watch?v=1aMm5oRq2pI&amp;ab_channel=DepartamentEducaci%C3%B3\">4. El di\u00e0leg<\/a><br \/>\n<a href=\"https:\/\/www.youtube.com\/watch?v=Jv90Ag7XwHk&amp;ab_channel=DepartamentEducaci%C3%B3\">5. Adaptar-se al context<\/a><br \/>\n<a href=\"https:\/\/www.youtube.com\/watch?v=FVppSlfx5To&amp;ab_channel=DepartamentEducaci%C3%B3\">6. Com es fa un v\u00eddeo<\/a><\/p>\n<p>&nbsp;<\/p>\n<p>El per\u00edode de lliurament dels v\u00eddeos <strong>\u00e9s\u00a0del 27 d\u2019octubre de 2020 al 16 de febrer de 2021.<\/strong><\/p>\n<h5>I quin \u00e9s el premi?<\/h5>\n<p>Per a cada categoria s\u2019establir\u00e0 un primer premi i dos finalistes.<\/p>\n<p><strong>El premi<\/strong>\u00a0consistir\u00e0 en un curs per a youtubers de creaci\u00f3 i edici\u00f3 de contingut, i un diploma acreditatiu.<\/p>\n<p>Els v\u00eddeos premiats tamb\u00e9 es penjaran al web del Departament d\u2019Educaci\u00f3 del programa\u00a0<a href=\"http:\/\/xtec.gencat.cat\/ca\/projectes\/llengua-oral\/tenim-la-paraula\/\">Tenim la paraula<\/a>.<\/p>\n<h4>ANIMEU-VOS A PARTICIPAR !<\/h4>\n","protected":false},"excerpt":{"rendered":"<p>CONCURS DEL PROGRAMA DE COMUNICACI\u00d3 ORAL: TENIM LA PARAULA\u00a0 En el context del programa Tenim la paraula, que el Departament [&hellip;]<\/p>\n","protected":false},"author":5,"featured_media":3137,"comment_status":"open","ping_status":"closed","sticky":false,"template":"","format":"standard","meta":{"site-sidebar-layout":"default","site-content-layout":"","ast-site-content-layout":"","site-content-style":"default","site-sidebar-style":"default","ast-global-header-display":"","ast-banner-title-visibility":"","ast-main-header-display":"","ast-hfb-above-header-display":"","ast-hfb-below-header-display":"","ast-hfb-mobile-header-display":"","site-post-title":"","ast-breadcrumbs-content":"","ast-featured-img":"","footer-sml-layout":"","theme-transparent-header-meta":"","adv-header-id-meta":"","stick-header-meta":"","header-above-stick-meta":"","header-main-stick-meta":"","header-below-stick-meta":"","astra-migrate-meta-layouts":"default","ast-page-background-enabled":"default","ast-page-background-meta":{"desktop":{"background-color":"var(--ast-global-color-4)","background-image":"","background-repeat":"repeat","background-position":"center center","background-size":"auto","background-attachment":"scroll","background-type":"","background-media":"","overlay-type":"","overlay-color":"","overlay-opacity":"","overlay-gradient":""},"tablet":{"background-color":"","background-image":"","background-repeat":"repeat","background-position":"center center","background-size":"auto","background-attachment":"scroll","background-type":"","background-media":"","overlay-type":"","overlay-color":"","overlay-opacity":"","overlay-gradient":""},"mobile":{"background-color":"","background-image":"","background-repeat":"repeat","background-position":"center center","background-size":"auto","background-attachment":"scroll","background-type":"","background-media":"","overlay-type":"","overlay-color":"","overlay-opacity":"","overlay-gradient":""}},"ast-content-background-meta":{"desktop":{"background-color":"var(--ast-global-color-5)","background-image":"","background-repeat":"repeat","background-position":"center center","background-size":"auto","background-attachment":"scroll","background-type":"","background-media":"","overlay-type":"","overlay-color":"","overlay-opacity":"","overlay-gradient":""},"tablet":{"background-color":"var(--ast-global-color-5)","background-image":"","background-repeat":"repeat","background-position":"center center","background-size":"auto","background-attachment":"scroll","background-type":"","background-media":"","overlay-type":"","overlay-color":"","overlay-opacity":"","overlay-gradient":""},"mobile":{"background-color":"var(--ast-global-color-5)","background-image":"","background-repeat":"repeat","background-position":"center center","background-size":"auto","background-attachment":"scroll","background-type":"","background-media":"","overlay-type":"","overlay-color":"","overlay-opacity":"","overlay-gradient":""}},"footnotes":""},"categories":[1,29,216],"tags":[218,265,264],"class_list":["post-3136","post","type-post","status-publish","format-standard","has-post-thumbnail","hentry","category-general","category-portada","category-tenim-la-paraula","tag-comunicacio-oral","tag-concurs","tag-tenim-la-paraula"],"post_mailing_queue_ids":[],"_links":{"self":[{"href":"https:\/\/serveiseducatius.xtec.cat\/pladelestany\/wp-json\/wp\/v2\/posts\/3136","targetHints":{"allow":["GET"]}}],"collection":[{"href":"https:\/\/serveiseducatius.xtec.cat\/pladelestany\/wp-json\/wp\/v2\/posts"}],"about":[{"href":"https:\/\/serveiseducatius.xtec.cat\/pladelestany\/wp-json\/wp\/v2\/types\/post"}],"author":[{"embeddable":true,"href":"https:\/\/serveiseducatius.xtec.cat\/pladelestany\/wp-json\/wp\/v2\/users\/5"}],"replies":[{"embeddable":true,"href":"https:\/\/serveiseducatius.xtec.cat\/pladelestany\/wp-json\/wp\/v2\/comments?post=3136"}],"version-history":[{"count":2,"href":"https:\/\/serveiseducatius.xtec.cat\/pladelestany\/wp-json\/wp\/v2\/posts\/3136\/revisions"}],"predecessor-version":[{"id":3160,"href":"https:\/\/serveiseducatius.xtec.cat\/pladelestany\/wp-json\/wp\/v2\/posts\/3136\/revisions\/3160"}],"wp:featuredmedia":[{"embeddable":true,"href":"https:\/\/serveiseducatius.xtec.cat\/pladelestany\/wp-json\/wp\/v2\/media\/3137"}],"wp:attachment":[{"href":"https:\/\/serveiseducatius.xtec.cat\/pladelestany\/wp-json\/wp\/v2\/media?parent=3136"}],"wp:term":[{"taxonomy":"category","embeddable":true,"href":"https:\/\/serveiseducatius.xtec.cat\/pladelestany\/wp-json\/wp\/v2\/categories?post=3136"},{"taxonomy":"post_tag","embeddable":true,"href":"https:\/\/serveiseducatius.xtec.cat\/pladelestany\/wp-json\/wp\/v2\/tags?post=3136"}],"curies":[{"name":"wp","href":"https:\/\/api.w.org\/{rel}","templated":true}]}}