{"id":3121,"date":"2020-10-19T08:00:08","date_gmt":"2020-10-19T06:00:08","guid":{"rendered":"http:\/\/serveiseducatius.xtec.cat\/pladelestany\/?p=3121"},"modified":"2020-10-15T13:52:44","modified_gmt":"2020-10-15T11:52:44","slug":"congres-catala-deducacio-matematica","status":"publish","type":"post","link":"https:\/\/serveiseducatius.xtec.cat\/pladelestany\/general\/congres-catala-deducacio-matematica\/","title":{"rendered":"Congr\u00e9s Catal\u00e0 d\u2019Educaci\u00f3 Matem\u00e0tica"},"content":{"rendered":"<p><img loading=\"lazy\" decoding=\"async\" class=\"size-medium wp-image-3123 aligncenter\" src=\"https:\/\/serveiseducatius.xtec.cat\/pladelestany\/wp-content\/uploads\/usu771\/2020\/10\/Bot\u00f3-CCME-1-257x300-257x300.png\" alt=\"\" width=\"257\" height=\"300\" \/><\/p>\n<p>Ja estan obertes les inscripcions al C<sup>2<\/sup>EM 2020, que es realitzar\u00e0 el\u00a0<strong>13, 14 i 15 de novembre a Reus-Tarragona\u00a0<\/strong>en format virtual.<strong>\u00a0<\/strong><\/p>\n<p><strong>El C<sup>2<\/sup>EM constar\u00e0 d\u2019aproximadament 100 comunicacions i activitats per a l\u2019aula.<\/strong><\/p>\n<p><strong>L\u2019estructura de les jornades ser\u00e0 al seg\u00fcent:<\/strong><\/p>\n<ul>\n<li>Divendres, 13 de novembre a les 17.30h. s\u2019inaugurar\u00e0 de manera semipresencial el C<sup>2<\/sup>EM\u00a0 al Palau de Congressos de Tarragona. Hi haur\u00e0 un aforament limitat per als assistents que optin per despla\u00e7ar-se a Tarragona.<\/li>\n<\/ul>\n<p>La sessi\u00f3 tamb\u00e9 s\u2019emetr\u00e0 en directe a trav\u00e9s de la web del congr\u00e9s.<\/p>\n<p>La confer\u00e8ncia inaugural anir\u00e0 a c\u00e0rrec del Doctor en Matem\u00e0tiques\u00a0<strong>Sr. Eduardo S\u00e1enz de Cabez\u00f3n<\/strong>, sota el\u00a0t\u00edtol:\u00a0\u201cGanar, ganar, ganar y volver a ganar\u201d<\/p>\n<ul>\n<li>El format de les Comunicacions, propostes d\u2019activitats per a l\u2019aula i presentacions 2020 seran virtuals. I tindran lloc durant el dissabte 14 i el mat\u00ed del diumenge 15.<\/li>\n<\/ul>\n<ul>\n<li>La cloenda del C<sup>2<\/sup>EM 2020 ser\u00e0 el diumenge, 15 de novembre, i s\u2019emetr\u00e0 en directe a trav\u00e9s de la web del congr\u00e9s.<\/li>\n<\/ul>\n<p>La confer\u00e8ncia de cloenda a c\u00e0rrec de la Doctora en Did\u00e0ctica de les Matem\u00e0tiques\u00a0<strong>Sra. Laura Morera\u00a0<\/strong>i del Professor de Matem\u00e0tiques\u00a0<strong>Sr. Jordi Font,<\/strong>\u00a0porta per t\u00edtol \u201cReus, tenim un problema\u2026 Doncs, portem-lo a classe!\u201d<\/p>\n<p><strong>Podeu seguir l&#8217;actualitat del congr\u00e9s a trav\u00e9s de la p\u00e0gina web <\/strong><a href=\"https:\/\/c2em.feemcat.org\/\"><strong>C<sup>2<\/sup>EM<\/strong><\/a><strong>\u00a02020<\/strong><\/p>\n","protected":false},"excerpt":{"rendered":"<p>Ja estan obertes les inscripcions al C2EM 2020, que es realitzar\u00e0 el\u00a013, 14 i 15 de novembre a Reus-Tarragona\u00a0en format [&hellip;]<\/p>\n","protected":false},"author":5,"featured_media":3122,"comment_status":"open","ping_status":"closed","sticky":false,"template":"","format":"standard","meta":{"site-sidebar-layout":"default","site-content-layout":"","ast-site-content-layout":"","site-content-style":"default","site-sidebar-style":"default","ast-global-header-display":"","ast-banner-title-visibility":"","ast-main-header-display":"","ast-hfb-above-header-display":"","ast-hfb-below-header-display":"","ast-hfb-mobile-header-display":"","site-post-title":"","ast-breadcrumbs-content":"","ast-featured-img":"","footer-sml-layout":"","theme-transparent-header-meta":"","adv-header-id-meta":"","stick-header-meta":"","header-above-stick-meta":"","header-main-stick-meta":"","header-below-stick-meta":"","astra-migrate-meta-layouts":"default","ast-page-background-enabled":"default","ast-page-background-meta":{"desktop":{"background-color":"var(--ast-global-color-4)","background-image":"","background-repeat":"repeat","background-position":"center center","background-size":"auto","background-attachment":"scroll","background-type":"","background-media":"","overlay-type":"","overlay-color":"","overlay-opacity":"","overlay-gradient":""},"tablet":{"background-color":"","background-image":"","background-repeat":"repeat","background-position":"center center","background-size":"auto","background-attachment":"scroll","background-type":"","background-media":"","overlay-type":"","overlay-color":"","overlay-opacity":"","overlay-gradient":""},"mobile":{"background-color":"","background-image":"","background-repeat":"repeat","background-position":"center center","background-size":"auto","background-attachment":"scroll","background-type":"","background-media":"","overlay-type":"","overlay-color":"","overlay-opacity":"","overlay-gradient":""}},"ast-content-background-meta":{"desktop":{"background-color":"var(--ast-global-color-5)","background-image":"","background-repeat":"repeat","background-position":"center center","background-size":"auto","background-attachment":"scroll","background-type":"","background-media":"","overlay-type":"","overlay-color":"","overlay-opacity":"","overlay-gradient":""},"tablet":{"background-color":"var(--ast-global-color-5)","background-image":"","background-repeat":"repeat","background-position":"center center","background-size":"auto","background-attachment":"scroll","background-type":"","background-media":"","overlay-type":"","overlay-color":"","overlay-opacity":"","overlay-gradient":""},"mobile":{"background-color":"var(--ast-global-color-5)","background-image":"","background-repeat":"repeat","background-position":"center center","background-size":"auto","background-attachment":"scroll","background-type":"","background-media":"","overlay-type":"","overlay-color":"","overlay-opacity":"","overlay-gradient":""}},"footnotes":""},"categories":[1,29],"tags":[],"class_list":["post-3121","post","type-post","status-publish","format-standard","has-post-thumbnail","hentry","category-general","category-portada"],"post_mailing_queue_ids":[],"_links":{"self":[{"href":"https:\/\/serveiseducatius.xtec.cat\/pladelestany\/wp-json\/wp\/v2\/posts\/3121","targetHints":{"allow":["GET"]}}],"collection":[{"href":"https:\/\/serveiseducatius.xtec.cat\/pladelestany\/wp-json\/wp\/v2\/posts"}],"about":[{"href":"https:\/\/serveiseducatius.xtec.cat\/pladelestany\/wp-json\/wp\/v2\/types\/post"}],"author":[{"embeddable":true,"href":"https:\/\/serveiseducatius.xtec.cat\/pladelestany\/wp-json\/wp\/v2\/users\/5"}],"replies":[{"embeddable":true,"href":"https:\/\/serveiseducatius.xtec.cat\/pladelestany\/wp-json\/wp\/v2\/comments?post=3121"}],"version-history":[{"count":2,"href":"https:\/\/serveiseducatius.xtec.cat\/pladelestany\/wp-json\/wp\/v2\/posts\/3121\/revisions"}],"predecessor-version":[{"id":3125,"href":"https:\/\/serveiseducatius.xtec.cat\/pladelestany\/wp-json\/wp\/v2\/posts\/3121\/revisions\/3125"}],"wp:featuredmedia":[{"embeddable":true,"href":"https:\/\/serveiseducatius.xtec.cat\/pladelestany\/wp-json\/wp\/v2\/media\/3122"}],"wp:attachment":[{"href":"https:\/\/serveiseducatius.xtec.cat\/pladelestany\/wp-json\/wp\/v2\/media?parent=3121"}],"wp:term":[{"taxonomy":"category","embeddable":true,"href":"https:\/\/serveiseducatius.xtec.cat\/pladelestany\/wp-json\/wp\/v2\/categories?post=3121"},{"taxonomy":"post_tag","embeddable":true,"href":"https:\/\/serveiseducatius.xtec.cat\/pladelestany\/wp-json\/wp\/v2\/tags?post=3121"}],"curies":[{"name":"wp","href":"https:\/\/api.w.org\/{rel}","templated":true}]}}