{"id":3019,"date":"2020-07-16T22:49:26","date_gmt":"2020-07-16T20:49:26","guid":{"rendered":"http:\/\/serveiseducatius.xtec.cat\/pladelestany\/?p=3019"},"modified":"2020-09-07T23:08:16","modified_gmt":"2020-09-07T21:08:16","slug":"pla-deducacio-digital-de-catalunya-2020-2023","status":"publish","type":"post","link":"https:\/\/serveiseducatius.xtec.cat\/pladelestany\/general\/pla-deducacio-digital-de-catalunya-2020-2023\/","title":{"rendered":"Pla d\u2019educaci\u00f3 digital de Catalunya 2020-2023"},"content":{"rendered":"<p><img loading=\"lazy\" decoding=\"async\" class=\"size-medium wp-image-3021 alignright\" src=\"https:\/\/serveiseducatius.xtec.cat\/pladelestany\/wp-content\/uploads\/usu771\/2020\/09\/PlaEdDigital-1-240x300.png\" alt=\"\" width=\"240\" height=\"300\" srcset=\"https:\/\/serveiseducatius.xtec.cat\/pladelestany\/wp-content\/uploads\/usu771\/2020\/09\/PlaEdDigital-1-240x300.png 240w, https:\/\/serveiseducatius.xtec.cat\/pladelestany\/wp-content\/uploads\/usu771\/2020\/09\/PlaEdDigital-1.png 344w\" sizes=\"auto, (max-width: 240px) 100vw, 240px\" \/><\/p>\n<div class=\"col-xs-12 col-md-8 shadowBox-sm\">\n<div id=\"center_1_1R\">\n<div class=\"fpca_descripciopagina formatter_body\">\n<div class=\"basic_text_peq pd-15 pd-30\">\n<p style=\"text-align: justify;\">El Pla d&#8217;educaci\u00f3 digital de Catalunya 2020-2023, presentat pel Departament d&#8217;Educaci\u00f3 en el marc de la XII legislatura, t\u00e9 com a objectiu contribuir al desenvolupament de les compet\u00e8ncies digitals que els ciutadans i les ciutadanes necessiten per viure i treballar en una societat caracteritzada per les transformacions i els canvis accelerats derivats de les mateixes tecnologies.<\/p>\n<p style=\"text-align: justify;\">Amb aquest Pla es vol situar Catalunya com un pa\u00eds capdavanter en l&#8217;\u00fas educatiu de la tecnologia per a l&#8217;\u00e8xit educatiu i social, al mateix temps que es pret\u00e9n millorar la compet\u00e8ncia digital de l&#8217;alumnat, el professorat i els centres educatius en el marc de la transformaci\u00f3 educativa.<\/p>\n<p style=\"text-align: justify;\">Els objectius del Pla s\u00f3n:<\/p>\n<p style=\"text-align: justify;\">\u2022 Assegurar que els alumnes de Catalunya siguin digitalment competents en acabar l&#8217;ensenyament obligatori.<br \/>\n\u2022 Augmentar el nombre de professorat que tingui la compet\u00e8ncia digital docent entesa com una compet\u00e8ncia clau del segle XXI<br \/>\n\u2022 Teixir una xarxa de pa\u00eds amb centres digitalment transformats que facilitin l&#8217;aprenentatge en el marc de la transformaci\u00f3 educativa.<\/p>\n<\/div>\n<\/div>\n<\/div>\n<\/div>\n<ul>\n<li style=\"list-style-type: none;\">\n<ul>\n<li style=\"text-align: justify;\">Acc\u00e9s al document <a href=\"http:\/\/ensenyament.gencat.cat\/web\/.content\/home\/departament\/publicacions\/monografies\/pla-educacio-digital\/pla-educacio-digital.pdf\" target=\"_blank\" rel=\"noopener noreferrer\">Pla d&#8217;educaci\u00f3 digital de Catalunya 2020-2023<\/a><\/li>\n<\/ul>\n<\/li>\n<\/ul>\n","protected":false},"excerpt":{"rendered":"<p>Pla orientat a accelerar la transformaci\u00f3 digital amb l&#8217;objectiu de contribuir al desenvolupament de les compet\u00e8ncies digitals dels ciutadans i ciutadanes de Catalunya.<\/p>\n","protected":false},"author":5,"featured_media":3021,"comment_status":"open","ping_status":"closed","sticky":false,"template":"","format":"standard","meta":{"site-sidebar-layout":"default","site-content-layout":"","ast-site-content-layout":"","site-content-style":"default","site-sidebar-style":"default","ast-global-header-display":"","ast-banner-title-visibility":"","ast-main-header-display":"","ast-hfb-above-header-display":"","ast-hfb-below-header-display":"","ast-hfb-mobile-header-display":"","site-post-title":"","ast-breadcrumbs-content":"","ast-featured-img":"","footer-sml-layout":"","theme-transparent-header-meta":"","adv-header-id-meta":"","stick-header-meta":"","header-above-stick-meta":"","header-main-stick-meta":"","header-below-stick-meta":"","astra-migrate-meta-layouts":"default","ast-page-background-enabled":"default","ast-page-background-meta":{"desktop":{"background-color":"var(--ast-global-color-4)","background-image":"","background-repeat":"repeat","background-position":"center center","background-size":"auto","background-attachment":"scroll","background-type":"","background-media":"","overlay-type":"","overlay-color":"","overlay-opacity":"","overlay-gradient":""},"tablet":{"background-color":"","background-image":"","background-repeat":"repeat","background-position":"center center","background-size":"auto","background-attachment":"scroll","background-type":"","background-media":"","overlay-type":"","overlay-color":"","overlay-opacity":"","overlay-gradient":""},"mobile":{"background-color":"","background-image":"","background-repeat":"repeat","background-position":"center center","background-size":"auto","background-attachment":"scroll","background-type":"","background-media":"","overlay-type":"","overlay-color":"","overlay-opacity":"","overlay-gradient":""}},"ast-content-background-meta":{"desktop":{"background-color":"var(--ast-global-color-5)","background-image":"","background-repeat":"repeat","background-position":"center center","background-size":"auto","background-attachment":"scroll","background-type":"","background-media":"","overlay-type":"","overlay-color":"","overlay-opacity":"","overlay-gradient":""},"tablet":{"background-color":"var(--ast-global-color-5)","background-image":"","background-repeat":"repeat","background-position":"center center","background-size":"auto","background-attachment":"scroll","background-type":"","background-media":"","overlay-type":"","overlay-color":"","overlay-opacity":"","overlay-gradient":""},"mobile":{"background-color":"var(--ast-global-color-5)","background-image":"","background-repeat":"repeat","background-position":"center center","background-size":"auto","background-attachment":"scroll","background-type":"","background-media":"","overlay-type":"","overlay-color":"","overlay-opacity":"","overlay-gradient":""}},"footnotes":""},"categories":[259,1],"tags":[],"class_list":["post-3019","post","type-post","status-publish","format-standard","has-post-thumbnail","hentry","category-docs-20-21","category-general"],"post_mailing_queue_ids":[],"_links":{"self":[{"href":"https:\/\/serveiseducatius.xtec.cat\/pladelestany\/wp-json\/wp\/v2\/posts\/3019","targetHints":{"allow":["GET"]}}],"collection":[{"href":"https:\/\/serveiseducatius.xtec.cat\/pladelestany\/wp-json\/wp\/v2\/posts"}],"about":[{"href":"https:\/\/serveiseducatius.xtec.cat\/pladelestany\/wp-json\/wp\/v2\/types\/post"}],"author":[{"embeddable":true,"href":"https:\/\/serveiseducatius.xtec.cat\/pladelestany\/wp-json\/wp\/v2\/users\/5"}],"replies":[{"embeddable":true,"href":"https:\/\/serveiseducatius.xtec.cat\/pladelestany\/wp-json\/wp\/v2\/comments?post=3019"}],"version-history":[{"count":2,"href":"https:\/\/serveiseducatius.xtec.cat\/pladelestany\/wp-json\/wp\/v2\/posts\/3019\/revisions"}],"predecessor-version":[{"id":3022,"href":"https:\/\/serveiseducatius.xtec.cat\/pladelestany\/wp-json\/wp\/v2\/posts\/3019\/revisions\/3022"}],"wp:featuredmedia":[{"embeddable":true,"href":"https:\/\/serveiseducatius.xtec.cat\/pladelestany\/wp-json\/wp\/v2\/media\/3021"}],"wp:attachment":[{"href":"https:\/\/serveiseducatius.xtec.cat\/pladelestany\/wp-json\/wp\/v2\/media?parent=3019"}],"wp:term":[{"taxonomy":"category","embeddable":true,"href":"https:\/\/serveiseducatius.xtec.cat\/pladelestany\/wp-json\/wp\/v2\/categories?post=3019"},{"taxonomy":"post_tag","embeddable":true,"href":"https:\/\/serveiseducatius.xtec.cat\/pladelestany\/wp-json\/wp\/v2\/tags?post=3019"}],"curies":[{"name":"wp","href":"https:\/\/api.w.org\/{rel}","templated":true}]}}