{"id":3011,"date":"2020-09-09T22:12:09","date_gmt":"2020-09-09T20:12:09","guid":{"rendered":"http:\/\/serveiseducatius.xtec.cat\/pladelestany\/?p=3011"},"modified":"2020-09-10T14:25:17","modified_gmt":"2020-09-10T12:25:17","slug":"protocol-dels-centres-educatius-davant-els-casos-de-covid-19","status":"publish","type":"post","link":"https:\/\/serveiseducatius.xtec.cat\/pladelestany\/general\/protocol-dels-centres-educatius-davant-els-casos-de-covid-19\/","title":{"rendered":"Protocol dels centres educatius davant els casos de Covid-19"},"content":{"rendered":"<p><img loading=\"lazy\" decoding=\"async\" class=\"wp-image-3009 size-medium alignright\" src=\"https:\/\/serveiseducatius.xtec.cat\/pladelestany\/wp-content\/uploads\/usu771\/2020\/09\/ProtocolObertura-240x300.png\" alt=\"\" width=\"240\" height=\"300\" data-wp-editing=\"1\" srcset=\"https:\/\/serveiseducatius.xtec.cat\/pladelestany\/wp-content\/uploads\/usu771\/2020\/09\/ProtocolObertura-240x300.png 240w, https:\/\/serveiseducatius.xtec.cat\/pladelestany\/wp-content\/uploads\/usu771\/2020\/09\/ProtocolObertura.png 344w\" sizes=\"auto, (max-width: 240px) 100vw, 240px\" \/>Els departaments de Salut i d\u2019Educaci\u00f3, en data <span style=\"color: #338fcc;\"><strong>9 de setembre de 2020,<\/strong><\/span> han <span style=\"color: #338fcc;\"><strong>actualitzat<\/strong> <\/span>el Protocol de casos covid-19 als centres educatius de 13 d&#8217;agost, en qu\u00e8, principalment,\u00a0s&#8217;han introduit els \u00a0canvis\u00a0seg\u00fcents:<\/p>\n<ul>\n<li>Epidemiologia de la covid-19 en la poblaci\u00f3 infantil i juvenil; dades de la situaci\u00f3 de la infecci\u00f3 dels infants i joves a Catalunya.<\/li>\n<li>Canvi a la taula de s\u00edmptomes m\u00e9s freq\u00fcents de la covid-19.<\/li>\n<li>Ampliaci\u00f3 de les definicions.<\/li>\n<li>Funcions i tasques del referent covid a l&#8217;escola.<\/li>\n<li>Realitzaci\u00f3 de PCR als contactes estrets d\u2019un cas positiu, sempre que sigui possible, al mateix centre escolar. Aquest alumnat seguir\u00e0 assistint a les classes fins que no s\u2019indiqui la quarantena. La comunicaci\u00f3 a les fam\u00edlies es far\u00e0 a trav\u00e9s de la direcci\u00f3 del centre educatiu.<\/li>\n<\/ul>\n<p>&nbsp;<\/p>\n<ul>\n<li style=\"list-style-type: none;\">\n<ul>\n<li>Acc\u00e9s al document <a title=\"Ves al Protocol de gesti\u00f3 de casos COVID als centres educatius\" href=\"https:\/\/documents.espai.educacio.gencat.cat\/IPCNormativa\/Protocol-Gestio-casos-rev.pdf\" target=\"_blank\" rel=\"noopener noreferrer\">Protocol actualitzat de gesti\u00f3 de casos de\u200b COVID 19 als centres educatius<\/a><\/li>\n<\/ul>\n<\/li>\n<\/ul>\n","protected":false},"excerpt":{"rendered":"<p><B>Actualitzaci\u00f3 de 9 de setembre.<\/B><br \/>\nProtocol que determina com ha de ser la gesti\u00f3 dels possibles casos de Covid-19 que es puguin produir en els centres educatius durant el curs 2020-21<\/p>\n","protected":false},"author":5,"featured_media":3009,"comment_status":"open","ping_status":"closed","sticky":false,"template":"","format":"standard","meta":{"site-sidebar-layout":"default","site-content-layout":"","ast-site-content-layout":"","site-content-style":"default","site-sidebar-style":"default","ast-global-header-display":"","ast-banner-title-visibility":"","ast-main-header-display":"","ast-hfb-above-header-display":"","ast-hfb-below-header-display":"","ast-hfb-mobile-header-display":"","site-post-title":"","ast-breadcrumbs-content":"","ast-featured-img":"","footer-sml-layout":"","theme-transparent-header-meta":"","adv-header-id-meta":"","stick-header-meta":"","header-above-stick-meta":"","header-main-stick-meta":"","header-below-stick-meta":"","astra-migrate-meta-layouts":"default","ast-page-background-enabled":"default","ast-page-background-meta":{"desktop":{"background-color":"var(--ast-global-color-4)","background-image":"","background-repeat":"repeat","background-position":"center center","background-size":"auto","background-attachment":"scroll","background-type":"","background-media":"","overlay-type":"","overlay-color":"","overlay-opacity":"","overlay-gradient":""},"tablet":{"background-color":"","background-image":"","background-repeat":"repeat","background-position":"center center","background-size":"auto","background-attachment":"scroll","background-type":"","background-media":"","overlay-type":"","overlay-color":"","overlay-opacity":"","overlay-gradient":""},"mobile":{"background-color":"","background-image":"","background-repeat":"repeat","background-position":"center center","background-size":"auto","background-attachment":"scroll","background-type":"","background-media":"","overlay-type":"","overlay-color":"","overlay-opacity":"","overlay-gradient":""}},"ast-content-background-meta":{"desktop":{"background-color":"var(--ast-global-color-5)","background-image":"","background-repeat":"repeat","background-position":"center center","background-size":"auto","background-attachment":"scroll","background-type":"","background-media":"","overlay-type":"","overlay-color":"","overlay-opacity":"","overlay-gradient":""},"tablet":{"background-color":"var(--ast-global-color-5)","background-image":"","background-repeat":"repeat","background-position":"center center","background-size":"auto","background-attachment":"scroll","background-type":"","background-media":"","overlay-type":"","overlay-color":"","overlay-opacity":"","overlay-gradient":""},"mobile":{"background-color":"var(--ast-global-color-5)","background-image":"","background-repeat":"repeat","background-position":"center center","background-size":"auto","background-attachment":"scroll","background-type":"","background-media":"","overlay-type":"","overlay-color":"","overlay-opacity":"","overlay-gradient":""}},"footnotes":""},"categories":[259,1],"tags":[],"class_list":["post-3011","post","type-post","status-publish","format-standard","has-post-thumbnail","hentry","category-docs-20-21","category-general"],"post_mailing_queue_ids":[],"_links":{"self":[{"href":"https:\/\/serveiseducatius.xtec.cat\/pladelestany\/wp-json\/wp\/v2\/posts\/3011","targetHints":{"allow":["GET"]}}],"collection":[{"href":"https:\/\/serveiseducatius.xtec.cat\/pladelestany\/wp-json\/wp\/v2\/posts"}],"about":[{"href":"https:\/\/serveiseducatius.xtec.cat\/pladelestany\/wp-json\/wp\/v2\/types\/post"}],"author":[{"embeddable":true,"href":"https:\/\/serveiseducatius.xtec.cat\/pladelestany\/wp-json\/wp\/v2\/users\/5"}],"replies":[{"embeddable":true,"href":"https:\/\/serveiseducatius.xtec.cat\/pladelestany\/wp-json\/wp\/v2\/comments?post=3011"}],"version-history":[{"count":3,"href":"https:\/\/serveiseducatius.xtec.cat\/pladelestany\/wp-json\/wp\/v2\/posts\/3011\/revisions"}],"predecessor-version":[{"id":3051,"href":"https:\/\/serveiseducatius.xtec.cat\/pladelestany\/wp-json\/wp\/v2\/posts\/3011\/revisions\/3051"}],"wp:featuredmedia":[{"embeddable":true,"href":"https:\/\/serveiseducatius.xtec.cat\/pladelestany\/wp-json\/wp\/v2\/media\/3009"}],"wp:attachment":[{"href":"https:\/\/serveiseducatius.xtec.cat\/pladelestany\/wp-json\/wp\/v2\/media?parent=3011"}],"wp:term":[{"taxonomy":"category","embeddable":true,"href":"https:\/\/serveiseducatius.xtec.cat\/pladelestany\/wp-json\/wp\/v2\/categories?post=3011"},{"taxonomy":"post_tag","embeddable":true,"href":"https:\/\/serveiseducatius.xtec.cat\/pladelestany\/wp-json\/wp\/v2\/tags?post=3011"}],"curies":[{"name":"wp","href":"https:\/\/api.w.org\/{rel}","templated":true}]}}