{"id":2480,"date":"2020-04-22T09:10:42","date_gmt":"2020-04-22T07:10:42","guid":{"rendered":"http:\/\/serveiseducatius.xtec.cat\/pladelestany\/?p=2480"},"modified":"2020-04-22T09:41:21","modified_gmt":"2020-04-22T07:41:21","slug":"mans-sensorials","status":"publish","type":"post","link":"https:\/\/serveiseducatius.xtec.cat\/pladelestany\/portada\/mans-sensorials\/","title":{"rendered":"Mans sensorials"},"content":{"rendered":"<p><a href=\"https:\/\/serveiseducatius.xtec.cat\/pladelestany\/wp-content\/uploads\/usu771\/2020\/04\/Mans-Sensorials-CARMINA-MASOLIVER-FEIXAS-ESC-Camins.jpg\"><img loading=\"lazy\" decoding=\"async\" class=\"alignnone wp-image-2481 size-medium\" src=\"https:\/\/serveiseducatius.xtec.cat\/pladelestany\/wp-content\/uploads\/usu771\/2020\/04\/Mans-Sensorials-CARMINA-MASOLIVER-FEIXAS-ESC-Camins-300x225.jpg\" alt=\"\" width=\"300\" height=\"225\" srcset=\"https:\/\/serveiseducatius.xtec.cat\/pladelestany\/wp-content\/uploads\/usu771\/2020\/04\/Mans-Sensorials-CARMINA-MASOLIVER-FEIXAS-ESC-Camins-300x225.jpg 300w, https:\/\/serveiseducatius.xtec.cat\/pladelestany\/wp-content\/uploads\/usu771\/2020\/04\/Mans-Sensorials-CARMINA-MASOLIVER-FEIXAS-ESC-Camins-200x150.jpg 200w, https:\/\/serveiseducatius.xtec.cat\/pladelestany\/wp-content\/uploads\/usu771\/2020\/04\/Mans-Sensorials-CARMINA-MASOLIVER-FEIXAS-ESC-Camins.jpg 600w\" sizes=\"auto, (max-width: 300px) 100vw, 300px\" \/><\/a><\/p>\n<p>L&#8217;equip del cicle P3\/P4 de l&#8217;escola Camins proposa l&#8217;activitat &#8220;<span style=\"color: #3366ff;\"><em><strong>Mans sensorials<\/strong><\/em><\/span>&#8221; que \u00e9s un recull de propostes per despertar els sentits dels infants, sobretot a trav\u00e9s del tacte. L&#8217;espuma, la pols de fang i l&#8217;argila, juntament amb l&#8217;aigua, el colorant i algunes eines per modelar, han esdevingut els materials centrals de les propostes. La manipulaci\u00f3 i l&#8217;experimentaci\u00f3 amb tots ells aporta als infants a la descoberta de noves sensacions, viv\u00e8ncies i experi\u00e8ncies per un mateix\/a i compartides amb els iguals.<\/p>\n","protected":false},"excerpt":{"rendered":"<p>L&#8217;equip del cicle P3\/P4 de l&#8217;escola Camins presenten un recull de propostes per despertar els sentits dels infants, sobretot a trav\u00e9s del tacte.<\/p>\n","protected":false},"author":5,"featured_media":2481,"comment_status":"open","ping_status":"closed","sticky":false,"template":"","format":"standard","meta":{"site-sidebar-layout":"default","site-content-layout":"","ast-site-content-layout":"","site-content-style":"default","site-sidebar-style":"default","ast-global-header-display":"","ast-banner-title-visibility":"","ast-main-header-display":"","ast-hfb-above-header-display":"","ast-hfb-below-header-display":"","ast-hfb-mobile-header-display":"","site-post-title":"","ast-breadcrumbs-content":"","ast-featured-img":"","footer-sml-layout":"","theme-transparent-header-meta":"","adv-header-id-meta":"","stick-header-meta":"","header-above-stick-meta":"","header-main-stick-meta":"","header-below-stick-meta":"","astra-migrate-meta-layouts":"default","ast-page-background-enabled":"default","ast-page-background-meta":{"desktop":{"background-color":"var(--ast-global-color-4)","background-image":"","background-repeat":"repeat","background-position":"center center","background-size":"auto","background-attachment":"scroll","background-type":"","background-media":"","overlay-type":"","overlay-color":"","overlay-opacity":"","overlay-gradient":""},"tablet":{"background-color":"","background-image":"","background-repeat":"repeat","background-position":"center center","background-size":"auto","background-attachment":"scroll","background-type":"","background-media":"","overlay-type":"","overlay-color":"","overlay-opacity":"","overlay-gradient":""},"mobile":{"background-color":"","background-image":"","background-repeat":"repeat","background-position":"center center","background-size":"auto","background-attachment":"scroll","background-type":"","background-media":"","overlay-type":"","overlay-color":"","overlay-opacity":"","overlay-gradient":""}},"ast-content-background-meta":{"desktop":{"background-color":"var(--ast-global-color-5)","background-image":"","background-repeat":"repeat","background-position":"center center","background-size":"auto","background-attachment":"scroll","background-type":"","background-media":"","overlay-type":"","overlay-color":"","overlay-opacity":"","overlay-gradient":""},"tablet":{"background-color":"var(--ast-global-color-5)","background-image":"","background-repeat":"repeat","background-position":"center center","background-size":"auto","background-attachment":"scroll","background-type":"","background-media":"","overlay-type":"","overlay-color":"","overlay-opacity":"","overlay-gradient":""},"mobile":{"background-color":"var(--ast-global-color-5)","background-image":"","background-repeat":"repeat","background-position":"center center","background-size":"auto","background-attachment":"scroll","background-type":"","background-media":"","overlay-type":"","overlay-color":"","overlay-opacity":"","overlay-gradient":""}},"footnotes":""},"categories":[234,29,232],"tags":[228,227,235,229],"class_list":["post-2480","post","type-post","status-publish","format-standard","has-post-thumbnail","hentry","category-ed-infantil","category-portada","category-proposta-de-centre","tag-joemquedoacasa","tag-coronavirus","tag-ed-infantil","tag-proposta-de-centre"],"post_mailing_queue_ids":[],"_links":{"self":[{"href":"https:\/\/serveiseducatius.xtec.cat\/pladelestany\/wp-json\/wp\/v2\/posts\/2480","targetHints":{"allow":["GET"]}}],"collection":[{"href":"https:\/\/serveiseducatius.xtec.cat\/pladelestany\/wp-json\/wp\/v2\/posts"}],"about":[{"href":"https:\/\/serveiseducatius.xtec.cat\/pladelestany\/wp-json\/wp\/v2\/types\/post"}],"author":[{"embeddable":true,"href":"https:\/\/serveiseducatius.xtec.cat\/pladelestany\/wp-json\/wp\/v2\/users\/5"}],"replies":[{"embeddable":true,"href":"https:\/\/serveiseducatius.xtec.cat\/pladelestany\/wp-json\/wp\/v2\/comments?post=2480"}],"version-history":[{"count":2,"href":"https:\/\/serveiseducatius.xtec.cat\/pladelestany\/wp-json\/wp\/v2\/posts\/2480\/revisions"}],"predecessor-version":[{"id":2485,"href":"https:\/\/serveiseducatius.xtec.cat\/pladelestany\/wp-json\/wp\/v2\/posts\/2480\/revisions\/2485"}],"wp:featuredmedia":[{"embeddable":true,"href":"https:\/\/serveiseducatius.xtec.cat\/pladelestany\/wp-json\/wp\/v2\/media\/2481"}],"wp:attachment":[{"href":"https:\/\/serveiseducatius.xtec.cat\/pladelestany\/wp-json\/wp\/v2\/media?parent=2480"}],"wp:term":[{"taxonomy":"category","embeddable":true,"href":"https:\/\/serveiseducatius.xtec.cat\/pladelestany\/wp-json\/wp\/v2\/categories?post=2480"},{"taxonomy":"post_tag","embeddable":true,"href":"https:\/\/serveiseducatius.xtec.cat\/pladelestany\/wp-json\/wp\/v2\/tags?post=2480"}],"curies":[{"name":"wp","href":"https:\/\/api.w.org\/{rel}","templated":true}]}}