{"id":2074,"date":"2020-01-08T14:12:46","date_gmt":"2020-01-08T13:12:46","guid":{"rendered":"http:\/\/serveiseducatius.xtec.cat\/pladelestany\/?p=2074"},"modified":"2020-07-20T19:32:15","modified_gmt":"2020-07-20T17:32:15","slug":"cilcconf1920","status":"publish","type":"post","link":"https:\/\/serveiseducatius.xtec.cat\/pladelestany\/general\/cilcconf1920\/","title":{"rendered":"Alumnat en situacions complexes o de risc"},"content":{"rendered":"<div class=\"row\" style=\"margin-bottom: 1em !important;\">\n<div class=\"small-12 large-6 text-center columns\"><a href=\"https:\/\/serveiseducatius.xtec.cat\/pladelestany\/wp-content\/uploads\/usu771\/2020\/01\/CicleC1920.png\"><img loading=\"lazy\" decoding=\"async\" class=\"alignleft wp-image-2138\" src=\"https:\/\/serveiseducatius.xtec.cat\/pladelestany\/wp-content\/uploads\/usu771\/2020\/01\/CicleC1920-724x1024.png\" alt=\"\" width=\"320\" height=\"453\" srcset=\"https:\/\/serveiseducatius.xtec.cat\/pladelestany\/wp-content\/uploads\/usu771\/2020\/01\/CicleC1920-724x1024.png 724w, https:\/\/serveiseducatius.xtec.cat\/pladelestany\/wp-content\/uploads\/usu771\/2020\/01\/CicleC1920-212x300.png 212w, https:\/\/serveiseducatius.xtec.cat\/pladelestany\/wp-content\/uploads\/usu771\/2020\/01\/CicleC1920-768x1086.png 768w, https:\/\/serveiseducatius.xtec.cat\/pladelestany\/wp-content\/uploads\/usu771\/2020\/01\/CicleC1920.png 842w\" sizes=\"auto, (max-width: 320px) 100vw, 320px\" \/><\/a><\/div>\n<p class=\"small-12 large-6 text-center columns\">Cicle de confer\u00e8ncies per ajudar al professorat a recon\u00e8ixer conductes que ens poden servir per a detectar quin alumnat esta vivint situacions complexes o de risc (alumnat transgenere, situacions d&#8217;assetjament o addiccions) i com hem d&#8217;actuar com a professionals en aquestes circumst\u00e0ncies.<\/p>\n<p>Al llarg de les sessions, veurem quines conductes dels nostres alumnes ens poden alertar de l&#8217;exist\u00e8ncia d&#8217;una possible situaci\u00f3 de risc i quins protocols ha dissenyat el Departament d&#8217;Educaci\u00f3 per afrontar aquestes situacions.<\/p>\n<p><strong>Calendari:<\/strong><br \/>\nDimecres 29\/01\/2020 &#8211; <em><span style=\"color: #c63f3f;\"><strong>L&#8217;assetjament escolar <\/strong><\/span><\/em><br \/>\nDijous 13\/02\/2020 &#8211; <em><strong><span style=\"color: #c63f3f;\">L&#8217;assetjament sexual <\/span><\/strong><\/em><br \/>\nDimecres 26\/02\/2020 &#8211; <em><strong><span style=\"color: #c63f3f;\">Riscos de les xarxes socials <\/span><\/strong><\/em><br \/>\nDimecres 11\/03\/2020 &#8211; <span style=\"color: #c63f3f;\"><em><strong>Diversitat sexual <\/strong><\/em><\/span><br \/>\nDimecres <span style=\"color: #c63f3f;\">18\/03\/2020<\/span> &#8211; <span style=\"color: #c63f3f;\"><em style=\"color: #c63f3f;\"><strong>L&#8217;addicci\u00f3 al joc <\/strong><\/em><span style=\"color: #000000;\">a c\u00e0rrec de <em><strong>Merc\u00e8 Soms (Sessi\u00f3 cancel\u00b7lada)<\/strong><\/em><\/span><\/span><\/p>\n<\/div>\n<p>Consulta la informaci\u00f3 que s&#8217;ha utilitzat durant les sessions\u00a0 <a href=\"https:\/\/serveiseducatius.xtec.cat\/pladelestany\/wp-content\/uploads\/usu771\/2020\/01\/carpetes.png\"><img loading=\"lazy\" decoding=\"async\" class=\"alignnone wp-image-2928\" src=\"https:\/\/serveiseducatius.xtec.cat\/pladelestany\/wp-content\/uploads\/usu771\/2020\/01\/carpetes.png\" alt=\"\" width=\"28\" height=\"29\" srcset=\"https:\/\/serveiseducatius.xtec.cat\/pladelestany\/wp-content\/uploads\/usu771\/2020\/01\/carpetes.png 274w, https:\/\/serveiseducatius.xtec.cat\/pladelestany\/wp-content\/uploads\/usu771\/2020\/01\/carpetes-150x150.png 150w\" sizes=\"auto, (max-width: 28px) 100vw, 28px\" \/><\/a><\/p>\n<p style=\"text-align: left;\"><strong>Lloc de realitzaci\u00f3:<\/strong> <a href=\"https:\/\/goo.gl\/maps\/BueXf7Ku7z2ZgYyL8\" target=\"_blank\" rel=\"noopener noreferrer\">Teatre de l&#8217;escola Baldiri Reixac<\/a> de Banyoles<\/p>\n<p style=\"text-align: left;\"><strong>Horari: <\/strong>de 17:30 a 19:30<\/p>\n<p>Aquesta activitat \u00e9s oberta a tota la comunitat educativa del Pla de l&#8217;Estany. Cal que els interessats completin la inscripci\u00f3 utilitzant els seg\u00fcents enlla\u00e7os:<\/p>\n<ul>\n<li style=\"list-style-type: none;\">\n<ul>\n<li><a href=\"https:\/\/aplicacions.gestioeducativa.gencat.cat\/pls\/soloas\/pk_for_mod_ins.p_for_detall_activitat?p_codi=5061011506&amp;p_curs=2019-2020\" target=\"_blank\" rel=\"noopener noreferrer\"><strong>Docents<\/strong><em> (amb usuari XTEC)<\/em><\/a><\/li>\n<li><a href=\"https:\/\/forms.gle\/37sBmd52kddSYjXc8\" target=\"_blank\" rel=\"noopener noreferrer\"><strong>Resta d&#8217;interessats<\/strong><\/a><\/li>\n<\/ul>\n<\/li>\n<\/ul>\n<p>&nbsp;<\/p>\n<p>&nbsp;<\/p>\n","protected":false},"excerpt":{"rendered":"<p>Cicle de confer\u00e8ncies per ajudar al professorat a recon\u00e8ixer conductes que ens poden servir per a detectar quin alumnat esta vivint situacions complexes o de risc i com hem d&#8217;actuar com a professionals en aquestes circumst\u00e0ncies.<\/p>\n","protected":false},"author":5,"featured_media":2138,"comment_status":"open","ping_status":"closed","sticky":false,"template":"","format":"standard","meta":{"site-sidebar-layout":"default","site-content-layout":"","ast-site-content-layout":"","site-content-style":"default","site-sidebar-style":"default","ast-global-header-display":"","ast-banner-title-visibility":"","ast-main-header-display":"","ast-hfb-above-header-display":"","ast-hfb-below-header-display":"","ast-hfb-mobile-header-display":"","site-post-title":"","ast-breadcrumbs-content":"","ast-featured-img":"","footer-sml-layout":"","theme-transparent-header-meta":"","adv-header-id-meta":"","stick-header-meta":"","header-above-stick-meta":"","header-main-stick-meta":"","header-below-stick-meta":"","astra-migrate-meta-layouts":"default","ast-page-background-enabled":"default","ast-page-background-meta":{"desktop":{"background-color":"var(--ast-global-color-4)","background-image":"","background-repeat":"repeat","background-position":"center center","background-size":"auto","background-attachment":"scroll","background-type":"","background-media":"","overlay-type":"","overlay-color":"","overlay-opacity":"","overlay-gradient":""},"tablet":{"background-color":"","background-image":"","background-repeat":"repeat","background-position":"center center","background-size":"auto","background-attachment":"scroll","background-type":"","background-media":"","overlay-type":"","overlay-color":"","overlay-opacity":"","overlay-gradient":""},"mobile":{"background-color":"","background-image":"","background-repeat":"repeat","background-position":"center center","background-size":"auto","background-attachment":"scroll","background-type":"","background-media":"","overlay-type":"","overlay-color":"","overlay-opacity":"","overlay-gradient":""}},"ast-content-background-meta":{"desktop":{"background-color":"var(--ast-global-color-5)","background-image":"","background-repeat":"repeat","background-position":"center center","background-size":"auto","background-attachment":"scroll","background-type":"","background-media":"","overlay-type":"","overlay-color":"","overlay-opacity":"","overlay-gradient":""},"tablet":{"background-color":"var(--ast-global-color-5)","background-image":"","background-repeat":"repeat","background-position":"center center","background-size":"auto","background-attachment":"scroll","background-type":"","background-media":"","overlay-type":"","overlay-color":"","overlay-opacity":"","overlay-gradient":""},"mobile":{"background-color":"var(--ast-global-color-5)","background-image":"","background-repeat":"repeat","background-position":"center center","background-size":"auto","background-attachment":"scroll","background-type":"","background-media":"","overlay-type":"","overlay-color":"","overlay-opacity":"","overlay-gradient":""}},"footnotes":""},"categories":[217,180,1,29],"tags":[],"class_list":["post-2074","post","type-post","status-publish","format-standard","has-post-thumbnail","hentry","category-conferencies","category-formacio","category-general","category-portada"],"post_mailing_queue_ids":[],"_links":{"self":[{"href":"https:\/\/serveiseducatius.xtec.cat\/pladelestany\/wp-json\/wp\/v2\/posts\/2074","targetHints":{"allow":["GET"]}}],"collection":[{"href":"https:\/\/serveiseducatius.xtec.cat\/pladelestany\/wp-json\/wp\/v2\/posts"}],"about":[{"href":"https:\/\/serveiseducatius.xtec.cat\/pladelestany\/wp-json\/wp\/v2\/types\/post"}],"author":[{"embeddable":true,"href":"https:\/\/serveiseducatius.xtec.cat\/pladelestany\/wp-json\/wp\/v2\/users\/5"}],"replies":[{"embeddable":true,"href":"https:\/\/serveiseducatius.xtec.cat\/pladelestany\/wp-json\/wp\/v2\/comments?post=2074"}],"version-history":[{"count":4,"href":"https:\/\/serveiseducatius.xtec.cat\/pladelestany\/wp-json\/wp\/v2\/posts\/2074\/revisions"}],"predecessor-version":[{"id":2929,"href":"https:\/\/serveiseducatius.xtec.cat\/pladelestany\/wp-json\/wp\/v2\/posts\/2074\/revisions\/2929"}],"wp:featuredmedia":[{"embeddable":true,"href":"https:\/\/serveiseducatius.xtec.cat\/pladelestany\/wp-json\/wp\/v2\/media\/2138"}],"wp:attachment":[{"href":"https:\/\/serveiseducatius.xtec.cat\/pladelestany\/wp-json\/wp\/v2\/media?parent=2074"}],"wp:term":[{"taxonomy":"category","embeddable":true,"href":"https:\/\/serveiseducatius.xtec.cat\/pladelestany\/wp-json\/wp\/v2\/categories?post=2074"},{"taxonomy":"post_tag","embeddable":true,"href":"https:\/\/serveiseducatius.xtec.cat\/pladelestany\/wp-json\/wp\/v2\/tags?post=2074"}],"curies":[{"name":"wp","href":"https:\/\/api.w.org\/{rel}","templated":true}]}}