{"id":2040,"date":"2019-11-22T23:02:41","date_gmt":"2019-11-22T22:02:41","guid":{"rendered":"http:\/\/serveiseducatius.xtec.cat\/pladelestany\/?p=2040"},"modified":"2020-01-21T21:46:42","modified_gmt":"2020-01-21T20:46:42","slug":"drets-dimatge","status":"publish","type":"post","link":"https:\/\/serveiseducatius.xtec.cat\/pladelestany\/crp\/drets-dimatge\/","title":{"rendered":"Tenim la paraula! &#8211; Drets d&#8217;imatge"},"content":{"rendered":"<h3><img loading=\"lazy\" decoding=\"async\" class=\"wp-image-2041 size-thumbnail alignleft\" src=\"https:\/\/serveiseducatius.xtec.cat\/pladelestany\/wp-content\/uploads\/usu771\/2019\/11\/DretsImatge-150x150.png\" alt=\"\" width=\"150\" height=\"150\" \/>Model d&#8217;autoritzaci\u00f3<\/h3>\n<p>La participaci\u00f3 en el programa <span style=\"color: #087eb6;\"><strong>Tenim la paraula! <\/strong><\/span>comporta documentar activitats orals a trav\u00e9s d&#8217;enregistraments audiovisuals i sonors aix\u00ed com recollir a trav\u00e9s de documents escrits la programaci\u00f3 de l&#8217;activitat. Aquesta documentaci\u00f3 es publicar\u00e0 als espais de comunicaci\u00f3 i difusi\u00f3, inclosos els espais web, del Servei Educatiu del Pla de l&#8217;Estany i\/o del Departament d&#8217;Educaci\u00f3.<\/p>\n<p>En aquests espais es poden publicar imatges en qu\u00e8 apareguin, individualment o en grup, alumnes que fan les activitats esmentades.<\/p>\n<p>At\u00e8s que el dret a la pr\u00f2pia imatge \u00e9s reconegut en l&#8217;article 18.1 de la Constituci\u00f3 espanyola i est\u00e0 regulat per la Llei org\u00e0nica 1\/1982, de 5 de maig, sobre dret a l&#8217;honor, a la intimitat i a la pr\u00f2pia imatge, cal el consentiment expressat per escrit dels afectats (o dels qui n&#8217;exerceixen la p\u00e0tria potestat en el cas de menors de 14 anys) per publicar fotografies, v\u00eddeos i \u00e0udios on siguin clarament identificables.<\/p>\n<p>Per a la publicaci\u00f3 de materials en espais de difusi\u00f3 del Servei Educatiu del Pla de l&#8217;Estany i\/o del departament d&#8217;educaci\u00f3 (blogs, webs, revistes&#8230;) cal la corresponent cessi\u00f3 del dret de comunicaci\u00f3 p\u00fablica expressat per escrit dels afectats o dels qui n&#8217;exerceixen la p\u00e0tria potestat en cas de minoria d&#8217;edat, sense que la Llei de propietat intel\u00b7lectual admeti cap mena de modulaci\u00f3 segons l&#8217;edat dels alumnes. Aquesta cessi\u00f3 s&#8217;ha d&#8217;efectuar encara que l&#8217;autor\/a en q\u00fcesti\u00f3 no aparegui clarament identificat i s&#8217;est\u00e9n a realitzacions com ara el treball de recerca de batxillerat i altres de similars.<\/p>\n<p>Per tal de facilitar la tasca als centres, us proposem dos models d&#8217;autoritzaci\u00f3 (un per a menors i un per a majors de 14 anys que poden signar ells mateixos):<\/p>\n<p><a href=\"https:\/\/drive.google.com\/uc?export=download&amp;id=1aV8dB63nqOWahSiIFFA-njNL4CRURfkY\" target=\"_blank\" rel=\"noopener noreferrer\">Autoritzaci\u00f3 relativa als alumnes menors de 14 anys: \u00fas d&#8217;imatges, publicaci\u00f3 de dades de car\u00e0cter personal i de materials que elaboren<\/a><\/p>\n<p><a href=\"https:\/\/drive.google.com\/uc?export=download&amp;id=1Aarsk2F5zNf_-0xNPhdXoccTCoEFqo1X\" target=\"_blank\" rel=\"noopener noreferrer\">Autoritzaci\u00f3 relativa a majors de 14 anys: \u00fas d&#8217;imatges, publicaci\u00f3 de dades de car\u00e0cter personal i de materials que elaboren<\/a><\/p>\n","protected":false},"excerpt":{"rendered":"<p>Per tal de facilitar la tasca als centres, us proposem dos models d&#8217;autoritzaci\u00f3 (un per a menors i un per a majors de 14 anys que poden signar ells mateixos)<\/p>\n","protected":false},"author":5,"featured_media":2041,"comment_status":"closed","ping_status":"closed","sticky":false,"template":"","format":"standard","meta":{"site-sidebar-layout":"default","site-content-layout":"","ast-site-content-layout":"","site-content-style":"default","site-sidebar-style":"default","ast-global-header-display":"","ast-banner-title-visibility":"","ast-main-header-display":"","ast-hfb-above-header-display":"","ast-hfb-below-header-display":"","ast-hfb-mobile-header-display":"","site-post-title":"","ast-breadcrumbs-content":"","ast-featured-img":"","footer-sml-layout":"","theme-transparent-header-meta":"","adv-header-id-meta":"","stick-header-meta":"","header-above-stick-meta":"","header-main-stick-meta":"","header-below-stick-meta":"","astra-migrate-meta-layouts":"default","ast-page-background-enabled":"default","ast-page-background-meta":{"desktop":{"background-color":"var(--ast-global-color-4)","background-image":"","background-repeat":"repeat","background-position":"center center","background-size":"auto","background-attachment":"scroll","background-type":"","background-media":"","overlay-type":"","overlay-color":"","overlay-opacity":"","overlay-gradient":""},"tablet":{"background-color":"","background-image":"","background-repeat":"repeat","background-position":"center center","background-size":"auto","background-attachment":"scroll","background-type":"","background-media":"","overlay-type":"","overlay-color":"","overlay-opacity":"","overlay-gradient":""},"mobile":{"background-color":"","background-image":"","background-repeat":"repeat","background-position":"center center","background-size":"auto","background-attachment":"scroll","background-type":"","background-media":"","overlay-type":"","overlay-color":"","overlay-opacity":"","overlay-gradient":""}},"ast-content-background-meta":{"desktop":{"background-color":"var(--ast-global-color-5)","background-image":"","background-repeat":"repeat","background-position":"center center","background-size":"auto","background-attachment":"scroll","background-type":"","background-media":"","overlay-type":"","overlay-color":"","overlay-opacity":"","overlay-gradient":""},"tablet":{"background-color":"var(--ast-global-color-5)","background-image":"","background-repeat":"repeat","background-position":"center center","background-size":"auto","background-attachment":"scroll","background-type":"","background-media":"","overlay-type":"","overlay-color":"","overlay-opacity":"","overlay-gradient":""},"mobile":{"background-color":"var(--ast-global-color-5)","background-image":"","background-repeat":"repeat","background-position":"center center","background-size":"auto","background-attachment":"scroll","background-type":"","background-media":"","overlay-type":"","overlay-color":"","overlay-opacity":"","overlay-gradient":""}},"footnotes":""},"categories":[65,68],"tags":[218],"class_list":["post-2040","post","type-post","status-publish","format-standard","has-post-thumbnail","hentry","category-crp","category-elic","tag-comunicacio-oral"],"post_mailing_queue_ids":[],"_links":{"self":[{"href":"https:\/\/serveiseducatius.xtec.cat\/pladelestany\/wp-json\/wp\/v2\/posts\/2040","targetHints":{"allow":["GET"]}}],"collection":[{"href":"https:\/\/serveiseducatius.xtec.cat\/pladelestany\/wp-json\/wp\/v2\/posts"}],"about":[{"href":"https:\/\/serveiseducatius.xtec.cat\/pladelestany\/wp-json\/wp\/v2\/types\/post"}],"author":[{"embeddable":true,"href":"https:\/\/serveiseducatius.xtec.cat\/pladelestany\/wp-json\/wp\/v2\/users\/5"}],"replies":[{"embeddable":true,"href":"https:\/\/serveiseducatius.xtec.cat\/pladelestany\/wp-json\/wp\/v2\/comments?post=2040"}],"version-history":[{"count":3,"href":"https:\/\/serveiseducatius.xtec.cat\/pladelestany\/wp-json\/wp\/v2\/posts\/2040\/revisions"}],"predecessor-version":[{"id":2064,"href":"https:\/\/serveiseducatius.xtec.cat\/pladelestany\/wp-json\/wp\/v2\/posts\/2040\/revisions\/2064"}],"wp:featuredmedia":[{"embeddable":true,"href":"https:\/\/serveiseducatius.xtec.cat\/pladelestany\/wp-json\/wp\/v2\/media\/2041"}],"wp:attachment":[{"href":"https:\/\/serveiseducatius.xtec.cat\/pladelestany\/wp-json\/wp\/v2\/media?parent=2040"}],"wp:term":[{"taxonomy":"category","embeddable":true,"href":"https:\/\/serveiseducatius.xtec.cat\/pladelestany\/wp-json\/wp\/v2\/categories?post=2040"},{"taxonomy":"post_tag","embeddable":true,"href":"https:\/\/serveiseducatius.xtec.cat\/pladelestany\/wp-json\/wp\/v2\/tags?post=2040"}],"curies":[{"name":"wp","href":"https:\/\/api.w.org\/{rel}","templated":true}]}}