{"id":26852,"date":"2026-04-23T09:58:55","date_gmt":"2026-04-23T07:58:55","guid":{"rendered":"https:\/\/serveiseducatius.xtec.cat\/pallars\/?p=26852"},"modified":"2026-04-23T10:05:30","modified_gmt":"2026-04-23T08:05:30","slug":"dues-docents-de-lescola-angel-serafi-casanovas-es-formen-en-intelligencia-artificial-a-dublin-amb-el-programa-erasmus","status":"publish","type":"post","link":"https:\/\/serveiseducatius.xtec.cat\/pallars\/general\/dues-docents-de-lescola-angel-serafi-casanovas-es-formen-en-intelligencia-artificial-a-dublin-amb-el-programa-erasmus\/","title":{"rendered":"Dues docents de l\u2019Escola \u00c0ngel Seraf\u00ed Casanovas es formen en intel\u00b7lig\u00e8ncia artificial a Dubl\u00edn amb el programa Erasmus+"},"content":{"rendered":"\n<p class=\"has-text-align-left\"> Les docents Carme i Cristina, de l\u2019Escola \u00c0ngel Seraf\u00ed Casanovas, han  participat recentment en una mobilitat de formaci\u00f3 a Dubl\u00edn (Irlanda) en el marc del programa  Erasmus+, amb l\u2019objectiu d\u2019actualitzar les seves compet\u00e8ncies digitals i incorporar noves metodologies innovadores a l\u2019aula.  La formaci\u00f3, centrada en la intel\u00b7lig\u00e8ncia artificial i les eines digitals aplicades a l\u2019educaci\u00f3, s\u2019ha desenvolupat a l\u2019Atlas Language School i ha combinat sessions te\u00f2riques, tallers pr\u00e0ctics i activitats de col\u00b7laboraci\u00f3 amb docents d\u2019altres pa\u00efsos europeus. Durant el curs, les participants han aprofundit en l\u2019\u00fas pedag\u00f2gic de tecnologies emergents com els models de llenguatge i eines de creaci\u00f3 digital, aix\u00ed com en estrat\u00e8gies per fomentar la interactivitat a l\u2019aula, la gamificaci\u00f3 i l\u2019avaluaci\u00f3 formativa. Tamb\u00e9 s\u2019han treballat aspectes clau com la ciutadania digital, l\u2019\u00fas responsable de la tecnologia i la detecci\u00f3 de desinformaci\u00f3 en entorns digitals.  La formaci\u00f3 ha incl\u00f2s l\u2019exploraci\u00f3 d\u2019eines concretes orientades a millorar la planificaci\u00f3 docent, la creaci\u00f3 de materials i la participaci\u00f3 de l\u2019alumnat. A m\u00e9s, s\u2019han abordat q\u00fcestions relacionades amb la sostenibilitat digital i l\u2019impacte ambiental de les tecnologies emergents. Un dels elements destacats de la mobilitat ha estat el treball en xarxa amb professionals de  diferents sistemes educatius europeus, amb l\u2019objectiu de generar futures col\u00b7laboracions i  projectes internacionals. Aquesta estada formativa s\u2019emmarca dins del projecte Erasmus+ del centre, que aposta per la internacionalitzaci\u00f3 i la millora cont\u00ednua de la qualitat educativa. Els coneixements adquirits es  transferiran a la pr\u00e0ctica docent del centre, amb la voluntat d\u2019enriquir els processos  d\u2019ensenyament-aprenentatge i adaptar-los als reptes digitals actuals.  Aquestes iniciatives s\u00f3n possibles gr\u00e0cies al suport de la Uni\u00f3 Europea a trav\u00e9s del programa<br>Erasmus+, que promou la formaci\u00f3 del professorat i facilita l\u2019acc\u00e9s a experi\u00e8ncies d\u2019aprenentatge  innovadores en contextos internacionals, amb un impacte directe en la millora del sistema educatiu.<\/p>\n\n\n\n<div class=\"wp-block-columns is-layout-flex wp-container-core-columns-is-layout-1 wp-block-columns-is-layout-flex\">\n<div class=\"wp-block-column is-layout-flow wp-block-column-is-layout-flow\">\n<figure class=\"wp-block-image size-large is-resized\"><a href=\"https:\/\/serveiseducatius.xtec.cat\/pallars\/wp-content\/uploads\/usu1099\/2026\/04\/DUBLIN-2.png\"><img loading=\"lazy\" decoding=\"async\" width=\"1024\" height=\"900\" src=\"https:\/\/serveiseducatius.xtec.cat\/pallars\/wp-content\/uploads\/usu1099\/2026\/04\/DUBLIN-2-1024x900.png\" alt=\"\" class=\"wp-image-26854\" style=\"width:567px;height:auto\" srcset=\"https:\/\/serveiseducatius.xtec.cat\/pallars\/wp-content\/uploads\/usu1099\/2026\/04\/DUBLIN-2-1024x900.png 1024w, https:\/\/serveiseducatius.xtec.cat\/pallars\/wp-content\/uploads\/usu1099\/2026\/04\/DUBLIN-2-300x264.png 300w, https:\/\/serveiseducatius.xtec.cat\/pallars\/wp-content\/uploads\/usu1099\/2026\/04\/DUBLIN-2-768x675.png 768w, https:\/\/serveiseducatius.xtec.cat\/pallars\/wp-content\/uploads\/usu1099\/2026\/04\/DUBLIN-2.png 1338w\" sizes=\"auto, (max-width: 1024px) 100vw, 1024px\" \/><\/a><\/figure>\n<\/div>\n\n\n\n<div class=\"wp-block-column is-layout-flow wp-block-column-is-layout-flow\">\n<figure class=\"wp-block-image size-large is-resized\"><a href=\"https:\/\/serveiseducatius.xtec.cat\/pallars\/wp-content\/uploads\/usu1099\/2026\/04\/DUBLIN-1-1.png\"><img loading=\"lazy\" decoding=\"async\" width=\"1024\" height=\"768\" src=\"https:\/\/serveiseducatius.xtec.cat\/pallars\/wp-content\/uploads\/usu1099\/2026\/04\/DUBLIN-1-1-1024x768.png\" alt=\"\" class=\"wp-image-26856\" style=\"width:673px;height:auto\" srcset=\"https:\/\/serveiseducatius.xtec.cat\/pallars\/wp-content\/uploads\/usu1099\/2026\/04\/DUBLIN-1-1-1024x768.png 1024w, https:\/\/serveiseducatius.xtec.cat\/pallars\/wp-content\/uploads\/usu1099\/2026\/04\/DUBLIN-1-1-300x225.png 300w, https:\/\/serveiseducatius.xtec.cat\/pallars\/wp-content\/uploads\/usu1099\/2026\/04\/DUBLIN-1-1-768x576.png 768w, https:\/\/serveiseducatius.xtec.cat\/pallars\/wp-content\/uploads\/usu1099\/2026\/04\/DUBLIN-1-1.png 1448w\" sizes=\"auto, (max-width: 1024px) 100vw, 1024px\" \/><\/a><\/figure>\n<\/div>\n<\/div>\n","protected":false},"excerpt":{"rendered":"<p>Les docents Carme i Cristina, de l\u2019Escola \u00c0ngel Seraf\u00ed Casanovas, han participat recentment en una mobilitat de formaci\u00f3 a Dubl\u00edn [&hellip;]<\/p>\n","protected":false},"author":1,"featured_media":26854,"comment_status":"open","ping_status":"open","sticky":false,"template":"","format":"standard","meta":{"_bbp_topic_count":0,"_bbp_reply_count":0,"_bbp_total_topic_count":0,"_bbp_total_reply_count":0,"_bbp_voice_count":0,"_bbp_anonymous_reply_count":0,"_bbp_topic_count_hidden":0,"_bbp_reply_count_hidden":0,"_bbp_forum_subforum_count":0,"site-sidebar-layout":"default","site-content-layout":"","ast-site-content-layout":"default","site-content-style":"default","site-sidebar-style":"default","ast-global-header-display":"","ast-banner-title-visibility":"","ast-main-header-display":"","ast-hfb-above-header-display":"","ast-hfb-below-header-display":"","ast-hfb-mobile-header-display":"","site-post-title":"","ast-breadcrumbs-content":"","ast-featured-img":"disabled","footer-sml-layout":"","theme-transparent-header-meta":"","adv-header-id-meta":"","stick-header-meta":"","header-above-stick-meta":"","header-main-stick-meta":"","header-below-stick-meta":"","astra-migrate-meta-layouts":"set","ast-page-background-enabled":"default","ast-page-background-meta":{"desktop":{"background-color":"var(--ast-global-color-4)","background-image":"","background-repeat":"repeat","background-position":"center center","background-size":"auto","background-attachment":"scroll","background-type":"","background-media":"","overlay-type":"","overlay-color":"","overlay-opacity":"","overlay-gradient":""},"tablet":{"background-color":"","background-image":"","background-repeat":"repeat","background-position":"center center","background-size":"auto","background-attachment":"scroll","background-type":"","background-media":"","overlay-type":"","overlay-color":"","overlay-opacity":"","overlay-gradient":""},"mobile":{"background-color":"","background-image":"","background-repeat":"repeat","background-position":"center center","background-size":"auto","background-attachment":"scroll","background-type":"","background-media":"","overlay-type":"","overlay-color":"","overlay-opacity":"","overlay-gradient":""}},"ast-content-background-meta":{"desktop":{"background-color":"var(--ast-global-color-5)","background-image":"","background-repeat":"repeat","background-position":"center center","background-size":"auto","background-attachment":"scroll","background-type":"","background-media":"","overlay-type":"","overlay-color":"","overlay-opacity":"","overlay-gradient":""},"tablet":{"background-color":"var(--ast-global-color-5)","background-image":"","background-repeat":"repeat","background-position":"center center","background-size":"auto","background-attachment":"scroll","background-type":"","background-media":"","overlay-type":"","overlay-color":"","overlay-opacity":"","overlay-gradient":""},"mobile":{"background-color":"var(--ast-global-color-5)","background-image":"","background-repeat":"repeat","background-position":"center center","background-size":"auto","background-attachment":"scroll","background-type":"","background-media":"","overlay-type":"","overlay-color":"","overlay-opacity":"","overlay-gradient":""}},"footnotes":""},"categories":[1,264],"tags":[503],"class_list":["post-26852","post","type-post","status-publish","format-standard","has-post-thumbnail","hentry","category-general","category-experiencies_educatives","tag-escola-angel-serafi"],"post_mailing_queue_ids":[],"_links":{"self":[{"href":"https:\/\/serveiseducatius.xtec.cat\/pallars\/wp-json\/wp\/v2\/posts\/26852","targetHints":{"allow":["GET"]}}],"collection":[{"href":"https:\/\/serveiseducatius.xtec.cat\/pallars\/wp-json\/wp\/v2\/posts"}],"about":[{"href":"https:\/\/serveiseducatius.xtec.cat\/pallars\/wp-json\/wp\/v2\/types\/post"}],"author":[{"embeddable":true,"href":"https:\/\/serveiseducatius.xtec.cat\/pallars\/wp-json\/wp\/v2\/users\/1"}],"replies":[{"embeddable":true,"href":"https:\/\/serveiseducatius.xtec.cat\/pallars\/wp-json\/wp\/v2\/comments?post=26852"}],"version-history":[{"count":1,"href":"https:\/\/serveiseducatius.xtec.cat\/pallars\/wp-json\/wp\/v2\/posts\/26852\/revisions"}],"predecessor-version":[{"id":26857,"href":"https:\/\/serveiseducatius.xtec.cat\/pallars\/wp-json\/wp\/v2\/posts\/26852\/revisions\/26857"}],"wp:featuredmedia":[{"embeddable":true,"href":"https:\/\/serveiseducatius.xtec.cat\/pallars\/wp-json\/wp\/v2\/media\/26854"}],"wp:attachment":[{"href":"https:\/\/serveiseducatius.xtec.cat\/pallars\/wp-json\/wp\/v2\/media?parent=26852"}],"wp:term":[{"taxonomy":"category","embeddable":true,"href":"https:\/\/serveiseducatius.xtec.cat\/pallars\/wp-json\/wp\/v2\/categories?post=26852"},{"taxonomy":"post_tag","embeddable":true,"href":"https:\/\/serveiseducatius.xtec.cat\/pallars\/wp-json\/wp\/v2\/tags?post=26852"}],"curies":[{"name":"wp","href":"https:\/\/api.w.org\/{rel}","templated":true}]}}