{"id":26720,"date":"2026-02-19T12:47:16","date_gmt":"2026-02-19T11:47:16","guid":{"rendered":"https:\/\/serveiseducatius.xtec.cat\/pallars\/?p=26720"},"modified":"2026-02-19T12:47:17","modified_gmt":"2026-02-19T11:47:17","slug":"lavaluacio-en-el-proces-de-millora-de-lalumnat","status":"publish","type":"post","link":"https:\/\/serveiseducatius.xtec.cat\/pallars\/general\/lavaluacio-en-el-proces-de-millora-de-lalumnat\/","title":{"rendered":"L&#8217;Avaluaci\u00f3 en el proc\u00e9s de millora de l&#8217;alumnat"},"content":{"rendered":"\n<figure class=\"wp-block-image alignright size-full is-resized\"><a href=\"https:\/\/serveiseducatius.xtec.cat\/pallars\/wp-content\/uploads\/usu1099\/2026\/02\/targeto-Marius-Martinez.png\"><img loading=\"lazy\" decoding=\"async\" width=\"953\" height=\"309\" src=\"https:\/\/serveiseducatius.xtec.cat\/pallars\/wp-content\/uploads\/usu1099\/2026\/02\/targeto-Marius-Martinez.png\" alt=\"\" class=\"wp-image-26729\" style=\"width:679px;height:auto\" srcset=\"https:\/\/serveiseducatius.xtec.cat\/pallars\/wp-content\/uploads\/usu1099\/2026\/02\/targeto-Marius-Martinez.png 953w, https:\/\/serveiseducatius.xtec.cat\/pallars\/wp-content\/uploads\/usu1099\/2026\/02\/targeto-Marius-Martinez-300x97.png 300w, https:\/\/serveiseducatius.xtec.cat\/pallars\/wp-content\/uploads\/usu1099\/2026\/02\/targeto-Marius-Martinez-768x249.png 768w\" sizes=\"auto, (max-width: 953px) 100vw, 953px\" \/><\/a><\/figure>\n\n\n\n<p>El proper dijous, <strong>12 de mar\u00e7 de 2026 <\/strong>tindr\u00e0 lloc la confer\u00e8ncia en obert del Dr. M\u00e0rius Mart\u00ednez Mu\u00f1oz sobre l&#8217;Avaluaci\u00f3 en el proc\u00e9s de millora de l&#8217;alumnat. Confer\u00e8ncia programada dins el Seminari d&#8217;equips directius dels Pallars.<\/p>\n\n\n\n<figure class=\"wp-block-table\"><table class=\"has-border-color has-white-border-color has-fixed-layout\"><thead><tr><th class=\"has-text-align-center\" data-align=\"center\">Adre\u00e7ada<\/th><th class=\"has-text-align-center\" data-align=\"center\">Dia<\/th><th class=\"has-text-align-center\" data-align=\"center\">Hora<\/th><\/tr><\/thead><tbody><tr><td class=\"has-text-align-center\" data-align=\"center\">a Equips directius<\/td><td class=\"has-text-align-center\" data-align=\"center\">12 de mar\u00e7 de 2026<\/td><td class=\"has-text-align-center\" data-align=\"center\">10:15 h<\/td><\/tr><\/tbody><\/table><\/figure>\n\n\n\n<figure class=\"wp-block-table\"><table class=\"has-border-color has-white-border-color has-fixed-layout\"><thead><tr><th>A c\u00e0rrec <\/th><th class=\"has-text-align-center\" data-align=\"center\">Lloc<\/th><\/tr><\/thead><tbody><tr><td>Dr. M\u00e0rius Mart\u00ednez Mu\u00f1oz, doctor en Ci\u00e8ncies de l&#8217;Educaci\u00f3, professor titular d&#8217;Orientaci\u00f3 Professional UAB i Pedagog<\/td><td class=\"has-text-align-center\" data-align=\"center\">Sala pinacoteca de Sal\u00e0s de Pallars<\/td><\/tr><\/tbody><\/table><\/figure>\n\n\n\n<p>La confer\u00e8ncia \u00e9s podr\u00e0 seguir en el seg\u00fcent enlla\u00e7  <a href=\"https:\/\/meet.google.com\/vte-ikbk-jif\">https:\/\/meet.google.com\/vte-ikbk-jif<\/a><\/p>\n\n\n\n<h4 class=\"wp-block-heading\">Organitza i Col\u00b7labora<\/h4>\n\n\n\n<figure class=\"wp-block-table\"><table class=\"has-border-color has-white-border-color has-fixed-layout\"><tbody><tr><td><img loading=\"lazy\" decoding=\"async\" width=\"150\" height=\"106\" class=\"wp-image-23186\" style=\"width: 150px;\" src=\"https:\/\/serveiseducatius.xtec.cat\/pallars\/wp-content\/uploads\/usu1099\/2024\/05\/Escola-de-Salas.png\" alt=\"\" srcset=\"https:\/\/serveiseducatius.xtec.cat\/pallars\/wp-content\/uploads\/usu1099\/2024\/05\/Escola-de-Salas.png 2500w, https:\/\/serveiseducatius.xtec.cat\/pallars\/wp-content\/uploads\/usu1099\/2024\/05\/Escola-de-Salas-300x212.png 300w, https:\/\/serveiseducatius.xtec.cat\/pallars\/wp-content\/uploads\/usu1099\/2024\/05\/Escola-de-Salas-1024x724.png 1024w, https:\/\/serveiseducatius.xtec.cat\/pallars\/wp-content\/uploads\/usu1099\/2024\/05\/Escola-de-Salas-768x543.png 768w, https:\/\/serveiseducatius.xtec.cat\/pallars\/wp-content\/uploads\/usu1099\/2024\/05\/Escola-de-Salas-1536x1086.png 1536w, https:\/\/serveiseducatius.xtec.cat\/pallars\/wp-content\/uploads\/usu1099\/2024\/05\/Escola-de-Salas-2048x1448.png 2048w\" sizes=\"auto, (max-width: 150px) 100vw, 150px\" \/><\/td><td class=\"has-text-align-center\" data-align=\"center\"><img loading=\"lazy\" decoding=\"async\" width=\"100\" height=\"130\" class=\"wp-image-26722\" style=\"width: 100px;\" src=\"https:\/\/serveiseducatius.xtec.cat\/pallars\/wp-content\/uploads\/usu1099\/2026\/02\/f10fb700-5136-487f-894e-1f2b1b86aa71.jpeg\" alt=\"\" srcset=\"https:\/\/serveiseducatius.xtec.cat\/pallars\/wp-content\/uploads\/usu1099\/2026\/02\/f10fb700-5136-487f-894e-1f2b1b86aa71.jpeg 324w, https:\/\/serveiseducatius.xtec.cat\/pallars\/wp-content\/uploads\/usu1099\/2026\/02\/f10fb700-5136-487f-894e-1f2b1b86aa71-230x300.jpeg 230w\" sizes=\"auto, (max-width: 100px) 100vw, 100px\" \/><br>Ajuntament de Sal\u00e0s de Pallars<\/td><td><img loading=\"lazy\" decoding=\"async\" width=\"400\" height=\"97\" class=\"wp-image-26721\" style=\"width: 400px;\" src=\"https:\/\/serveiseducatius.xtec.cat\/pallars\/wp-content\/uploads\/usu1099\/2026\/02\/SE-Pallars.png\" alt=\"\" srcset=\"https:\/\/serveiseducatius.xtec.cat\/pallars\/wp-content\/uploads\/usu1099\/2026\/02\/SE-Pallars.png 518w, https:\/\/serveiseducatius.xtec.cat\/pallars\/wp-content\/uploads\/usu1099\/2026\/02\/SE-Pallars-300x73.png 300w\" sizes=\"auto, (max-width: 400px) 100vw, 400px\" \/><\/td><td><\/td><\/tr><\/tbody><\/table><\/figure>\n\n\n\n<p><\/p>\n","protected":false},"excerpt":{"rendered":"<p>12 de mar\u00e7 de 2026.<\/p>\n","protected":false},"author":1,"featured_media":13605,"comment_status":"closed","ping_status":"open","sticky":false,"template":"","format":"standard","meta":{"_bbp_topic_count":0,"_bbp_reply_count":0,"_bbp_total_topic_count":0,"_bbp_total_reply_count":0,"_bbp_voice_count":0,"_bbp_anonymous_reply_count":0,"_bbp_topic_count_hidden":0,"_bbp_reply_count_hidden":0,"_bbp_forum_subforum_count":0,"site-sidebar-layout":"default","site-content-layout":"","ast-site-content-layout":"default","site-content-style":"default","site-sidebar-style":"default","ast-global-header-display":"","ast-banner-title-visibility":"","ast-main-header-display":"","ast-hfb-above-header-display":"","ast-hfb-below-header-display":"","ast-hfb-mobile-header-display":"","site-post-title":"","ast-breadcrumbs-content":"","ast-featured-img":"","footer-sml-layout":"","theme-transparent-header-meta":"","adv-header-id-meta":"","stick-header-meta":"","header-above-stick-meta":"","header-main-stick-meta":"","header-below-stick-meta":"","astra-migrate-meta-layouts":"set","ast-page-background-enabled":"default","ast-page-background-meta":{"desktop":{"background-color":"var(--ast-global-color-4)","background-image":"","background-repeat":"repeat","background-position":"center center","background-size":"auto","background-attachment":"scroll","background-type":"","background-media":"","overlay-type":"","overlay-color":"","overlay-opacity":"","overlay-gradient":""},"tablet":{"background-color":"","background-image":"","background-repeat":"repeat","background-position":"center center","background-size":"auto","background-attachment":"scroll","background-type":"","background-media":"","overlay-type":"","overlay-color":"","overlay-opacity":"","overlay-gradient":""},"mobile":{"background-color":"","background-image":"","background-repeat":"repeat","background-position":"center center","background-size":"auto","background-attachment":"scroll","background-type":"","background-media":"","overlay-type":"","overlay-color":"","overlay-opacity":"","overlay-gradient":""}},"ast-content-background-meta":{"desktop":{"background-color":"var(--ast-global-color-5)","background-image":"","background-repeat":"repeat","background-position":"center center","background-size":"auto","background-attachment":"scroll","background-type":"","background-media":"","overlay-type":"","overlay-color":"","overlay-opacity":"","overlay-gradient":""},"tablet":{"background-color":"var(--ast-global-color-5)","background-image":"","background-repeat":"repeat","background-position":"center center","background-size":"auto","background-attachment":"scroll","background-type":"","background-media":"","overlay-type":"","overlay-color":"","overlay-opacity":"","overlay-gradient":""},"mobile":{"background-color":"var(--ast-global-color-5)","background-image":"","background-repeat":"repeat","background-position":"center center","background-size":"auto","background-attachment":"scroll","background-type":"","background-media":"","overlay-type":"","overlay-color":"","overlay-opacity":"","overlay-gradient":""}},"footnotes":""},"categories":[1,29],"tags":[],"class_list":["post-26720","post","type-post","status-publish","format-standard","has-post-thumbnail","hentry","category-general","category-portada"],"post_mailing_queue_ids":[],"_links":{"self":[{"href":"https:\/\/serveiseducatius.xtec.cat\/pallars\/wp-json\/wp\/v2\/posts\/26720","targetHints":{"allow":["GET"]}}],"collection":[{"href":"https:\/\/serveiseducatius.xtec.cat\/pallars\/wp-json\/wp\/v2\/posts"}],"about":[{"href":"https:\/\/serveiseducatius.xtec.cat\/pallars\/wp-json\/wp\/v2\/types\/post"}],"author":[{"embeddable":true,"href":"https:\/\/serveiseducatius.xtec.cat\/pallars\/wp-json\/wp\/v2\/users\/1"}],"replies":[{"embeddable":true,"href":"https:\/\/serveiseducatius.xtec.cat\/pallars\/wp-json\/wp\/v2\/comments?post=26720"}],"version-history":[{"count":4,"href":"https:\/\/serveiseducatius.xtec.cat\/pallars\/wp-json\/wp\/v2\/posts\/26720\/revisions"}],"predecessor-version":[{"id":26730,"href":"https:\/\/serveiseducatius.xtec.cat\/pallars\/wp-json\/wp\/v2\/posts\/26720\/revisions\/26730"}],"wp:featuredmedia":[{"embeddable":true,"href":"https:\/\/serveiseducatius.xtec.cat\/pallars\/wp-json\/wp\/v2\/media\/13605"}],"wp:attachment":[{"href":"https:\/\/serveiseducatius.xtec.cat\/pallars\/wp-json\/wp\/v2\/media?parent=26720"}],"wp:term":[{"taxonomy":"category","embeddable":true,"href":"https:\/\/serveiseducatius.xtec.cat\/pallars\/wp-json\/wp\/v2\/categories?post=26720"},{"taxonomy":"post_tag","embeddable":true,"href":"https:\/\/serveiseducatius.xtec.cat\/pallars\/wp-json\/wp\/v2\/tags?post=26720"}],"curies":[{"name":"wp","href":"https:\/\/api.w.org\/{rel}","templated":true}]}}