{"id":26670,"date":"2026-01-29T13:48:37","date_gmt":"2026-01-29T12:48:37","guid":{"rendered":"https:\/\/serveiseducatius.xtec.cat\/pallars\/?p=26670"},"modified":"2026-01-29T14:13:44","modified_gmt":"2026-01-29T13:13:44","slug":"geoxperts-del-pirineu-3a-edicio","status":"publish","type":"post","link":"https:\/\/serveiseducatius.xtec.cat\/pallars\/portada\/geoxperts-del-pirineu-3a-edicio\/","title":{"rendered":"GeoXperts del Pirineu. 3a Edici\u00f3"},"content":{"rendered":"\n<div class=\"wp-block-columns is-layout-flex wp-container-core-columns-is-layout-1 wp-block-columns-is-layout-flex\">\n<div class=\"wp-block-column is-layout-flow wp-block-column-is-layout-flow\" style=\"flex-basis:33.33%\">\n<figure class=\"wp-block-image size-large\"><a href=\"https:\/\/serveiseducatius.xtec.cat\/pallars\/wp-content\/uploads\/usu1099\/2026\/01\/Programa-GeoXperts-26-2_page-0001.jpg\"><img loading=\"lazy\" decoding=\"async\" width=\"724\" height=\"1024\" src=\"https:\/\/serveiseducatius.xtec.cat\/pallars\/wp-content\/uploads\/usu1099\/2026\/01\/Programa-GeoXperts-26-2_page-0001-724x1024.jpg\" alt=\"\" class=\"wp-image-26671\" srcset=\"https:\/\/serveiseducatius.xtec.cat\/pallars\/wp-content\/uploads\/usu1099\/2026\/01\/Programa-GeoXperts-26-2_page-0001-724x1024.jpg 724w, https:\/\/serveiseducatius.xtec.cat\/pallars\/wp-content\/uploads\/usu1099\/2026\/01\/Programa-GeoXperts-26-2_page-0001-212x300.jpg 212w, https:\/\/serveiseducatius.xtec.cat\/pallars\/wp-content\/uploads\/usu1099\/2026\/01\/Programa-GeoXperts-26-2_page-0001-768x1086.jpg 768w, https:\/\/serveiseducatius.xtec.cat\/pallars\/wp-content\/uploads\/usu1099\/2026\/01\/Programa-GeoXperts-26-2_page-0001-1086x1536.jpg 1086w, https:\/\/serveiseducatius.xtec.cat\/pallars\/wp-content\/uploads\/usu1099\/2026\/01\/Programa-GeoXperts-26-2_page-0001.jpg 1241w\" sizes=\"auto, (max-width: 724px) 100vw, 724px\" \/><\/a><\/figure>\n<\/div>\n\n\n\n<div class=\"wp-block-column is-layout-flow wp-block-column-is-layout-flow\" style=\"flex-basis:66.66%\">\n<p>Per tercer any consecutiu, el Camp d\u2019Aprenentatge de Tremp organitza la jornada&nbsp;<strong><em>GeoXperts del Pirineu.<\/em><\/strong><\/p>\n\n\n\n<p>Per si no ho coneixeu,<em>GeoXperts&nbsp;del Pirineu&nbsp;<\/em>\u00e9s una trobada dirigida a tot l\u2019alumnat de&nbsp;<strong>4t d\u2019ESO<\/strong>&nbsp;de l\u2019Alt Pirineu i Aran que cursen la mat\u00e8ria optativa de Biologia i Geologia. Amb la geologia com a fil conductor, l\u2019alumnat treballa en petits grups per a resoldre reptes a diferents empla\u00e7aments de la ciutat de Tremp. Els i les noies competeixen amb grups de 12, formats per alumnes de 4 centres educatius diferents (3 alumnes de cada centre). En cada una d\u2019aquestes activitats obtenen una puntuaci\u00f3 que els permetr\u00e0 competir per al premi final: un vol amb globus pel Geoparc Or\u00edgens.<\/p>\n\n\n\n<p>Participaran uns 200 alumnes procedents de 9 centres educatius de les comarques del Pallars Juss\u00e0, Pallars Sobir\u00e0, Alt Urgell  i Vall d\u2019Aran.<\/p>\n\n\n\n<h4 class=\"wp-block-heading\"><strong>Dia<\/strong><\/h4>\n\n\n\n<p>Dijous, 26 de febrer de 2026<\/p>\n\n\n\n<h4 class=\"wp-block-heading\"><strong>Destinataris<\/strong><\/h4>\n\n\n\n<p>Alumnat de 4t d\u2019ESO de l\u2019Alt Pirineu i Aran<\/p>\n\n\n\n<h4 class=\"wp-block-heading\"><strong>Objectius<\/strong><\/h4>\n\n\n\n<p>\u2022 Promoure el&nbsp;<strong>coneixement i l\u2019intercanvi<\/strong>&nbsp;entre alumnat de l\u2019Alt Pirineu i Aran per crear&nbsp;<strong>sentiment de pertinen\u00e7a<\/strong>&nbsp;al territori.<br>\u2022 Potenciar la<strong>&nbsp;geologia<\/strong>&nbsp;que caracteritza la zona on ens ubiquem i el Pirineu en general, i fer-ho d\u2019una forma amena i motivadora.<\/p>\n\n\n\n<h4 class=\"wp-block-heading\"><strong>Col\u00b7laboracions<\/strong><\/h4>\n\n\n\n<p>Aquesta trobada consta amb la col\u00b7laboraci\u00f3 de l\u2019<strong>IDAPA<\/strong>, que financia el transport i el premi final de la jornada, a m\u00e9s del&nbsp;<strong>Geoparc Or\u00edgens<\/strong>&nbsp;i l\u2019<strong>ICGC&nbsp;<\/strong>que participen en la creaci\u00f3 i conducci\u00f3 de les activitats, aix\u00ed com en la cessi\u00f3 d\u2019alguns espais per a realitzar-les.<\/p>\n\n\n\n<h4 class=\"wp-block-heading\"><strong><a href=\"https:\/\/drive.google.com\/file\/d\/1M7k06eMpSih50Gn9NBCI4oO4SFlgiTC1\/view?usp=sharing\">Programa<\/a><\/strong><\/h4>\n<\/div>\n<\/div>\n","protected":false},"excerpt":{"rendered":"<p>Per tercer any consecutiu, el Camp d\u2019Aprenentatge de Tremp organitza la jornada&nbsp;GeoXperts del Pirineu. Per si no ho coneixeu,GeoXperts&nbsp;del Pirineu&nbsp;\u00e9s [&hellip;]<\/p>\n","protected":false},"author":1,"featured_media":26672,"comment_status":"closed","ping_status":"open","sticky":false,"template":"","format":"standard","meta":{"_bbp_topic_count":0,"_bbp_reply_count":0,"_bbp_total_topic_count":0,"_bbp_total_reply_count":0,"_bbp_voice_count":0,"_bbp_anonymous_reply_count":0,"_bbp_topic_count_hidden":0,"_bbp_reply_count_hidden":0,"_bbp_forum_subforum_count":0,"site-sidebar-layout":"default","site-content-layout":"","ast-site-content-layout":"default","site-content-style":"default","site-sidebar-style":"default","ast-global-header-display":"","ast-banner-title-visibility":"","ast-main-header-display":"","ast-hfb-above-header-display":"","ast-hfb-below-header-display":"","ast-hfb-mobile-header-display":"","site-post-title":"","ast-breadcrumbs-content":"","ast-featured-img":"","footer-sml-layout":"","theme-transparent-header-meta":"","adv-header-id-meta":"","stick-header-meta":"","header-above-stick-meta":"","header-main-stick-meta":"","header-below-stick-meta":"","astra-migrate-meta-layouts":"set","ast-page-background-enabled":"default","ast-page-background-meta":{"desktop":{"background-color":"var(--ast-global-color-4)","background-image":"","background-repeat":"repeat","background-position":"center center","background-size":"auto","background-attachment":"scroll","background-type":"","background-media":"","overlay-type":"","overlay-color":"","overlay-opacity":"","overlay-gradient":""},"tablet":{"background-color":"","background-image":"","background-repeat":"repeat","background-position":"center center","background-size":"auto","background-attachment":"scroll","background-type":"","background-media":"","overlay-type":"","overlay-color":"","overlay-opacity":"","overlay-gradient":""},"mobile":{"background-color":"","background-image":"","background-repeat":"repeat","background-position":"center center","background-size":"auto","background-attachment":"scroll","background-type":"","background-media":"","overlay-type":"","overlay-color":"","overlay-opacity":"","overlay-gradient":""}},"ast-content-background-meta":{"desktop":{"background-color":"var(--ast-global-color-5)","background-image":"","background-repeat":"repeat","background-position":"center center","background-size":"auto","background-attachment":"scroll","background-type":"","background-media":"","overlay-type":"","overlay-color":"","overlay-opacity":"","overlay-gradient":""},"tablet":{"background-color":"var(--ast-global-color-5)","background-image":"","background-repeat":"repeat","background-position":"center center","background-size":"auto","background-attachment":"scroll","background-type":"","background-media":"","overlay-type":"","overlay-color":"","overlay-opacity":"","overlay-gradient":""},"mobile":{"background-color":"var(--ast-global-color-5)","background-image":"","background-repeat":"repeat","background-position":"center center","background-size":"auto","background-attachment":"scroll","background-type":"","background-media":"","overlay-type":"","overlay-color":"","overlay-opacity":"","overlay-gradient":""}},"footnotes":""},"categories":[29],"tags":[],"class_list":["post-26670","post","type-post","status-publish","format-standard","has-post-thumbnail","hentry","category-portada"],"post_mailing_queue_ids":[],"_links":{"self":[{"href":"https:\/\/serveiseducatius.xtec.cat\/pallars\/wp-json\/wp\/v2\/posts\/26670","targetHints":{"allow":["GET"]}}],"collection":[{"href":"https:\/\/serveiseducatius.xtec.cat\/pallars\/wp-json\/wp\/v2\/posts"}],"about":[{"href":"https:\/\/serveiseducatius.xtec.cat\/pallars\/wp-json\/wp\/v2\/types\/post"}],"author":[{"embeddable":true,"href":"https:\/\/serveiseducatius.xtec.cat\/pallars\/wp-json\/wp\/v2\/users\/1"}],"replies":[{"embeddable":true,"href":"https:\/\/serveiseducatius.xtec.cat\/pallars\/wp-json\/wp\/v2\/comments?post=26670"}],"version-history":[{"count":2,"href":"https:\/\/serveiseducatius.xtec.cat\/pallars\/wp-json\/wp\/v2\/posts\/26670\/revisions"}],"predecessor-version":[{"id":26674,"href":"https:\/\/serveiseducatius.xtec.cat\/pallars\/wp-json\/wp\/v2\/posts\/26670\/revisions\/26674"}],"wp:featuredmedia":[{"embeddable":true,"href":"https:\/\/serveiseducatius.xtec.cat\/pallars\/wp-json\/wp\/v2\/media\/26672"}],"wp:attachment":[{"href":"https:\/\/serveiseducatius.xtec.cat\/pallars\/wp-json\/wp\/v2\/media?parent=26670"}],"wp:term":[{"taxonomy":"category","embeddable":true,"href":"https:\/\/serveiseducatius.xtec.cat\/pallars\/wp-json\/wp\/v2\/categories?post=26670"},{"taxonomy":"post_tag","embeddable":true,"href":"https:\/\/serveiseducatius.xtec.cat\/pallars\/wp-json\/wp\/v2\/tags?post=26670"}],"curies":[{"name":"wp","href":"https:\/\/api.w.org\/{rel}","templated":true}]}}