{"id":26649,"date":"2026-01-02T11:21:13","date_gmt":"2026-01-02T10:21:13","guid":{"rendered":"https:\/\/serveiseducatius.xtec.cat\/pallars\/?p=26649"},"modified":"2026-01-08T11:21:55","modified_gmt":"2026-01-08T10:21:55","slug":"prevencio-de-lassetjament-escolar-formacio","status":"publish","type":"post","link":"https:\/\/serveiseducatius.xtec.cat\/pallars\/portada\/prevencio-de-lassetjament-escolar-formacio\/","title":{"rendered":"Prevenci\u00f3 de l&#8217;assetjament escolar. Formaci\u00f3"},"content":{"rendered":"\n<p>\u00a0L\u2019equip t\u00e8cnic del programa<strong>\u00a0#aquiproubullying<\/strong>\u00a0ha impulsat la creaci\u00f3 d&#8217;un<strong>\u00a0programa formatiu per a la prevenci\u00f3 de l&#8217;assetjament escolar en format en l\u00ednia que consta de dos cursos.\u00a0<\/strong><\/p>\n\n\n\n<p>Els cursos compten amb el suport d&#8217;un tutor o tutora que far\u00e0 l&#8217;acompanyament de les tasques entregades de forma personalitzada i \u00e9s en format as\u00edncron. <\/p>\n\n\n\n<p><strong><em>Prevenci\u00f3 de l&#8217;assetjament escolar: Sensibilitzaci\u00f3 i observaci\u00f3 conscient<\/em><\/strong>, aquest segon curs en l\u00ednia que realitzarem pr\u00f2ximament.<\/p>\n\n\n\n<ul class=\"wp-block-list\">\n<li><strong>Inscripcions:\u00a0<\/strong>del 7 al 15 de gener de 2026<\/li>\n\n\n\n<li><strong>Dates del curs:\u00a0<\/strong>10\/02\/2026 fins a 24\/03\/2026<\/li>\n\n\n\n<li><strong>Hores:<\/strong>\u00a020 h<\/li>\n\n\n\n<li><strong>Enlla\u00e7 a la inscripci\u00f3:\u00a0<\/strong><a href=\"https:\/\/aplicacions.gestioeducativa.gencat.cat\/ords\/pls\/soloas\/inscripcionsnp?codi=9003110517&amp;curs=2025-2026\" target=\"_blank\" rel=\"noreferrer noopener\"><strong>Prevenci\u00f3 de l&#8217;assetjament escolar: sensibilitzaci\u00f3 i observaci\u00f3 conscient.<\/strong><\/a><\/li>\n<\/ul>\n\n\n\n<p><strong>P<em>revenci\u00f3 de l&#8217;assetjament escolar: Provenci\u00f3<\/em>,\u00a0\u00a0<\/strong>que ens acompanyar\u00e0 a reflexionar sobre el concepte de provenci\u00f3, com aplicar-la en la creaci\u00f3 i formaci\u00f3 de grups i la import\u00e0ncia del desenvolupament de l&#8217;educaci\u00f3 socioemocional, situant la\u00a0<strong>provenci\u00f3<\/strong>\u00a0com una de les estrat\u00e8gies preventives m\u00e9s importants.<\/p>\n\n\n\n<ul class=\"wp-block-list\">\n<li><strong>Inscripci\u00f3:<\/strong>\u00a0del 7 al 15 de gener de 2026<\/li>\n\n\n\n<li><strong>Dates del curs:\u00a0<\/strong>10\/02\/2026 fins a 07\/04\/2026<\/li>\n\n\n\n<li><strong>Hores:<\/strong>\u00a030h<\/li>\n\n\n\n<li><strong>Enlla\u00e7 a la inscripci\u00f3:\u00a0<\/strong><a href=\"https:\/\/aplicacions.gestioeducativa.gencat.cat\/ords\/pls\/soloas\/inscripcionsnp?codi=9003060517&amp;curs=2025-2026\" target=\"_blank\" rel=\"noreferrer noopener\"><strong>Prevenci\u00f3 de l&#8217;assetjament escolar: provenci\u00f3<\/strong><\/a><\/li>\n<\/ul>\n\n\n\n<div class=\"wp-block-columns is-layout-flex wp-container-core-columns-is-layout-1 wp-block-columns-is-layout-flex\">\n<div class=\"wp-block-column is-layout-flow wp-block-column-is-layout-flow\">\n<figure class=\"wp-block-image size-large\"><a href=\"https:\/\/aplicacions.gestioeducativa.gencat.cat\/ords\/pls\/soloas\/inscripcionsnp?codi=9003110517&amp;curs=2025-2026\"><img loading=\"lazy\" decoding=\"async\" width=\"1024\" height=\"576\" src=\"https:\/\/serveiseducatius.xtec.cat\/pallars\/wp-content\/uploads\/usu1099\/2026\/01\/unnamed-2-1024x576.png\" alt=\"\" class=\"wp-image-26650\" srcset=\"https:\/\/serveiseducatius.xtec.cat\/pallars\/wp-content\/uploads\/usu1099\/2026\/01\/unnamed-2-1024x576.png 1024w, https:\/\/serveiseducatius.xtec.cat\/pallars\/wp-content\/uploads\/usu1099\/2026\/01\/unnamed-2-300x169.png 300w, https:\/\/serveiseducatius.xtec.cat\/pallars\/wp-content\/uploads\/usu1099\/2026\/01\/unnamed-2-768x432.png 768w, https:\/\/serveiseducatius.xtec.cat\/pallars\/wp-content\/uploads\/usu1099\/2026\/01\/unnamed-2-1536x864.png 1536w, https:\/\/serveiseducatius.xtec.cat\/pallars\/wp-content\/uploads\/usu1099\/2026\/01\/unnamed-2.png 1600w\" sizes=\"auto, (max-width: 1024px) 100vw, 1024px\" \/><\/a><\/figure>\n<\/div>\n\n\n\n<div class=\"wp-block-column is-layout-flow wp-block-column-is-layout-flow\">\n<figure class=\"wp-block-image size-large\"><a href=\"https:\/\/aplicacions.gestioeducativa.gencat.cat\/ords\/pls\/soloas\/inscripcionsnp?codi=9003060517&amp;curs=2025-2026\"><img loading=\"lazy\" decoding=\"async\" width=\"1024\" height=\"576\" src=\"https:\/\/serveiseducatius.xtec.cat\/pallars\/wp-content\/uploads\/usu1099\/2026\/01\/unnamed-3-1024x576.png\" alt=\"\" class=\"wp-image-26651\" srcset=\"https:\/\/serveiseducatius.xtec.cat\/pallars\/wp-content\/uploads\/usu1099\/2026\/01\/unnamed-3-1024x576.png 1024w, https:\/\/serveiseducatius.xtec.cat\/pallars\/wp-content\/uploads\/usu1099\/2026\/01\/unnamed-3-300x169.png 300w, https:\/\/serveiseducatius.xtec.cat\/pallars\/wp-content\/uploads\/usu1099\/2026\/01\/unnamed-3-768x432.png 768w, https:\/\/serveiseducatius.xtec.cat\/pallars\/wp-content\/uploads\/usu1099\/2026\/01\/unnamed-3-1536x864.png 1536w, https:\/\/serveiseducatius.xtec.cat\/pallars\/wp-content\/uploads\/usu1099\/2026\/01\/unnamed-3.png 1600w\" sizes=\"auto, (max-width: 1024px) 100vw, 1024px\" \/><\/a><\/figure>\n<\/div>\n<\/div>\n","protected":false},"excerpt":{"rendered":"<p>Oberta inscripcions del 7 al 15 de gener. Curs en l\u00ednia<\/p>\n","protected":false},"author":1,"featured_media":23745,"comment_status":"closed","ping_status":"open","sticky":false,"template":"","format":"standard","meta":{"_bbp_topic_count":0,"_bbp_reply_count":0,"_bbp_total_topic_count":0,"_bbp_total_reply_count":0,"_bbp_voice_count":0,"_bbp_anonymous_reply_count":0,"_bbp_topic_count_hidden":0,"_bbp_reply_count_hidden":0,"_bbp_forum_subforum_count":0,"site-sidebar-layout":"default","site-content-layout":"","ast-site-content-layout":"default","site-content-style":"default","site-sidebar-style":"default","ast-global-header-display":"","ast-banner-title-visibility":"","ast-main-header-display":"","ast-hfb-above-header-display":"","ast-hfb-below-header-display":"","ast-hfb-mobile-header-display":"","site-post-title":"","ast-breadcrumbs-content":"","ast-featured-img":"","footer-sml-layout":"","theme-transparent-header-meta":"","adv-header-id-meta":"","stick-header-meta":"","header-above-stick-meta":"","header-main-stick-meta":"","header-below-stick-meta":"","astra-migrate-meta-layouts":"set","ast-page-background-enabled":"default","ast-page-background-meta":{"desktop":{"background-color":"var(--ast-global-color-4)","background-image":"","background-repeat":"repeat","background-position":"center center","background-size":"auto","background-attachment":"scroll","background-type":"","background-media":"","overlay-type":"","overlay-color":"","overlay-opacity":"","overlay-gradient":""},"tablet":{"background-color":"","background-image":"","background-repeat":"repeat","background-position":"center center","background-size":"auto","background-attachment":"scroll","background-type":"","background-media":"","overlay-type":"","overlay-color":"","overlay-opacity":"","overlay-gradient":""},"mobile":{"background-color":"","background-image":"","background-repeat":"repeat","background-position":"center center","background-size":"auto","background-attachment":"scroll","background-type":"","background-media":"","overlay-type":"","overlay-color":"","overlay-opacity":"","overlay-gradient":""}},"ast-content-background-meta":{"desktop":{"background-color":"var(--ast-global-color-5)","background-image":"","background-repeat":"repeat","background-position":"center center","background-size":"auto","background-attachment":"scroll","background-type":"","background-media":"","overlay-type":"","overlay-color":"","overlay-opacity":"","overlay-gradient":""},"tablet":{"background-color":"var(--ast-global-color-5)","background-image":"","background-repeat":"repeat","background-position":"center center","background-size":"auto","background-attachment":"scroll","background-type":"","background-media":"","overlay-type":"","overlay-color":"","overlay-opacity":"","overlay-gradient":""},"mobile":{"background-color":"var(--ast-global-color-5)","background-image":"","background-repeat":"repeat","background-position":"center center","background-size":"auto","background-attachment":"scroll","background-type":"","background-media":"","overlay-type":"","overlay-color":"","overlay-opacity":"","overlay-gradient":""}},"footnotes":""},"categories":[29],"tags":[],"class_list":["post-26649","post","type-post","status-publish","format-standard","has-post-thumbnail","hentry","category-portada"],"post_mailing_queue_ids":[],"_links":{"self":[{"href":"https:\/\/serveiseducatius.xtec.cat\/pallars\/wp-json\/wp\/v2\/posts\/26649","targetHints":{"allow":["GET"]}}],"collection":[{"href":"https:\/\/serveiseducatius.xtec.cat\/pallars\/wp-json\/wp\/v2\/posts"}],"about":[{"href":"https:\/\/serveiseducatius.xtec.cat\/pallars\/wp-json\/wp\/v2\/types\/post"}],"author":[{"embeddable":true,"href":"https:\/\/serveiseducatius.xtec.cat\/pallars\/wp-json\/wp\/v2\/users\/1"}],"replies":[{"embeddable":true,"href":"https:\/\/serveiseducatius.xtec.cat\/pallars\/wp-json\/wp\/v2\/comments?post=26649"}],"version-history":[{"count":1,"href":"https:\/\/serveiseducatius.xtec.cat\/pallars\/wp-json\/wp\/v2\/posts\/26649\/revisions"}],"predecessor-version":[{"id":26652,"href":"https:\/\/serveiseducatius.xtec.cat\/pallars\/wp-json\/wp\/v2\/posts\/26649\/revisions\/26652"}],"wp:featuredmedia":[{"embeddable":true,"href":"https:\/\/serveiseducatius.xtec.cat\/pallars\/wp-json\/wp\/v2\/media\/23745"}],"wp:attachment":[{"href":"https:\/\/serveiseducatius.xtec.cat\/pallars\/wp-json\/wp\/v2\/media?parent=26649"}],"wp:term":[{"taxonomy":"category","embeddable":true,"href":"https:\/\/serveiseducatius.xtec.cat\/pallars\/wp-json\/wp\/v2\/categories?post=26649"},{"taxonomy":"post_tag","embeddable":true,"href":"https:\/\/serveiseducatius.xtec.cat\/pallars\/wp-json\/wp\/v2\/tags?post=26649"}],"curies":[{"name":"wp","href":"https:\/\/api.w.org\/{rel}","templated":true}]}}