{"id":26533,"date":"2025-11-27T14:13:38","date_gmt":"2025-11-27T13:13:38","guid":{"rendered":"https:\/\/serveiseducatius.xtec.cat\/pallars\/?p=26533"},"modified":"2025-11-27T14:13:39","modified_gmt":"2025-11-27T13:13:39","slug":"nou-cercador-de-pellicules-amb-material-didactic","status":"publish","type":"post","link":"https:\/\/serveiseducatius.xtec.cat\/pallars\/portada\/nou-cercador-de-pellicules-amb-material-didactic\/","title":{"rendered":"Nou cercador de pel\u00b7l\u00edcules amb material did\u00e0ctic"},"content":{"rendered":"\n<figure class=\"wp-block-image alignleft size-full is-resized\"><a href=\"https:\/\/serveiseducatius.xtec.cat\/pallars\/wp-content\/uploads\/usu1099\/2020\/04\/cinema-1.png\"><img loading=\"lazy\" decoding=\"async\" width=\"225\" height=\"225\" src=\"https:\/\/serveiseducatius.xtec.cat\/pallars\/wp-content\/uploads\/usu1099\/2020\/04\/cinema-1.png\" alt=\"\" class=\"wp-image-13103\" style=\"width:228px;height:auto\" srcset=\"https:\/\/serveiseducatius.xtec.cat\/pallars\/wp-content\/uploads\/usu1099\/2020\/04\/cinema-1.png 225w, https:\/\/serveiseducatius.xtec.cat\/pallars\/wp-content\/uploads\/usu1099\/2020\/04\/cinema-1-150x150.png 150w\" sizes=\"auto, (max-width: 225px) 100vw, 225px\" \/><\/a><\/figure>\n\n\n\n<p>El Museu del cinema, Col\u00b7lecci\u00f3 Tom\u00e0s Mallol  posa a l&#8217;abast dels docents un\u00a0<strong><a href=\"https:\/\/museudelcinema.girona.cat\/cat\/educacio_professorat_cinescola.php\">nou cercador web<\/a><\/strong>\u00a0amb gaireb\u00e9 200 materials did\u00e0ctics en catal\u00e0 per treballar el cinema a l\u2019aula, gr\u00e0cies al conveni amb\u00a0<strong>Cinescola<\/strong>, entitat de refer\u00e8ncia en educaci\u00f3 audiovisual, que ha cedit tots els seus continguts per garantir-ne la continu\u00eftat.<br>Hi trobareu<strong>\u00a0propostes did\u00e0ctiques de pel\u00b7l\u00edcules\u00a0, <\/strong>que es poden filtrar\u00a0per edat i tem\u00e0tica, amb activitats, debats, an\u00e0lisi cr\u00edtica, recursos t\u00e8cnics i lectures de suport.Tot el material \u00e9s gratu\u00eft, en catal\u00e0, i accessible des de\u00a0l\u2019apartat de<a href=\"https:\/\/museudelcinema.girona.cat\/cat\/educacio_professorat_cursos.php\">\u00a0recursos per a professorat\u00a0<\/a>\u00a0del web del Museu.<br>Aquest recurs vol oferir eines pr\u00e0ctiques, adaptables a totes les etapes educatives, i facilitar la incorporaci\u00f3 del cinema a  l&#8217;aula, fomentant el\u00a0<strong>pensament cr\u00edtic de l\u2019alumna<\/strong>t.<br>Un espai creat i pensat per\u00a0<strong>enriquir el treball audiovisual a l\u2019aula<\/strong>.<\/p>\n","protected":false},"excerpt":{"rendered":"<p>Cercador pel\u00b7l\u00edcules amb material did\u00e0ctic del Museu del cinema<\/p>\n","protected":false},"author":1,"featured_media":13103,"comment_status":"closed","ping_status":"open","sticky":false,"template":"","format":"standard","meta":{"_bbp_topic_count":0,"_bbp_reply_count":0,"_bbp_total_topic_count":0,"_bbp_total_reply_count":0,"_bbp_voice_count":0,"_bbp_anonymous_reply_count":0,"_bbp_topic_count_hidden":0,"_bbp_reply_count_hidden":0,"_bbp_forum_subforum_count":0,"site-sidebar-layout":"default","site-content-layout":"","ast-site-content-layout":"default","site-content-style":"default","site-sidebar-style":"default","ast-global-header-display":"","ast-banner-title-visibility":"","ast-main-header-display":"","ast-hfb-above-header-display":"","ast-hfb-below-header-display":"","ast-hfb-mobile-header-display":"","site-post-title":"","ast-breadcrumbs-content":"","ast-featured-img":"","footer-sml-layout":"","theme-transparent-header-meta":"","adv-header-id-meta":"","stick-header-meta":"","header-above-stick-meta":"","header-main-stick-meta":"","header-below-stick-meta":"","astra-migrate-meta-layouts":"set","ast-page-background-enabled":"default","ast-page-background-meta":{"desktop":{"background-color":"var(--ast-global-color-4)","background-image":"","background-repeat":"repeat","background-position":"center center","background-size":"auto","background-attachment":"scroll","background-type":"","background-media":"","overlay-type":"","overlay-color":"","overlay-opacity":"","overlay-gradient":""},"tablet":{"background-color":"","background-image":"","background-repeat":"repeat","background-position":"center center","background-size":"auto","background-attachment":"scroll","background-type":"","background-media":"","overlay-type":"","overlay-color":"","overlay-opacity":"","overlay-gradient":""},"mobile":{"background-color":"","background-image":"","background-repeat":"repeat","background-position":"center center","background-size":"auto","background-attachment":"scroll","background-type":"","background-media":"","overlay-type":"","overlay-color":"","overlay-opacity":"","overlay-gradient":""}},"ast-content-background-meta":{"desktop":{"background-color":"var(--ast-global-color-5)","background-image":"","background-repeat":"repeat","background-position":"center center","background-size":"auto","background-attachment":"scroll","background-type":"","background-media":"","overlay-type":"","overlay-color":"","overlay-opacity":"","overlay-gradient":""},"tablet":{"background-color":"var(--ast-global-color-5)","background-image":"","background-repeat":"repeat","background-position":"center center","background-size":"auto","background-attachment":"scroll","background-type":"","background-media":"","overlay-type":"","overlay-color":"","overlay-opacity":"","overlay-gradient":""},"mobile":{"background-color":"var(--ast-global-color-5)","background-image":"","background-repeat":"repeat","background-position":"center center","background-size":"auto","background-attachment":"scroll","background-type":"","background-media":"","overlay-type":"","overlay-color":"","overlay-opacity":"","overlay-gradient":""}},"footnotes":""},"categories":[29],"tags":[],"class_list":["post-26533","post","type-post","status-publish","format-standard","has-post-thumbnail","hentry","category-portada"],"post_mailing_queue_ids":[],"_links":{"self":[{"href":"https:\/\/serveiseducatius.xtec.cat\/pallars\/wp-json\/wp\/v2\/posts\/26533","targetHints":{"allow":["GET"]}}],"collection":[{"href":"https:\/\/serveiseducatius.xtec.cat\/pallars\/wp-json\/wp\/v2\/posts"}],"about":[{"href":"https:\/\/serveiseducatius.xtec.cat\/pallars\/wp-json\/wp\/v2\/types\/post"}],"author":[{"embeddable":true,"href":"https:\/\/serveiseducatius.xtec.cat\/pallars\/wp-json\/wp\/v2\/users\/1"}],"replies":[{"embeddable":true,"href":"https:\/\/serveiseducatius.xtec.cat\/pallars\/wp-json\/wp\/v2\/comments?post=26533"}],"version-history":[{"count":1,"href":"https:\/\/serveiseducatius.xtec.cat\/pallars\/wp-json\/wp\/v2\/posts\/26533\/revisions"}],"predecessor-version":[{"id":26534,"href":"https:\/\/serveiseducatius.xtec.cat\/pallars\/wp-json\/wp\/v2\/posts\/26533\/revisions\/26534"}],"wp:featuredmedia":[{"embeddable":true,"href":"https:\/\/serveiseducatius.xtec.cat\/pallars\/wp-json\/wp\/v2\/media\/13103"}],"wp:attachment":[{"href":"https:\/\/serveiseducatius.xtec.cat\/pallars\/wp-json\/wp\/v2\/media?parent=26533"}],"wp:term":[{"taxonomy":"category","embeddable":true,"href":"https:\/\/serveiseducatius.xtec.cat\/pallars\/wp-json\/wp\/v2\/categories?post=26533"},{"taxonomy":"post_tag","embeddable":true,"href":"https:\/\/serveiseducatius.xtec.cat\/pallars\/wp-json\/wp\/v2\/tags?post=26533"}],"curies":[{"name":"wp","href":"https:\/\/api.w.org\/{rel}","templated":true}]}}