{"id":26478,"date":"2025-12-12T16:58:41","date_gmt":"2025-12-12T15:58:41","guid":{"rendered":"https:\/\/serveiseducatius.xtec.cat\/pallars\/?p=26478"},"modified":"2025-12-15T15:13:08","modified_gmt":"2025-12-15T14:13:08","slug":"tallers-de-lectura-en-veu-alta","status":"publish","type":"post","link":"https:\/\/serveiseducatius.xtec.cat\/pallars\/general\/tallers-de-lectura-en-veu-alta\/","title":{"rendered":"Tallers de lectura en veu alta"},"content":{"rendered":"\n<figure class=\"wp-block-image alignright size-full is-resized\"><a href=\"https:\/\/serveiseducatius.xtec.cat\/pallars\/wp-content\/uploads\/usu1099\/2025\/11\/Tallers-de-lectura-en-veu-alta.jpg\"><img loading=\"lazy\" decoding=\"async\" width=\"580\" height=\"330\" src=\"https:\/\/serveiseducatius.xtec.cat\/pallars\/wp-content\/uploads\/usu1099\/2025\/11\/Tallers-de-lectura-en-veu-alta.jpg\" alt=\"\" class=\"wp-image-26480\" style=\"width:498px;height:auto\" srcset=\"https:\/\/serveiseducatius.xtec.cat\/pallars\/wp-content\/uploads\/usu1099\/2025\/11\/Tallers-de-lectura-en-veu-alta.jpg 580w, https:\/\/serveiseducatius.xtec.cat\/pallars\/wp-content\/uploads\/usu1099\/2025\/11\/Tallers-de-lectura-en-veu-alta-300x171.jpg 300w\" sizes=\"auto, (max-width: 580px) 100vw, 580px\" \/><\/a><\/figure>\n\n\n\n<p>El Departament d\u2019Educaci\u00f3 organitza l\u2019activitat de formaci\u00f3&nbsp;<strong>Tallers de lectura en veu alta&nbsp;<\/strong>per als professors inscrits en el Certamen de Lectura en Veu Alta 2026.<br><br>Aquests tallers en l\u00ednia&nbsp;tenen per objectius sumar creativitat i comprom\u00eds t\u00e8cnic a l\u2019hora de parlar en p\u00fablic, adquirir eines per poder llegir i parlar amb confian\u00e7a davant d\u2019un auditori, combatre la monotonia a l\u2019hora de parlar en veu alta i&nbsp;redescobrir el plaer de la paraula dita, entre d\u2019altres.<br><br>Tingueu en compte les seg\u00fcents informacions per&nbsp;fer la inscripci\u00f3:<\/p>\n\n\n\n<ul class=\"wp-block-list\">\n<li><strong>Data d&#8217;inscripci\u00f3<\/strong>: a partir del 2 de desembre de 2025<\/li>\n\n\n\n<li><strong>Inscripci\u00f3<\/strong>: a trav\u00e9s del sistema de gesti\u00f3&nbsp;de formaci\u00f3 del departament (<a href=\"https:\/\/butlleti.enciclopedia.cat\/click.php?L=NncNqit5UrQnE2cVee1yuA&amp;J=oQKS5nnTuy763iOAc0ZwFNK6oPNQ1bzrtE763SaTxGmbSUw&amp;C=WS7CZx68S3xLXKxNZc1c9g&amp;F=HKFRcCbcnmxmc4f43DJP5g\" target=\"_blank\" rel=\"noreferrer noopener\">GTAF<\/a>)<\/li>\n\n\n\n<li><strong>Modalitat:<\/strong>&nbsp;en l\u00ednia<\/li>\n\n\n\n<li><strong>Nombre de grups:<\/strong>&nbsp;6<\/li>\n\n\n\n<li><strong>Duraci\u00f3<\/strong>: 2 sessions<\/li>\n\n\n\n<li><strong>Certificaci\u00f3<\/strong>: curs certificat pel Departament d\u2019Educaci\u00f3<\/li>\n\n\n\n<li><strong>Limitacions<\/strong>: places limitades, 1 taller per persona<\/li>\n<\/ul>\n\n\n\n<p>Per tal d&#8217;inscriure-us nom\u00e9s caldr\u00e0 que cada docent interessada anoteu el codi d&#8217;activitat al cercador de la XTEC i procedeixi a inscriure&#8217;s. Tot seguit us compartim\u00a0la relaci\u00f3 de possibles dates que s&#8217;han programat per aquest curs:\u00a0<\/p>\n\n\n\n<figure class=\"wp-block-table\"><table class=\"has-fixed-layout\"><tbody><tr><td><\/td><td><strong>GTAF<\/strong><\/td><td><strong>1a SESSI\u00d3<\/strong><\/td><td><strong>2a SESSI\u00d3<\/strong><\/td><td><strong>FORMADOR\/A<\/strong><\/td><\/tr><tr><td><strong>GRUP 1<\/strong><\/td><td><strong>9000200555<\/strong><\/td><td>Dilluns 19 de gener&nbsp;17:30&nbsp; a 19:00<\/td><td>Dilluns 26 de gener&nbsp;&nbsp;17:30&nbsp; a 19:00<\/td><td>Berta Giraut<\/td><\/tr><tr><td><strong>GRUP 2<\/strong><\/td><td><strong>9000220555<\/strong><\/td><td>Dimecres 21 de gener 17:30&nbsp; a 19:00<\/td><td>Dimecres 28 de gener 17:30&nbsp; a 19:00<\/td><td>Jordi Vidal<\/td><\/tr><tr><td><strong>GRUP 3<\/strong><\/td><td><strong>9000230555<\/strong><\/td><td>Dijous 22 de gener&nbsp;17:30&nbsp; a 19:00<\/td><td>Dijous 29 de gener&nbsp; &nbsp;&nbsp;17:30&nbsp; a 19:00<\/td><td>Jordi Vidal<\/td><\/tr><tr><td><strong>GRUP 4<\/strong><\/td><td><strong>9000260555<\/strong><\/td><td>Dilluns 2 de febrer&nbsp;&nbsp;17:30&nbsp; a 19:00<\/td><td>Dilluns 9 de febrer &nbsp; &nbsp;&nbsp;17:30&nbsp; a 19:00<\/td><td>Berta Giraut<\/td><\/tr><tr><td><strong>GRUP 5<\/strong><\/td><td><strong>9000270555<\/strong><\/td><td>Dimarts 3 de febrer&nbsp;17:30&nbsp; a 19:00<\/td><td>Dimarts 10 de febrer&nbsp;17:30&nbsp; a 19:00<\/td><td>Jordi Vidal<\/td><\/tr><tr><td><strong>GRUP 6<\/strong><\/td><td><strong>9000290555<\/strong><\/td><td>Dijous 5 de febrer &nbsp;&nbsp;17:30&nbsp; a 19:00<\/td><td>Dijous 12 de febrer &nbsp;&nbsp;17:30&nbsp; a 19:00<\/td><td>Berta Giraut<\/td><\/tr><\/tbody><\/table><\/figure>\n","protected":false},"excerpt":{"rendered":"<p>El Departament d\u2019Educaci\u00f3 organitza l\u2019activitat de formaci\u00f3&nbsp;Tallers de lectura en veu alta&nbsp;per als professors inscrits en el Certamen de Lectura [&hellip;]<\/p>\n","protected":false},"author":1,"featured_media":26480,"comment_status":"closed","ping_status":"open","sticky":false,"template":"","format":"standard","meta":{"_bbp_topic_count":0,"_bbp_reply_count":0,"_bbp_total_topic_count":0,"_bbp_total_reply_count":0,"_bbp_voice_count":0,"_bbp_anonymous_reply_count":0,"_bbp_topic_count_hidden":0,"_bbp_reply_count_hidden":0,"_bbp_forum_subforum_count":0,"site-sidebar-layout":"default","site-content-layout":"","ast-site-content-layout":"default","site-content-style":"default","site-sidebar-style":"default","ast-global-header-display":"","ast-banner-title-visibility":"","ast-main-header-display":"","ast-hfb-above-header-display":"","ast-hfb-below-header-display":"","ast-hfb-mobile-header-display":"","site-post-title":"","ast-breadcrumbs-content":"","ast-featured-img":"","footer-sml-layout":"","theme-transparent-header-meta":"","adv-header-id-meta":"","stick-header-meta":"","header-above-stick-meta":"","header-main-stick-meta":"","header-below-stick-meta":"","astra-migrate-meta-layouts":"set","ast-page-background-enabled":"default","ast-page-background-meta":{"desktop":{"background-color":"var(--ast-global-color-4)","background-image":"","background-repeat":"repeat","background-position":"center center","background-size":"auto","background-attachment":"scroll","background-type":"","background-media":"","overlay-type":"","overlay-color":"","overlay-opacity":"","overlay-gradient":""},"tablet":{"background-color":"","background-image":"","background-repeat":"repeat","background-position":"center center","background-size":"auto","background-attachment":"scroll","background-type":"","background-media":"","overlay-type":"","overlay-color":"","overlay-opacity":"","overlay-gradient":""},"mobile":{"background-color":"","background-image":"","background-repeat":"repeat","background-position":"center center","background-size":"auto","background-attachment":"scroll","background-type":"","background-media":"","overlay-type":"","overlay-color":"","overlay-opacity":"","overlay-gradient":""}},"ast-content-background-meta":{"desktop":{"background-color":"var(--ast-global-color-5)","background-image":"","background-repeat":"repeat","background-position":"center center","background-size":"auto","background-attachment":"scroll","background-type":"","background-media":"","overlay-type":"","overlay-color":"","overlay-opacity":"","overlay-gradient":""},"tablet":{"background-color":"var(--ast-global-color-5)","background-image":"","background-repeat":"repeat","background-position":"center center","background-size":"auto","background-attachment":"scroll","background-type":"","background-media":"","overlay-type":"","overlay-color":"","overlay-opacity":"","overlay-gradient":""},"mobile":{"background-color":"var(--ast-global-color-5)","background-image":"","background-repeat":"repeat","background-position":"center center","background-size":"auto","background-attachment":"scroll","background-type":"","background-media":"","overlay-type":"","overlay-color":"","overlay-opacity":"","overlay-gradient":""}},"footnotes":""},"categories":[1,29],"tags":[],"class_list":["post-26478","post","type-post","status-publish","format-standard","has-post-thumbnail","hentry","category-general","category-portada"],"post_mailing_queue_ids":[],"_links":{"self":[{"href":"https:\/\/serveiseducatius.xtec.cat\/pallars\/wp-json\/wp\/v2\/posts\/26478","targetHints":{"allow":["GET"]}}],"collection":[{"href":"https:\/\/serveiseducatius.xtec.cat\/pallars\/wp-json\/wp\/v2\/posts"}],"about":[{"href":"https:\/\/serveiseducatius.xtec.cat\/pallars\/wp-json\/wp\/v2\/types\/post"}],"author":[{"embeddable":true,"href":"https:\/\/serveiseducatius.xtec.cat\/pallars\/wp-json\/wp\/v2\/users\/1"}],"replies":[{"embeddable":true,"href":"https:\/\/serveiseducatius.xtec.cat\/pallars\/wp-json\/wp\/v2\/comments?post=26478"}],"version-history":[{"count":3,"href":"https:\/\/serveiseducatius.xtec.cat\/pallars\/wp-json\/wp\/v2\/posts\/26478\/revisions"}],"predecessor-version":[{"id":26612,"href":"https:\/\/serveiseducatius.xtec.cat\/pallars\/wp-json\/wp\/v2\/posts\/26478\/revisions\/26612"}],"wp:featuredmedia":[{"embeddable":true,"href":"https:\/\/serveiseducatius.xtec.cat\/pallars\/wp-json\/wp\/v2\/media\/26480"}],"wp:attachment":[{"href":"https:\/\/serveiseducatius.xtec.cat\/pallars\/wp-json\/wp\/v2\/media?parent=26478"}],"wp:term":[{"taxonomy":"category","embeddable":true,"href":"https:\/\/serveiseducatius.xtec.cat\/pallars\/wp-json\/wp\/v2\/categories?post=26478"},{"taxonomy":"post_tag","embeddable":true,"href":"https:\/\/serveiseducatius.xtec.cat\/pallars\/wp-json\/wp\/v2\/tags?post=26478"}],"curies":[{"name":"wp","href":"https:\/\/api.w.org\/{rel}","templated":true}]}}