{"id":26472,"date":"2025-11-27T14:15:00","date_gmt":"2025-11-27T13:15:00","guid":{"rendered":"https:\/\/serveiseducatius.xtec.cat\/pallars\/?p=26472"},"modified":"2025-12-02T08:57:19","modified_gmt":"2025-12-02T07:57:19","slug":"conversa-amb-families-latencio-educativa-a-lalumnat-amb-nese","status":"publish","type":"post","link":"https:\/\/serveiseducatius.xtec.cat\/pallars\/general\/conversa-amb-families-latencio-educativa-a-lalumnat-amb-nese\/","title":{"rendered":"Conversa amb fam\u00edlies. L&#8217;atenci\u00f3 educativa a l&#8217;alumnat amb NESE"},"content":{"rendered":"\n<figure class=\"wp-block-image alignright size-large is-resized\"><a href=\"https:\/\/drive.google.com\/file\/d\/1DtBHh_t7eChbngSs5V_pWTz1z7VCYiBH\/view?usp=sharing\"><img loading=\"lazy\" decoding=\"async\" width=\"724\" height=\"1024\" src=\"https:\/\/serveiseducatius.xtec.cat\/pallars\/wp-content\/uploads\/usu1099\/2025\/11\/Conversa-amb-families-Mesures-i-suports-a-les-escoles-per-alumnes-amb-necessitats-especifiques-2-724x1024.png\" alt=\"\" class=\"wp-image-26537\" style=\"width:310px;height:auto\" srcset=\"https:\/\/serveiseducatius.xtec.cat\/pallars\/wp-content\/uploads\/usu1099\/2025\/11\/Conversa-amb-families-Mesures-i-suports-a-les-escoles-per-alumnes-amb-necessitats-especifiques-2-724x1024.png 724w, https:\/\/serveiseducatius.xtec.cat\/pallars\/wp-content\/uploads\/usu1099\/2025\/11\/Conversa-amb-families-Mesures-i-suports-a-les-escoles-per-alumnes-amb-necessitats-especifiques-2-212x300.png 212w, https:\/\/serveiseducatius.xtec.cat\/pallars\/wp-content\/uploads\/usu1099\/2025\/11\/Conversa-amb-families-Mesures-i-suports-a-les-escoles-per-alumnes-amb-necessitats-especifiques-2-768x1086.png 768w, https:\/\/serveiseducatius.xtec.cat\/pallars\/wp-content\/uploads\/usu1099\/2025\/11\/Conversa-amb-families-Mesures-i-suports-a-les-escoles-per-alumnes-amb-necessitats-especifiques-2-1086x1536.png 1086w, https:\/\/serveiseducatius.xtec.cat\/pallars\/wp-content\/uploads\/usu1099\/2025\/11\/Conversa-amb-families-Mesures-i-suports-a-les-escoles-per-alumnes-amb-necessitats-especifiques-2.png 1414w\" sizes=\"auto, (max-width: 724px) 100vw, 724px\" \/><\/a><\/figure>\n\n\n\n<p>El dimecres, 3 de desembre a les 16.00 hores, a la sala de formaci\u00f3 del Servei Educatiu dels Pallars, tindr\u00e0 lloc una conversa amb fam\u00edlies sobre les mesures i els suports que ofereixen les escoles per a l&#8217;alumnat amb necessitats espec\u00edfiques de suport a educatiu.<\/p>\n\n\n\n<p>L\u2019activitat est\u00e0 adre\u00e7ada a mares, pares i tutors que vulguin con\u00e8ixer millor els recursos i les estrat\u00e8gies que els centres educatius posen en marxa per garantir una educaci\u00f3 inclusiva i adaptada a les necessitats de cada infant.<\/p>\n\n\n\n<p>Aquesta trobada pret\u00e9n ser un espai de di\u00e0leg i intercanvi, on les&nbsp;fam\u00edlies&nbsp;podran compartir inquietuds, resoldre dubtes i con\u00e8ixer de prop com es treballa des dels centres i els serveis educatius per&nbsp;afavorir l\u2019\u00e8xit de tot&nbsp;l\u2019alumnat.<\/p>\n\n\n\n<figure class=\"wp-block-table\"><table class=\"has-border-color has-white-border-color has-fixed-layout\"><thead><tr><th class=\"has-text-align-center\" data-align=\"center\">Dia<\/th><th class=\"has-text-align-center\" data-align=\"center\">Hora<\/th><th class=\"has-text-align-center\" data-align=\"center\">Adre\u00e7ada<\/th><\/tr><\/thead><tbody><tr><td class=\"has-text-align-center\" data-align=\"center\">3 de desembre de 2025<\/td><td class=\"has-text-align-center\" data-align=\"center\">16:00 h<\/td><td class=\"has-text-align-center\" data-align=\"center\">a mares, pares i tutors<\/td><\/tr><\/tbody><\/table><\/figure>\n\n\n\n<figure class=\"wp-block-table\"><table class=\"has-border-color has-white-border-color has-fixed-layout\"><thead><tr><th>Lloc<\/th><th>Organitza<\/th><\/tr><\/thead><tbody><tr><td>Servei Educatiu del Pallars Juss\u00e0 (al costat de l&#8217;INS de Tremp)<br>Avinguda Bisbe Iglesias, 5 de Tremp<\/td><td>Departament d&#8217;educaci\u00f3 i Formaci\u00f3 Professional. Serveis Territorials Alt Pirineu i Aran, Servei Educatiu de l&#8217;Alta Ribagor\u00e7a i la Val d&#8217;Aran i Servei Educatiu dels Pallars<\/td><\/tr><\/tbody><\/table><\/figure>\n\n\n\n<figure class=\"wp-block-image alignleft size-full is-resized\"><a href=\"https:\/\/serveiseducatius.xtec.cat\/pallars\/wp-content\/uploads\/usu1099\/2025\/11\/stay-home-5205390_640.png\"><img loading=\"lazy\" decoding=\"async\" width=\"640\" height=\"512\" src=\"https:\/\/serveiseducatius.xtec.cat\/pallars\/wp-content\/uploads\/usu1099\/2025\/11\/stay-home-5205390_640.png\" alt=\"\" class=\"wp-image-26538\" style=\"width:127px;height:auto\" srcset=\"https:\/\/serveiseducatius.xtec.cat\/pallars\/wp-content\/uploads\/usu1099\/2025\/11\/stay-home-5205390_640.png 640w, https:\/\/serveiseducatius.xtec.cat\/pallars\/wp-content\/uploads\/usu1099\/2025\/11\/stay-home-5205390_640-300x240.png 300w\" sizes=\"auto, (max-width: 640px) 100vw, 640px\" \/><\/a><\/figure>\n\n\n\n<p>En cas de no poder assistir presencialment us podeu connectar al seg\u00fcent <a href=\"https:\/\/meet.google.com\/oiv-crym-wxb\"><strong>l&#8217;enlla\u00e7.<\/strong><\/a>  <\/p>\n","protected":false},"excerpt":{"rendered":"<p>Dimecres 3 de desembre de 2025 a les 16.00h a Tremp<\/p>\n","protected":false},"author":1,"featured_media":26476,"comment_status":"closed","ping_status":"open","sticky":false,"template":"","format":"standard","meta":{"_bbp_topic_count":0,"_bbp_reply_count":0,"_bbp_total_topic_count":0,"_bbp_total_reply_count":0,"_bbp_voice_count":0,"_bbp_anonymous_reply_count":0,"_bbp_topic_count_hidden":0,"_bbp_reply_count_hidden":0,"_bbp_forum_subforum_count":0,"site-sidebar-layout":"default","site-content-layout":"","ast-site-content-layout":"default","site-content-style":"default","site-sidebar-style":"default","ast-global-header-display":"","ast-banner-title-visibility":"","ast-main-header-display":"","ast-hfb-above-header-display":"","ast-hfb-below-header-display":"","ast-hfb-mobile-header-display":"","site-post-title":"","ast-breadcrumbs-content":"","ast-featured-img":"","footer-sml-layout":"","theme-transparent-header-meta":"","adv-header-id-meta":"","stick-header-meta":"","header-above-stick-meta":"","header-main-stick-meta":"","header-below-stick-meta":"","astra-migrate-meta-layouts":"set","ast-page-background-enabled":"default","ast-page-background-meta":{"desktop":{"background-color":"var(--ast-global-color-4)","background-image":"","background-repeat":"repeat","background-position":"center center","background-size":"auto","background-attachment":"scroll","background-type":"","background-media":"","overlay-type":"","overlay-color":"","overlay-opacity":"","overlay-gradient":""},"tablet":{"background-color":"","background-image":"","background-repeat":"repeat","background-position":"center center","background-size":"auto","background-attachment":"scroll","background-type":"","background-media":"","overlay-type":"","overlay-color":"","overlay-opacity":"","overlay-gradient":""},"mobile":{"background-color":"","background-image":"","background-repeat":"repeat","background-position":"center center","background-size":"auto","background-attachment":"scroll","background-type":"","background-media":"","overlay-type":"","overlay-color":"","overlay-opacity":"","overlay-gradient":""}},"ast-content-background-meta":{"desktop":{"background-color":"var(--ast-global-color-5)","background-image":"","background-repeat":"repeat","background-position":"center center","background-size":"auto","background-attachment":"scroll","background-type":"","background-media":"","overlay-type":"","overlay-color":"","overlay-opacity":"","overlay-gradient":""},"tablet":{"background-color":"var(--ast-global-color-5)","background-image":"","background-repeat":"repeat","background-position":"center center","background-size":"auto","background-attachment":"scroll","background-type":"","background-media":"","overlay-type":"","overlay-color":"","overlay-opacity":"","overlay-gradient":""},"mobile":{"background-color":"var(--ast-global-color-5)","background-image":"","background-repeat":"repeat","background-position":"center center","background-size":"auto","background-attachment":"scroll","background-type":"","background-media":"","overlay-type":"","overlay-color":"","overlay-opacity":"","overlay-gradient":""}},"footnotes":""},"categories":[1,29],"tags":[],"class_list":["post-26472","post","type-post","status-publish","format-standard","has-post-thumbnail","hentry","category-general","category-portada"],"post_mailing_queue_ids":[],"_links":{"self":[{"href":"https:\/\/serveiseducatius.xtec.cat\/pallars\/wp-json\/wp\/v2\/posts\/26472","targetHints":{"allow":["GET"]}}],"collection":[{"href":"https:\/\/serveiseducatius.xtec.cat\/pallars\/wp-json\/wp\/v2\/posts"}],"about":[{"href":"https:\/\/serveiseducatius.xtec.cat\/pallars\/wp-json\/wp\/v2\/types\/post"}],"author":[{"embeddable":true,"href":"https:\/\/serveiseducatius.xtec.cat\/pallars\/wp-json\/wp\/v2\/users\/1"}],"replies":[{"embeddable":true,"href":"https:\/\/serveiseducatius.xtec.cat\/pallars\/wp-json\/wp\/v2\/comments?post=26472"}],"version-history":[{"count":6,"href":"https:\/\/serveiseducatius.xtec.cat\/pallars\/wp-json\/wp\/v2\/posts\/26472\/revisions"}],"predecessor-version":[{"id":26541,"href":"https:\/\/serveiseducatius.xtec.cat\/pallars\/wp-json\/wp\/v2\/posts\/26472\/revisions\/26541"}],"wp:featuredmedia":[{"embeddable":true,"href":"https:\/\/serveiseducatius.xtec.cat\/pallars\/wp-json\/wp\/v2\/media\/26476"}],"wp:attachment":[{"href":"https:\/\/serveiseducatius.xtec.cat\/pallars\/wp-json\/wp\/v2\/media?parent=26472"}],"wp:term":[{"taxonomy":"category","embeddable":true,"href":"https:\/\/serveiseducatius.xtec.cat\/pallars\/wp-json\/wp\/v2\/categories?post=26472"},{"taxonomy":"post_tag","embeddable":true,"href":"https:\/\/serveiseducatius.xtec.cat\/pallars\/wp-json\/wp\/v2\/tags?post=26472"}],"curies":[{"name":"wp","href":"https:\/\/api.w.org\/{rel}","templated":true}]}}