{"id":26373,"date":"2025-11-26T12:50:25","date_gmt":"2025-11-26T11:50:25","guid":{"rendered":"https:\/\/serveiseducatius.xtec.cat\/pallars\/?p=26373"},"modified":"2025-11-27T13:41:13","modified_gmt":"2025-11-27T12:41:13","slug":"web-de-proves-davaluacio","status":"publish","type":"post","link":"https:\/\/serveiseducatius.xtec.cat\/pallars\/portada\/web-de-proves-davaluacio\/","title":{"rendered":"Web de proves d&#8217;avaluaci\u00f3"},"content":{"rendered":"\n<figure class=\"wp-block-image alignright size-full is-resized\"><a href=\"https:\/\/projectes.xtec.cat\/nou-curriculum\/proves-davaluacio\/\"><img loading=\"lazy\" decoding=\"async\" width=\"747\" height=\"698\" src=\"https:\/\/serveiseducatius.xtec.cat\/pallars\/wp-content\/uploads\/usu1099\/2025\/10\/proves-davaluacio.png\" alt=\"\" class=\"wp-image-26374\" style=\"width:344px;height:auto\" srcset=\"https:\/\/serveiseducatius.xtec.cat\/pallars\/wp-content\/uploads\/usu1099\/2025\/10\/proves-davaluacio.png 747w, https:\/\/serveiseducatius.xtec.cat\/pallars\/wp-content\/uploads\/usu1099\/2025\/10\/proves-davaluacio-300x280.png 300w\" sizes=\"auto, (max-width: 747px) 100vw, 747px\" \/><\/a><\/figure>\n\n\n\n<p>Amb la intenci\u00f3 de donar suport als i les docents en les etapes d&#8217;educaci\u00f3 prim\u00e0ria i secund\u00e0ria obligat\u00f2ria, per obtenir informaci\u00f3 de l&#8217;aprenentatge del seu alumnat, s&#8217;ha obert un nou apartat al nodes de \u201c<strong><em><a href=\"https:\/\/projectes.xtec.cat\/nou-curriculum\/\">El Nou Curr\u00edculum. Una oportunitat per aprendre amb sentit<\/a><\/em><\/strong>\u201d que es diu \u201c<a href=\"https:\/\/projectes.xtec.cat\/nou-curriculum\/proves-davaluacio\/\"><strong><em>Proves d&#8217;<\/em>avaluaci\u00f3<\/strong><\/a>\u201d.<\/p>\n\n\n\n<p>En aquest apartat o espai podeu trobar:<\/p>\n\n\n\n<ul class=\"wp-block-list\">\n<li>Proves de l&#8217;educaci\u00f3 b\u00e0sica del Departament d&#8217;Educaci\u00f3 i Formaci\u00f3 Professional.  Que es poden buscar directament a trav\u00e9s d&#8217;etiquetes o filtrat d&#8217;\u00e0rea o mat\u00e8ria, compet\u00e8ncia o etapa educativa.<\/li>\n\n\n\n<li>Cercador de proves d\u2019avaluaci\u00f3. En aquest cercador podeu buscar per paraules clau o filtrar amb els filtres del lateral esquerre les diferents proves publicades per l\u2019Ag\u00e8ncia d\u2019Avaluaci\u00f3 i Prospectiva de l\u2019Educaci\u00f3.  <a href=\"https:\/\/projectes.xtec.cat\/nou-curriculum\/cercador-de-proves-davaluacio\/\">(Enlla\u00e7)<\/a><\/li>\n\n\n\n<li>Els \u00edtems alliberats de proves internacionals<\/li>\n\n\n\n<li>Altres proves que puguin interessar als docents.<\/li>\n<\/ul>\n","protected":false},"excerpt":{"rendered":"<p>Nou apartat al nodes del nou curr\u00edculum sobre proves d&#8217;avaluaci\u00f3. Eina per a docents.<\/p>\n","protected":false},"author":1,"featured_media":26375,"comment_status":"closed","ping_status":"open","sticky":false,"template":"","format":"standard","meta":{"_bbp_topic_count":0,"_bbp_reply_count":0,"_bbp_total_topic_count":0,"_bbp_total_reply_count":0,"_bbp_voice_count":0,"_bbp_anonymous_reply_count":0,"_bbp_topic_count_hidden":0,"_bbp_reply_count_hidden":0,"_bbp_forum_subforum_count":0,"site-sidebar-layout":"default","site-content-layout":"","ast-site-content-layout":"default","site-content-style":"default","site-sidebar-style":"default","ast-global-header-display":"","ast-banner-title-visibility":"","ast-main-header-display":"","ast-hfb-above-header-display":"","ast-hfb-below-header-display":"","ast-hfb-mobile-header-display":"","site-post-title":"","ast-breadcrumbs-content":"","ast-featured-img":"","footer-sml-layout":"","theme-transparent-header-meta":"","adv-header-id-meta":"","stick-header-meta":"","header-above-stick-meta":"","header-main-stick-meta":"","header-below-stick-meta":"","astra-migrate-meta-layouts":"set","ast-page-background-enabled":"default","ast-page-background-meta":{"desktop":{"background-color":"var(--ast-global-color-4)","background-image":"","background-repeat":"repeat","background-position":"center center","background-size":"auto","background-attachment":"scroll","background-type":"","background-media":"","overlay-type":"","overlay-color":"","overlay-opacity":"","overlay-gradient":""},"tablet":{"background-color":"","background-image":"","background-repeat":"repeat","background-position":"center center","background-size":"auto","background-attachment":"scroll","background-type":"","background-media":"","overlay-type":"","overlay-color":"","overlay-opacity":"","overlay-gradient":""},"mobile":{"background-color":"","background-image":"","background-repeat":"repeat","background-position":"center center","background-size":"auto","background-attachment":"scroll","background-type":"","background-media":"","overlay-type":"","overlay-color":"","overlay-opacity":"","overlay-gradient":""}},"ast-content-background-meta":{"desktop":{"background-color":"var(--ast-global-color-5)","background-image":"","background-repeat":"repeat","background-position":"center center","background-size":"auto","background-attachment":"scroll","background-type":"","background-media":"","overlay-type":"","overlay-color":"","overlay-opacity":"","overlay-gradient":""},"tablet":{"background-color":"var(--ast-global-color-5)","background-image":"","background-repeat":"repeat","background-position":"center center","background-size":"auto","background-attachment":"scroll","background-type":"","background-media":"","overlay-type":"","overlay-color":"","overlay-opacity":"","overlay-gradient":""},"mobile":{"background-color":"var(--ast-global-color-5)","background-image":"","background-repeat":"repeat","background-position":"center center","background-size":"auto","background-attachment":"scroll","background-type":"","background-media":"","overlay-type":"","overlay-color":"","overlay-opacity":"","overlay-gradient":""}},"footnotes":""},"categories":[29],"tags":[],"class_list":["post-26373","post","type-post","status-publish","format-standard","has-post-thumbnail","hentry","category-portada"],"post_mailing_queue_ids":[],"_links":{"self":[{"href":"https:\/\/serveiseducatius.xtec.cat\/pallars\/wp-json\/wp\/v2\/posts\/26373","targetHints":{"allow":["GET"]}}],"collection":[{"href":"https:\/\/serveiseducatius.xtec.cat\/pallars\/wp-json\/wp\/v2\/posts"}],"about":[{"href":"https:\/\/serveiseducatius.xtec.cat\/pallars\/wp-json\/wp\/v2\/types\/post"}],"author":[{"embeddable":true,"href":"https:\/\/serveiseducatius.xtec.cat\/pallars\/wp-json\/wp\/v2\/users\/1"}],"replies":[{"embeddable":true,"href":"https:\/\/serveiseducatius.xtec.cat\/pallars\/wp-json\/wp\/v2\/comments?post=26373"}],"version-history":[{"count":2,"href":"https:\/\/serveiseducatius.xtec.cat\/pallars\/wp-json\/wp\/v2\/posts\/26373\/revisions"}],"predecessor-version":[{"id":26531,"href":"https:\/\/serveiseducatius.xtec.cat\/pallars\/wp-json\/wp\/v2\/posts\/26373\/revisions\/26531"}],"wp:featuredmedia":[{"embeddable":true,"href":"https:\/\/serveiseducatius.xtec.cat\/pallars\/wp-json\/wp\/v2\/media\/26375"}],"wp:attachment":[{"href":"https:\/\/serveiseducatius.xtec.cat\/pallars\/wp-json\/wp\/v2\/media?parent=26373"}],"wp:term":[{"taxonomy":"category","embeddable":true,"href":"https:\/\/serveiseducatius.xtec.cat\/pallars\/wp-json\/wp\/v2\/categories?post=26373"},{"taxonomy":"post_tag","embeddable":true,"href":"https:\/\/serveiseducatius.xtec.cat\/pallars\/wp-json\/wp\/v2\/tags?post=26373"}],"curies":[{"name":"wp","href":"https:\/\/api.w.org\/{rel}","templated":true}]}}