{"id":26366,"date":"2025-10-19T21:31:50","date_gmt":"2025-10-19T19:31:50","guid":{"rendered":"https:\/\/serveiseducatius.xtec.cat\/pallars\/?p=26366"},"modified":"2025-10-19T21:31:50","modified_gmt":"2025-10-19T19:31:50","slug":"recerkids-fa-10-anys","status":"publish","type":"post","link":"https:\/\/serveiseducatius.xtec.cat\/pallars\/general\/recerkids-fa-10-anys\/","title":{"rendered":"Recerkids fa 10 anys!"},"content":{"rendered":"\n<figure class=\"wp-block-image alignleft size-full is-resized\"><a href=\"https:\/\/serveiseducatius.xtec.cat\/pallars\/wp-content\/uploads\/usu1099\/2025\/10\/Captura-de-pantalla-2025-10-19-212303.png\"><img loading=\"lazy\" decoding=\"async\" width=\"503\" height=\"321\" src=\"https:\/\/serveiseducatius.xtec.cat\/pallars\/wp-content\/uploads\/usu1099\/2025\/10\/Captura-de-pantalla-2025-10-19-212303.png\" alt=\"\" class=\"wp-image-26367\" style=\"width:311px;height:auto\" srcset=\"https:\/\/serveiseducatius.xtec.cat\/pallars\/wp-content\/uploads\/usu1099\/2025\/10\/Captura-de-pantalla-2025-10-19-212303.png 503w, https:\/\/serveiseducatius.xtec.cat\/pallars\/wp-content\/uploads\/usu1099\/2025\/10\/Captura-de-pantalla-2025-10-19-212303-300x191.png 300w\" sizes=\"auto, (max-width: 503px) 100vw, 503px\" \/><\/a><\/figure>\n\n\n\n<p>Recerkids \u00e9s un programa organitzat pel\u00a0<a href=\"https:\/\/recercaiuniversitats.gencat.cat\/ca\/inici\/index.html\" target=\"_blank\" rel=\"noreferrer noopener\">Departament de Recerca i Universitats<\/a>, que t\u00e9 com a objectiu<strong>\u00a0apropar la recerca a les aules mitjan\u00e7ant un projecte cient\u00edfic dirigit a alumnat de 5\u00e8 i 6\u00e8 de Prim\u00e0ria.<\/strong><\/p>\n\n\n\n<p>Aquest curs,\u00a0<strong>els temes dels projectes de recerca seran les matem\u00e0tiques i l\u2019astronomia<\/strong>, en commemoraci\u00f3 a la figura de\u00a0<strong>Maria Assumpci\u00f3 Catal\u00e0 i Poch\u00a0<\/strong>(1925 &#8211; 2009),\u00a0<strong>matem\u00e0tica i astr\u00f2noma catalana.\u00a0<\/strong> La seva figura inspira els tres eixos tem\u00e0tics de l\u2019edici\u00f3 de Recerkids d\u2019enguany, en qu\u00e8 l\u2019alumnat podr\u00e0 investigar l\u2019\u00fas de les<strong>\u00a0<\/strong>matem\u00e0tiques per comprendre l\u2019entorn, respondre preguntes que els sorgeixin mirant el cel o estudiar el comportament de la llum per saber com funciona un telescopi.\u00a0<\/p>\n\n\n\n<ol start=\"1\" class=\"wp-block-list\">\n<li>Com ens ajuden les matem\u00e0tiques a representar la realitat?<\/li>\n\n\n\n<li>Qu\u00e8 podem aprendre mirant el cel?&nbsp;<\/li>\n\n\n\n<li>Qu\u00e8 necessitem per observar les estrelles?<\/li>\n<\/ol>\n\n\n\n<p>Recerkids \u00e9s un&nbsp;<strong>projecte que combina material did\u00e0ctic pautat, acompanyament did\u00e0ctic personalitzat<\/strong>&nbsp;i l\u2019oportunitat de donar a con\u00e8ixer els resultats de la vostra recerca en un entorn compartit amb altres escoles.&nbsp;<\/p>\n\n\n\n<p><strong>COM FUNCIONA EL PROGRAMA ?<\/strong><\/p>\n\n\n\n<p><strong>Inscripcions:&nbsp;<\/strong>Fins al 31 d\u2019octubre de 2025 &#8211;&nbsp;<a href=\"https:\/\/docs.google.com\/forms\/d\/e\/1FAIpQLSfgdCI1M2S5gWCgNZoKtbM7zNjJZEHVWTFSEazxLZIYAacOoA\/viewform\" target=\"_blank\" rel=\"noreferrer noopener\">FORMULARI D\u2019INSCRIPCI\u00d3<\/a><\/p>\n\n\n\n<p><strong>Projecte de recerca:&nbsp;<\/strong>del 8 de gener al 10 d&#8217;abril de 2026<\/p>\n\n\n\n<p><strong>Congressos:&nbsp;<\/strong>durant l\u2019abril i el maig de 2026&nbsp; (dates i llocs per concretar)<\/p>\n\n\n\n<ul class=\"wp-block-list\">\n<li><strong>Fase 1:<\/strong> U<strong>n projecte de recerca cient\u00edfica a l&#8217;aula:<\/strong>\u00a0disposareu de material de suport per a l&#8217;activitat docent, assessorament did\u00e0ctic personalitzat i la xerrada d&#8217;una persona experta en la tem\u00e0tica d\u2019aquesta edici\u00f3.\u00a0 Per aquesta fase\u00a0<strong><u>no<\/u><\/strong>\u00a0<strong>hi ha l\u00edmit de places<\/strong>.<\/li>\n\n\n\n<li><strong>Fase 2:<\/strong> <strong>Els congressos cient\u00edfics tindran lloc a Barcelona, Girona, Tarragona, Lleida i Vic.\u00a0<\/strong> Els grups classe participants<strong>\u00a0<\/strong>exposaran i compartiran amb altres centres els resultats de la seva recerca i gaudiran d&#8217;un espectacle i tallers cient\u00edfics.\u00a0 <strong>Les places als congressos seran limitades i s&#8217;assignaran per ordre d&#8217;inscripci\u00f3.<\/strong><\/li>\n<\/ul>\n\n\n\n<h5 class=\"wp-block-heading\"><a href=\"https:\/\/drive.google.com\/file\/d\/1zO2j1oL31ayqLOqeIGdDMu7mlwFUOlGw\/view?usp=sharing\">Bases<\/a><\/h5>\n\n\n\n<p>Per a qualsevol dubte o aclariment ens podeu contactar per correu electr\u00f2nic a\u00a0<strong><a href=\"mailto:recerkids.recercaiuniversitats@gencat.cat\" target=\"_blank\" rel=\"noreferrer noopener\">recerkids.recercaiuniversitats@gencat.cat<\/a>\u00a0<\/strong>o<strong>\u00a0<\/strong>per tel\u00e8fon al<strong>\u00a0646 033 256<\/strong><\/p>\n","protected":false},"excerpt":{"rendered":"<p>Inscripcions fins al 31 d&#8217;octubre<\/p>\n","protected":false},"author":1,"featured_media":26369,"comment_status":"closed","ping_status":"open","sticky":false,"template":"","format":"standard","meta":{"_bbp_topic_count":0,"_bbp_reply_count":0,"_bbp_total_topic_count":0,"_bbp_total_reply_count":0,"_bbp_voice_count":0,"_bbp_anonymous_reply_count":0,"_bbp_topic_count_hidden":0,"_bbp_reply_count_hidden":0,"_bbp_forum_subforum_count":0,"site-sidebar-layout":"default","site-content-layout":"","ast-site-content-layout":"default","site-content-style":"default","site-sidebar-style":"default","ast-global-header-display":"","ast-banner-title-visibility":"","ast-main-header-display":"","ast-hfb-above-header-display":"","ast-hfb-below-header-display":"","ast-hfb-mobile-header-display":"","site-post-title":"","ast-breadcrumbs-content":"","ast-featured-img":"","footer-sml-layout":"","theme-transparent-header-meta":"","adv-header-id-meta":"","stick-header-meta":"","header-above-stick-meta":"","header-main-stick-meta":"","header-below-stick-meta":"","astra-migrate-meta-layouts":"set","ast-page-background-enabled":"default","ast-page-background-meta":{"desktop":{"background-color":"var(--ast-global-color-4)","background-image":"","background-repeat":"repeat","background-position":"center center","background-size":"auto","background-attachment":"scroll","background-type":"","background-media":"","overlay-type":"","overlay-color":"","overlay-opacity":"","overlay-gradient":""},"tablet":{"background-color":"","background-image":"","background-repeat":"repeat","background-position":"center center","background-size":"auto","background-attachment":"scroll","background-type":"","background-media":"","overlay-type":"","overlay-color":"","overlay-opacity":"","overlay-gradient":""},"mobile":{"background-color":"","background-image":"","background-repeat":"repeat","background-position":"center center","background-size":"auto","background-attachment":"scroll","background-type":"","background-media":"","overlay-type":"","overlay-color":"","overlay-opacity":"","overlay-gradient":""}},"ast-content-background-meta":{"desktop":{"background-color":"var(--ast-global-color-5)","background-image":"","background-repeat":"repeat","background-position":"center center","background-size":"auto","background-attachment":"scroll","background-type":"","background-media":"","overlay-type":"","overlay-color":"","overlay-opacity":"","overlay-gradient":""},"tablet":{"background-color":"var(--ast-global-color-5)","background-image":"","background-repeat":"repeat","background-position":"center center","background-size":"auto","background-attachment":"scroll","background-type":"","background-media":"","overlay-type":"","overlay-color":"","overlay-opacity":"","overlay-gradient":""},"mobile":{"background-color":"var(--ast-global-color-5)","background-image":"","background-repeat":"repeat","background-position":"center center","background-size":"auto","background-attachment":"scroll","background-type":"","background-media":"","overlay-type":"","overlay-color":"","overlay-opacity":"","overlay-gradient":""}},"footnotes":""},"categories":[1,29],"tags":[],"class_list":["post-26366","post","type-post","status-publish","format-standard","has-post-thumbnail","hentry","category-general","category-portada"],"post_mailing_queue_ids":[],"_links":{"self":[{"href":"https:\/\/serveiseducatius.xtec.cat\/pallars\/wp-json\/wp\/v2\/posts\/26366","targetHints":{"allow":["GET"]}}],"collection":[{"href":"https:\/\/serveiseducatius.xtec.cat\/pallars\/wp-json\/wp\/v2\/posts"}],"about":[{"href":"https:\/\/serveiseducatius.xtec.cat\/pallars\/wp-json\/wp\/v2\/types\/post"}],"author":[{"embeddable":true,"href":"https:\/\/serveiseducatius.xtec.cat\/pallars\/wp-json\/wp\/v2\/users\/1"}],"replies":[{"embeddable":true,"href":"https:\/\/serveiseducatius.xtec.cat\/pallars\/wp-json\/wp\/v2\/comments?post=26366"}],"version-history":[{"count":2,"href":"https:\/\/serveiseducatius.xtec.cat\/pallars\/wp-json\/wp\/v2\/posts\/26366\/revisions"}],"predecessor-version":[{"id":26370,"href":"https:\/\/serveiseducatius.xtec.cat\/pallars\/wp-json\/wp\/v2\/posts\/26366\/revisions\/26370"}],"wp:featuredmedia":[{"embeddable":true,"href":"https:\/\/serveiseducatius.xtec.cat\/pallars\/wp-json\/wp\/v2\/media\/26369"}],"wp:attachment":[{"href":"https:\/\/serveiseducatius.xtec.cat\/pallars\/wp-json\/wp\/v2\/media?parent=26366"}],"wp:term":[{"taxonomy":"category","embeddable":true,"href":"https:\/\/serveiseducatius.xtec.cat\/pallars\/wp-json\/wp\/v2\/categories?post=26366"},{"taxonomy":"post_tag","embeddable":true,"href":"https:\/\/serveiseducatius.xtec.cat\/pallars\/wp-json\/wp\/v2\/tags?post=26366"}],"curies":[{"name":"wp","href":"https:\/\/api.w.org\/{rel}","templated":true}]}}