{"id":26300,"date":"2025-09-30T18:11:20","date_gmt":"2025-09-30T16:11:20","guid":{"rendered":"https:\/\/serveiseducatius.xtec.cat\/pallars\/?p=26300"},"modified":"2025-09-30T18:11:20","modified_gmt":"2025-09-30T16:11:20","slug":"homo-pirinensis-creativitat-i-consciencia-ecologica-al-pirineu","status":"publish","type":"post","link":"https:\/\/serveiseducatius.xtec.cat\/pallars\/general\/homo-pirinensis-creativitat-i-consciencia-ecologica-al-pirineu\/","title":{"rendered":"Homo Pirinensis: creativitat i consci\u00e8ncia ecol\u00f2gica al Pirineu"},"content":{"rendered":"\n<figure class=\"wp-block-image alignleft size-full is-resized\"><a href=\"https:\/\/serveiseducatius.xtec.cat\/pallars\/wp-content\/uploads\/usu1099\/2025\/09\/homopirineus.png\"><img loading=\"lazy\" decoding=\"async\" width=\"420\" height=\"384\" src=\"https:\/\/serveiseducatius.xtec.cat\/pallars\/wp-content\/uploads\/usu1099\/2025\/09\/homopirineus.png\" alt=\"\" class=\"wp-image-26309\" style=\"width:281px;height:auto\" srcset=\"https:\/\/serveiseducatius.xtec.cat\/pallars\/wp-content\/uploads\/usu1099\/2025\/09\/homopirineus.png 420w, https:\/\/serveiseducatius.xtec.cat\/pallars\/wp-content\/uploads\/usu1099\/2025\/09\/homopirineus-300x274.png 300w\" sizes=\"auto, (max-width: 420px) 100vw, 420px\" \/><\/a><\/figure>\n\n\n\n<p><strong>Homo Pirinensis<\/strong> \u00e9s un projecte de creaci\u00f3 art\u00edstica impulsat per l\u2019\u00c0rea de Cultura de l\u2019Ajuntament de la Seu d\u2019Urgell amb la voluntat de fomentar el respecte pel medi natural i potenciar la creativitat entre l\u2019alumnat de la vegueria de l\u2019Alt Pirineu i Aran. La iniciativa culmina amb una exposici\u00f3 col\u00b7lectiva oberta al p\u00fablic que recull les creacions dels centres educatius participants.<\/p>\n\n\n\n<h5 class=\"wp-block-heading\">Per qu\u00e8 aquest projecte?<\/h5>\n\n\n\n<p>Vivim en un moment complex, marcat per l\u2019emerg\u00e8ncia mediambiental i una crisi de valors que sovint minimitza la import\u00e0ncia de la creativitat. Davant d\u2019aix\u00f2, <strong>Homo Pirinensis aposta per treballar la consci\u00e8ncia ecol\u00f2gica i el potencial transformador de l\u2019art<\/strong>, tot oferint als infants i joves una experi\u00e8ncia educativa rica i significativa.<\/p>\n\n\n\n<h5 class=\"wp-block-heading\">Objectius principals<\/h5>\n\n\n\n<ul class=\"wp-block-list\">\n<li><strong>Con\u00e8ixer i estimar el medi natural<\/strong> per entendre la necessitat de preservar-lo.<\/li>\n\n\n\n<li><strong>Promoure la creativitat<\/strong> com a eina de transformaci\u00f3 i expressi\u00f3 personal i col\u00b7lectiva.<\/li>\n\n\n\n<li><strong>Fomentar el treball en equip<\/strong>, les relacions emp\u00e0tiques i el respecte mutu.<\/li>\n\n\n\n<li><strong>Refor\u00e7ar l\u2019autoestima<\/strong> i el sentiment de pertinen\u00e7a al territori pirinenc.<\/li>\n\n\n\n<li><strong>Acostar la cultura a tothom<\/strong>, facilitant l\u2019acc\u00e9s, la participaci\u00f3 i la difusi\u00f3.<\/li>\n<\/ul>\n\n\n\n<h5 class=\"wp-block-heading\">Com funciona?<\/h5>\n\n\n\n<p>El projecte es desplega en quatre fases:<\/p>\n\n\n\n<ol class=\"wp-block-list\">\n<li><strong>Descoberta del medi<\/strong><br>Formaci\u00f3 inicial per al professorat, amb el suport dels Parcs Naturals i artistes professionals. Es treballa un lema vinculat a la natura i es proposen visites o activitats als parcs.<\/li>\n\n\n\n<li><strong>Treball creatiu en grup<\/strong><br>Cada centre educatiu dissenya una creaci\u00f3 art\u00edstica original i col\u00b7lectiva, amb llibertat de disciplina (pintura, escultura, fotografia, instal\u00b7laci\u00f3, etc.).<\/li>\n\n\n\n<li><strong>Exposici\u00f3 col\u00b7lectiva<\/strong><br>Les obres s\u2019exposen en un espai professional, amb la possibilitat d\u2019itiner\u00e0ncia pel territori. Els alumnes s\u00f3n protagonistes en la presentaci\u00f3 p\u00fablica.<\/li>\n\n\n\n<li><strong>Impacte social<\/strong><br>L\u2019exposici\u00f3 s\u2019obre a tota la comunitat, creant nous p\u00fablics i afavorint el di\u00e0leg entre escola, cultura i medi ambient.<\/li>\n<\/ol>\n\n\n\n<h5 class=\"wp-block-heading\">Qui ho organitza?<\/h5>\n\n\n\n<p>El projecte compta amb la col\u00b7laboraci\u00f3 de: \u00c0rea de Cultura de l\u2019Ajuntament de la Seu d\u2019Urgell, Serveis Educatius de l\u2019Alt Pirineu i Aran, Parcs Naturals de l\u2019Alt Pirineu i Aran i Artistes i professionals del sector cultural<\/p>\n\n\n\n<h5 class=\"wp-block-heading\">Per qu\u00e8 participar-hi?<\/h5>\n\n\n\n<p>Perqu\u00e8 <strong>Homo Pirinensis \u00e9s m\u00e9s que un projecte art\u00edstic<\/strong>: \u00e9s una experi\u00e8ncia educativa que uneix natura, cultura i comunitat. Ofereix als alumnes l\u2019oportunitat de cr\u00e9ixer com a creadors i ciutadans conscients, alhora que enforteix els vincles amb el territori i impulsa la cultura com a dret fonamental.<\/p>\n","protected":false},"excerpt":{"rendered":"<p>Homo Pirinensis \u00e9s un projecte de creaci\u00f3 art\u00edstica impulsat per l\u2019\u00c0rea de Cultura de l\u2019Ajuntament de la Seu d\u2019Urgell amb [&hellip;]<\/p>\n","protected":false},"author":1,"featured_media":26309,"comment_status":"closed","ping_status":"open","sticky":false,"template":"","format":"standard","meta":{"_bbp_topic_count":0,"_bbp_reply_count":0,"_bbp_total_topic_count":0,"_bbp_total_reply_count":0,"_bbp_voice_count":0,"_bbp_anonymous_reply_count":0,"_bbp_topic_count_hidden":0,"_bbp_reply_count_hidden":0,"_bbp_forum_subforum_count":0,"site-sidebar-layout":"default","site-content-layout":"","ast-site-content-layout":"default","site-content-style":"default","site-sidebar-style":"default","ast-global-header-display":"","ast-banner-title-visibility":"","ast-main-header-display":"","ast-hfb-above-header-display":"","ast-hfb-below-header-display":"","ast-hfb-mobile-header-display":"","site-post-title":"","ast-breadcrumbs-content":"","ast-featured-img":"","footer-sml-layout":"","theme-transparent-header-meta":"","adv-header-id-meta":"","stick-header-meta":"","header-above-stick-meta":"","header-main-stick-meta":"","header-below-stick-meta":"","astra-migrate-meta-layouts":"set","ast-page-background-enabled":"default","ast-page-background-meta":{"desktop":{"background-color":"var(--ast-global-color-4)","background-image":"","background-repeat":"repeat","background-position":"center center","background-size":"auto","background-attachment":"scroll","background-type":"","background-media":"","overlay-type":"","overlay-color":"","overlay-opacity":"","overlay-gradient":""},"tablet":{"background-color":"","background-image":"","background-repeat":"repeat","background-position":"center center","background-size":"auto","background-attachment":"scroll","background-type":"","background-media":"","overlay-type":"","overlay-color":"","overlay-opacity":"","overlay-gradient":""},"mobile":{"background-color":"","background-image":"","background-repeat":"repeat","background-position":"center center","background-size":"auto","background-attachment":"scroll","background-type":"","background-media":"","overlay-type":"","overlay-color":"","overlay-opacity":"","overlay-gradient":""}},"ast-content-background-meta":{"desktop":{"background-color":"var(--ast-global-color-5)","background-image":"","background-repeat":"repeat","background-position":"center center","background-size":"auto","background-attachment":"scroll","background-type":"","background-media":"","overlay-type":"","overlay-color":"","overlay-opacity":"","overlay-gradient":""},"tablet":{"background-color":"var(--ast-global-color-5)","background-image":"","background-repeat":"repeat","background-position":"center center","background-size":"auto","background-attachment":"scroll","background-type":"","background-media":"","overlay-type":"","overlay-color":"","overlay-opacity":"","overlay-gradient":""},"mobile":{"background-color":"var(--ast-global-color-5)","background-image":"","background-repeat":"repeat","background-position":"center center","background-size":"auto","background-attachment":"scroll","background-type":"","background-media":"","overlay-type":"","overlay-color":"","overlay-opacity":"","overlay-gradient":""}},"footnotes":""},"categories":[1],"tags":[],"class_list":["post-26300","post","type-post","status-publish","format-standard","has-post-thumbnail","hentry","category-general"],"post_mailing_queue_ids":[],"_links":{"self":[{"href":"https:\/\/serveiseducatius.xtec.cat\/pallars\/wp-json\/wp\/v2\/posts\/26300","targetHints":{"allow":["GET"]}}],"collection":[{"href":"https:\/\/serveiseducatius.xtec.cat\/pallars\/wp-json\/wp\/v2\/posts"}],"about":[{"href":"https:\/\/serveiseducatius.xtec.cat\/pallars\/wp-json\/wp\/v2\/types\/post"}],"author":[{"embeddable":true,"href":"https:\/\/serveiseducatius.xtec.cat\/pallars\/wp-json\/wp\/v2\/users\/1"}],"replies":[{"embeddable":true,"href":"https:\/\/serveiseducatius.xtec.cat\/pallars\/wp-json\/wp\/v2\/comments?post=26300"}],"version-history":[{"count":4,"href":"https:\/\/serveiseducatius.xtec.cat\/pallars\/wp-json\/wp\/v2\/posts\/26300\/revisions"}],"predecessor-version":[{"id":26310,"href":"https:\/\/serveiseducatius.xtec.cat\/pallars\/wp-json\/wp\/v2\/posts\/26300\/revisions\/26310"}],"wp:featuredmedia":[{"embeddable":true,"href":"https:\/\/serveiseducatius.xtec.cat\/pallars\/wp-json\/wp\/v2\/media\/26309"}],"wp:attachment":[{"href":"https:\/\/serveiseducatius.xtec.cat\/pallars\/wp-json\/wp\/v2\/media?parent=26300"}],"wp:term":[{"taxonomy":"category","embeddable":true,"href":"https:\/\/serveiseducatius.xtec.cat\/pallars\/wp-json\/wp\/v2\/categories?post=26300"},{"taxonomy":"post_tag","embeddable":true,"href":"https:\/\/serveiseducatius.xtec.cat\/pallars\/wp-json\/wp\/v2\/tags?post=26300"}],"curies":[{"name":"wp","href":"https:\/\/api.w.org\/{rel}","templated":true}]}}