{"id":26282,"date":"2025-09-23T10:35:57","date_gmt":"2025-09-23T08:35:57","guid":{"rendered":"https:\/\/serveiseducatius.xtec.cat\/pallars\/?p=26282"},"modified":"2025-09-23T10:36:47","modified_gmt":"2025-09-23T08:36:47","slug":"setmana-bio-a-lescola-2025","status":"publish","type":"post","link":"https:\/\/serveiseducatius.xtec.cat\/pallars\/portada\/setmana-bio-a-lescola-2025\/","title":{"rendered":"Setmana Bio a l&#8217;escola 2025"},"content":{"rendered":"\n<div class=\"wp-block-columns is-layout-flex wp-container-core-columns-is-layout-2 wp-block-columns-is-layout-flex\">\n<div class=\"wp-block-column is-layout-flow wp-block-column-is-layout-flow\" style=\"flex-basis:33.33%\">\n<figure class=\"wp-block-image size-large\"><a href=\"https:\/\/serveiseducatius.xtec.cat\/pallars\/wp-content\/uploads\/usu1099\/2025\/09\/TREMP-Engeguem-lhort-dhivern.jpg\"><img loading=\"lazy\" decoding=\"async\" width=\"819\" height=\"1024\" src=\"https:\/\/serveiseducatius.xtec.cat\/pallars\/wp-content\/uploads\/usu1099\/2025\/09\/TREMP-Engeguem-lhort-dhivern-819x1024.jpg\" alt=\"\" class=\"wp-image-26283\" srcset=\"https:\/\/serveiseducatius.xtec.cat\/pallars\/wp-content\/uploads\/usu1099\/2025\/09\/TREMP-Engeguem-lhort-dhivern-819x1024.jpg 819w, https:\/\/serveiseducatius.xtec.cat\/pallars\/wp-content\/uploads\/usu1099\/2025\/09\/TREMP-Engeguem-lhort-dhivern-240x300.jpg 240w, https:\/\/serveiseducatius.xtec.cat\/pallars\/wp-content\/uploads\/usu1099\/2025\/09\/TREMP-Engeguem-lhort-dhivern-768x960.jpg 768w, https:\/\/serveiseducatius.xtec.cat\/pallars\/wp-content\/uploads\/usu1099\/2025\/09\/TREMP-Engeguem-lhort-dhivern-1229x1536.jpg 1229w, https:\/\/serveiseducatius.xtec.cat\/pallars\/wp-content\/uploads\/usu1099\/2025\/09\/TREMP-Engeguem-lhort-dhivern-1639x2048.jpg 1639w, https:\/\/serveiseducatius.xtec.cat\/pallars\/wp-content\/uploads\/usu1099\/2025\/09\/TREMP-Engeguem-lhort-dhivern.jpg 2025w\" sizes=\"auto, (max-width: 819px) 100vw, 819px\" \/><\/a><\/figure>\n<\/div>\n\n\n\n<div class=\"wp-block-column is-layout-flow wp-block-column-is-layout-flow\" style=\"flex-basis:66.66%\">\n<p>Dins de la Setmana la jornada per a professorat \u00e9s realitzar\u00e0 al Pallars Juss\u00e0.<\/p>\n\n\n\n<div class=\"wp-block-columns is-layout-flex wp-container-core-columns-is-layout-1 wp-block-columns-is-layout-flex\">\n<div class=\"wp-block-column is-layout-flow wp-block-column-is-layout-flow\">\n<h5 class=\"wp-block-heading\">T\u00edtol de la Jornada<\/h5>\n\n\n\n<p><em>Engeguem l\u2019hort d\u2019hivern<\/em>\u00a0<\/p>\n\n\n\n<h5 class=\"wp-block-heading\">Horari<\/h5>\n\n\n\n<p>17.30-20 h<\/p>\n<\/div>\n\n\n\n<div class=\"wp-block-column is-layout-flow wp-block-column-is-layout-flow\">\n<h5 class=\"wp-block-heading\">Dia<\/h5>\n\n\n\n<p>Dimarts, 14 d&#8217;octubre de 2025<\/p>\n\n\n\n<h5 class=\"wp-block-heading\">Inscripcions<\/h5>\n\n\n\n<p class=\"has-small-font-size\"><strong><a href=\"https:\/\/forms.office.com\/e\/1NRxFRF5gD\" target=\"_blank\" rel=\"noreferrer noopener\">INSCRIPCI\u00d3 Jornada Engeguem l\u2019hort d\u2019hivern-14 octubre- Tremp<\/a><\/strong><\/p>\n<\/div>\n\n\n\n<div class=\"wp-block-column is-layout-flow wp-block-column-is-layout-flow\">\n<h5 class=\"wp-block-heading\">Lloc<\/h5>\n\n\n\n<p><strong>Col\u00b7legi Maria Immaculada de Tremp<\/strong><\/p>\n\n\n\n<h5 class=\"wp-block-heading\">Organitza<\/h5>\n\n\n\n<p>Fundesplai<\/p>\n<\/div>\n<\/div>\n\n\n\n<p>Es tracta d\u2019una jornada de car\u00e0cter formatiu,&nbsp;<strong>oberta als docents de centres de totes les etapes educatives<\/strong>&nbsp;que tenen hort escolar o que el volen posar en marxa i volen aprendre i iniciar-se en l\u2019Agroecologia escolar.<\/p>\n\n\n\n<p>En acabar la jornada, s\u2019entregar\u00e0 planter i llavors ecol\u00f2giques a les docents assistents perqu\u00e8 els centres puguin posar en marxa l\u2019hort d\u2019hivern.<\/p>\n\n\n\n<p>La jornada \u00e9s gratu\u00efta i requereix inscripci\u00f3. <\/p>\n\n\n\n<p>Per a m\u00e9s informaci\u00f3, us podeu adre\u00e7ar a:\u00a0<a href=\"mailto:setmanabio@fundesplai.org\" target=\"_blank\" rel=\"noreferrer noopener\">setmanabio@fundesplai.org<\/a>\u00a0(600-025-684)<\/p>\n<\/div>\n<\/div>\n","protected":false},"excerpt":{"rendered":"<p>El dia 14 d&#8217;octubre de 2025 al Pallars Juss\u00e0<\/p>\n","protected":false},"author":1,"featured_media":26284,"comment_status":"closed","ping_status":"open","sticky":false,"template":"","format":"standard","meta":{"_bbp_topic_count":0,"_bbp_reply_count":0,"_bbp_total_topic_count":0,"_bbp_total_reply_count":0,"_bbp_voice_count":0,"_bbp_anonymous_reply_count":0,"_bbp_topic_count_hidden":0,"_bbp_reply_count_hidden":0,"_bbp_forum_subforum_count":0,"site-sidebar-layout":"default","site-content-layout":"","ast-site-content-layout":"default","site-content-style":"default","site-sidebar-style":"default","ast-global-header-display":"","ast-banner-title-visibility":"","ast-main-header-display":"","ast-hfb-above-header-display":"","ast-hfb-below-header-display":"","ast-hfb-mobile-header-display":"","site-post-title":"","ast-breadcrumbs-content":"","ast-featured-img":"","footer-sml-layout":"","theme-transparent-header-meta":"","adv-header-id-meta":"","stick-header-meta":"","header-above-stick-meta":"","header-main-stick-meta":"","header-below-stick-meta":"","astra-migrate-meta-layouts":"set","ast-page-background-enabled":"default","ast-page-background-meta":{"desktop":{"background-color":"var(--ast-global-color-4)","background-image":"","background-repeat":"repeat","background-position":"center center","background-size":"auto","background-attachment":"scroll","background-type":"","background-media":"","overlay-type":"","overlay-color":"","overlay-opacity":"","overlay-gradient":""},"tablet":{"background-color":"","background-image":"","background-repeat":"repeat","background-position":"center center","background-size":"auto","background-attachment":"scroll","background-type":"","background-media":"","overlay-type":"","overlay-color":"","overlay-opacity":"","overlay-gradient":""},"mobile":{"background-color":"","background-image":"","background-repeat":"repeat","background-position":"center center","background-size":"auto","background-attachment":"scroll","background-type":"","background-media":"","overlay-type":"","overlay-color":"","overlay-opacity":"","overlay-gradient":""}},"ast-content-background-meta":{"desktop":{"background-color":"var(--ast-global-color-5)","background-image":"","background-repeat":"repeat","background-position":"center center","background-size":"auto","background-attachment":"scroll","background-type":"","background-media":"","overlay-type":"","overlay-color":"","overlay-opacity":"","overlay-gradient":""},"tablet":{"background-color":"var(--ast-global-color-5)","background-image":"","background-repeat":"repeat","background-position":"center center","background-size":"auto","background-attachment":"scroll","background-type":"","background-media":"","overlay-type":"","overlay-color":"","overlay-opacity":"","overlay-gradient":""},"mobile":{"background-color":"var(--ast-global-color-5)","background-image":"","background-repeat":"repeat","background-position":"center center","background-size":"auto","background-attachment":"scroll","background-type":"","background-media":"","overlay-type":"","overlay-color":"","overlay-opacity":"","overlay-gradient":""}},"footnotes":""},"categories":[29],"tags":[],"class_list":["post-26282","post","type-post","status-publish","format-standard","has-post-thumbnail","hentry","category-portada"],"post_mailing_queue_ids":[],"_links":{"self":[{"href":"https:\/\/serveiseducatius.xtec.cat\/pallars\/wp-json\/wp\/v2\/posts\/26282","targetHints":{"allow":["GET"]}}],"collection":[{"href":"https:\/\/serveiseducatius.xtec.cat\/pallars\/wp-json\/wp\/v2\/posts"}],"about":[{"href":"https:\/\/serveiseducatius.xtec.cat\/pallars\/wp-json\/wp\/v2\/types\/post"}],"author":[{"embeddable":true,"href":"https:\/\/serveiseducatius.xtec.cat\/pallars\/wp-json\/wp\/v2\/users\/1"}],"replies":[{"embeddable":true,"href":"https:\/\/serveiseducatius.xtec.cat\/pallars\/wp-json\/wp\/v2\/comments?post=26282"}],"version-history":[{"count":1,"href":"https:\/\/serveiseducatius.xtec.cat\/pallars\/wp-json\/wp\/v2\/posts\/26282\/revisions"}],"predecessor-version":[{"id":26285,"href":"https:\/\/serveiseducatius.xtec.cat\/pallars\/wp-json\/wp\/v2\/posts\/26282\/revisions\/26285"}],"wp:featuredmedia":[{"embeddable":true,"href":"https:\/\/serveiseducatius.xtec.cat\/pallars\/wp-json\/wp\/v2\/media\/26284"}],"wp:attachment":[{"href":"https:\/\/serveiseducatius.xtec.cat\/pallars\/wp-json\/wp\/v2\/media?parent=26282"}],"wp:term":[{"taxonomy":"category","embeddable":true,"href":"https:\/\/serveiseducatius.xtec.cat\/pallars\/wp-json\/wp\/v2\/categories?post=26282"},{"taxonomy":"post_tag","embeddable":true,"href":"https:\/\/serveiseducatius.xtec.cat\/pallars\/wp-json\/wp\/v2\/tags?post=26282"}],"curies":[{"name":"wp","href":"https:\/\/api.w.org\/{rel}","templated":true}]}}