{"id":26221,"date":"2025-09-08T17:32:03","date_gmt":"2025-09-08T15:32:03","guid":{"rendered":"https:\/\/serveiseducatius.xtec.cat\/pallars\/?p=26221"},"modified":"2025-09-08T17:32:52","modified_gmt":"2025-09-08T15:32:52","slug":"educacio-i-memoria-democratica-a-catalunya","status":"publish","type":"post","link":"https:\/\/serveiseducatius.xtec.cat\/pallars\/general\/educacio-i-memoria-democratica-a-catalunya\/","title":{"rendered":"Educaci\u00f3 i Mem\u00f2ria Democr\u00e0tica a Catalunya"},"content":{"rendered":"\n<figure class=\"wp-block-image alignleft size-full is-resized\"><a href=\"https:\/\/serveiseducatius.xtec.cat\/pallars\/wp-content\/uploads\/usu1099\/2025\/09\/memorial-democratic.png\"><img loading=\"lazy\" decoding=\"async\" width=\"348\" height=\"145\" src=\"https:\/\/serveiseducatius.xtec.cat\/pallars\/wp-content\/uploads\/usu1099\/2025\/09\/memorial-democratic.png\" alt=\"\" class=\"wp-image-26222\" style=\"width:389px;height:auto\" srcset=\"https:\/\/serveiseducatius.xtec.cat\/pallars\/wp-content\/uploads\/usu1099\/2025\/09\/memorial-democratic.png 348w, https:\/\/serveiseducatius.xtec.cat\/pallars\/wp-content\/uploads\/usu1099\/2025\/09\/memorial-democratic-300x125.png 300w\" sizes=\"auto, (max-width: 348px) 100vw, 348px\" \/><\/a><\/figure>\n\n\n\n<p>Ja podeu consultar el nou programa educatiu<strong>\u00a0<em>Educaci\u00f3 i Mem\u00f2ria Democr\u00e0tica a Catalunya<\/em>.\u00a0<em>Programa educatiu 2025-26<\/em><\/strong> on no nom\u00e9s trobareu tota l\u2019oferta educativa del Memorial Democr\u00e0tic, sin\u00f3 que tamb\u00e9 la del Museu de l\u2019Exili (MUME), el Consorci Memorial de la Batalla d\u2019Ebre (COMEBE) i els Camps i Entorns d\u2019Aprenentatge (CdA) del Departament d\u2019Educaci\u00f3 i Formaci\u00f3 Professional, aix\u00ed com la de nombrosos espais de mem\u00f2ria d\u2019arreu de Catalunya. <\/p>\n\n\n\n<p>El podeu descarregar aqu\u00ed (Oferta Educativa 2025-2026):\u00a0<a href=\"https:\/\/memoria.gencat.cat\/ca\/educacio\/\" target=\"_blank\" rel=\"noreferrer noopener\">Educaci\u00f3. Memorial Democr\u00e0tic<\/a><\/p>\n\n\n\n<p>Entre les novetats d\u2019aquest curs, destaquem tres noves propostes del programa Testimonis a l\u2019Aula del Memorial Democr\u00e0tic, que us animem a consultar en els seg\u00fcents enlla\u00e7os:<\/p>\n\n\n\n<p>\u00b7&nbsp;&nbsp;&nbsp;&nbsp;&nbsp;&nbsp;&nbsp;<a href=\"https:\/\/memoria.gencat.cat\/ca\/educacio\/testimonis-a-laula\/joaquim-amat-piniella-testimoni-i-memoria-de-lhorror-nazi-00001.-lluita-exili-i-literatura\/\" target=\"_blank\" rel=\"noreferrer noopener\">&#8220;Joaquim Amat-Piniella, testimoni i mem\u00f2ria de l\u2019horror nazi. Lluita, exili i literatura&#8221;. Memorial Democr\u00e0tic<\/a>&nbsp;a c\u00e0rrec&nbsp;de l\u2019<a href=\"https:\/\/www.memoria.cat\/\" target=\"_blank\" rel=\"noreferrer noopener\">Associaci\u00f3 Mem\u00f2ria i Hist\u00f2ria de Manresa<\/a><\/p>\n\n\n\n<p>\u00b7&nbsp;&nbsp;&nbsp;&nbsp;&nbsp;&nbsp;&nbsp;<a href=\"https:\/\/memoria.gencat.cat\/ca\/educacio\/testimonis-a-laula\/la-resistencia-guerrillera-contra-franco-00001\/index.html\" target=\"_blank\" rel=\"noreferrer noopener\">&#8220;La resist\u00e8ncia guerrillera contra Franco&#8221;. Memorial Democr\u00e0tic<\/a>&nbsp;a c\u00e0rrec de&nbsp;l\u2019<a href=\"https:\/\/maquis.cat\/\" target=\"_blank\" rel=\"noreferrer noopener\">Amical d\u2019Antics Guerrillers de Catalunya<\/a><\/p>\n\n\n\n<p>\u00b7&nbsp;&nbsp;&nbsp;&nbsp;&nbsp;&nbsp;&nbsp;<a href=\"https:\/\/memoria.gencat.cat\/ca\/educacio\/testimonis-a-laula\/francesc-boix-el-fotograf-de-mauthausen\/\" target=\"_blank\" rel=\"noreferrer noopener\">&#8220;Francesc Boix, el fot\u00f2graf de Mauthausen&#8221;. Memorial Democr\u00e0tic<\/a>&nbsp;a c\u00e0rrec de l\u2019<strong>Associaci\u00f3 Francesc Boix<\/strong><strong>&nbsp;\u2013&nbsp;<\/strong>Mem\u00f2ria Hist\u00f2rica<\/p>\n\n\n\n<p><strong>Per reservar les activitats educatives del Memorial Democr\u00e0tic, ompliu el formulari que trobareu en el seg\u00fcent enlla\u00e7:<\/strong>\u00a0 <a href=\"https:\/\/forms.office.com\/pages\/responsepage.aspx?id=3CeUOw7TvEOMBv9yU2dv7GxKg0tGIkxJva4zibQOHQZUQkk4UUg4UlYxUDVBREVJNFMzWDFLU0pKTy4u&amp;route=shorturl\" target=\"_blank\" rel=\"noreferrer noopener\">Sol\u00b7licitud de reserva d&#8217;activitats Curs 2025-2026.\u00a0 Memorial Democr\u00e0tic<\/a><\/p>\n","protected":false},"excerpt":{"rendered":"<p>Ja podeu consultar el nou programa educatiu\u00a0Educaci\u00f3 i Mem\u00f2ria Democr\u00e0tica a Catalunya.\u00a0Programa educatiu 2025-26 on no nom\u00e9s trobareu tota l\u2019oferta [&hellip;]<\/p>\n","protected":false},"author":1,"featured_media":21404,"comment_status":"closed","ping_status":"open","sticky":false,"template":"","format":"standard","meta":{"_bbp_topic_count":0,"_bbp_reply_count":0,"_bbp_total_topic_count":0,"_bbp_total_reply_count":0,"_bbp_voice_count":0,"_bbp_anonymous_reply_count":0,"_bbp_topic_count_hidden":0,"_bbp_reply_count_hidden":0,"_bbp_forum_subforum_count":0,"site-sidebar-layout":"default","site-content-layout":"","ast-site-content-layout":"default","site-content-style":"default","site-sidebar-style":"default","ast-global-header-display":"","ast-banner-title-visibility":"","ast-main-header-display":"","ast-hfb-above-header-display":"","ast-hfb-below-header-display":"","ast-hfb-mobile-header-display":"","site-post-title":"","ast-breadcrumbs-content":"","ast-featured-img":"","footer-sml-layout":"","theme-transparent-header-meta":"","adv-header-id-meta":"","stick-header-meta":"","header-above-stick-meta":"","header-main-stick-meta":"","header-below-stick-meta":"","astra-migrate-meta-layouts":"set","ast-page-background-enabled":"default","ast-page-background-meta":{"desktop":{"background-color":"var(--ast-global-color-4)","background-image":"","background-repeat":"repeat","background-position":"center center","background-size":"auto","background-attachment":"scroll","background-type":"","background-media":"","overlay-type":"","overlay-color":"","overlay-opacity":"","overlay-gradient":""},"tablet":{"background-color":"","background-image":"","background-repeat":"repeat","background-position":"center center","background-size":"auto","background-attachment":"scroll","background-type":"","background-media":"","overlay-type":"","overlay-color":"","overlay-opacity":"","overlay-gradient":""},"mobile":{"background-color":"","background-image":"","background-repeat":"repeat","background-position":"center center","background-size":"auto","background-attachment":"scroll","background-type":"","background-media":"","overlay-type":"","overlay-color":"","overlay-opacity":"","overlay-gradient":""}},"ast-content-background-meta":{"desktop":{"background-color":"var(--ast-global-color-5)","background-image":"","background-repeat":"repeat","background-position":"center center","background-size":"auto","background-attachment":"scroll","background-type":"","background-media":"","overlay-type":"","overlay-color":"","overlay-opacity":"","overlay-gradient":""},"tablet":{"background-color":"var(--ast-global-color-5)","background-image":"","background-repeat":"repeat","background-position":"center center","background-size":"auto","background-attachment":"scroll","background-type":"","background-media":"","overlay-type":"","overlay-color":"","overlay-opacity":"","overlay-gradient":""},"mobile":{"background-color":"var(--ast-global-color-5)","background-image":"","background-repeat":"repeat","background-position":"center center","background-size":"auto","background-attachment":"scroll","background-type":"","background-media":"","overlay-type":"","overlay-color":"","overlay-opacity":"","overlay-gradient":""}},"footnotes":""},"categories":[1],"tags":[],"class_list":["post-26221","post","type-post","status-publish","format-standard","has-post-thumbnail","hentry","category-general"],"post_mailing_queue_ids":[],"_links":{"self":[{"href":"https:\/\/serveiseducatius.xtec.cat\/pallars\/wp-json\/wp\/v2\/posts\/26221","targetHints":{"allow":["GET"]}}],"collection":[{"href":"https:\/\/serveiseducatius.xtec.cat\/pallars\/wp-json\/wp\/v2\/posts"}],"about":[{"href":"https:\/\/serveiseducatius.xtec.cat\/pallars\/wp-json\/wp\/v2\/types\/post"}],"author":[{"embeddable":true,"href":"https:\/\/serveiseducatius.xtec.cat\/pallars\/wp-json\/wp\/v2\/users\/1"}],"replies":[{"embeddable":true,"href":"https:\/\/serveiseducatius.xtec.cat\/pallars\/wp-json\/wp\/v2\/comments?post=26221"}],"version-history":[{"count":1,"href":"https:\/\/serveiseducatius.xtec.cat\/pallars\/wp-json\/wp\/v2\/posts\/26221\/revisions"}],"predecessor-version":[{"id":26223,"href":"https:\/\/serveiseducatius.xtec.cat\/pallars\/wp-json\/wp\/v2\/posts\/26221\/revisions\/26223"}],"wp:featuredmedia":[{"embeddable":true,"href":"https:\/\/serveiseducatius.xtec.cat\/pallars\/wp-json\/wp\/v2\/media\/21404"}],"wp:attachment":[{"href":"https:\/\/serveiseducatius.xtec.cat\/pallars\/wp-json\/wp\/v2\/media?parent=26221"}],"wp:term":[{"taxonomy":"category","embeddable":true,"href":"https:\/\/serveiseducatius.xtec.cat\/pallars\/wp-json\/wp\/v2\/categories?post=26221"},{"taxonomy":"post_tag","embeddable":true,"href":"https:\/\/serveiseducatius.xtec.cat\/pallars\/wp-json\/wp\/v2\/tags?post=26221"}],"curies":[{"name":"wp","href":"https:\/\/api.w.org\/{rel}","templated":true}]}}