{"id":26217,"date":"2025-09-08T12:29:51","date_gmt":"2025-09-08T10:29:51","guid":{"rendered":"https:\/\/serveiseducatius.xtec.cat\/pallars\/?p=26217"},"modified":"2025-09-08T12:29:52","modified_gmt":"2025-09-08T10:29:52","slug":"formacio-aprenen-a-escola-rural","status":"publish","type":"post","link":"https:\/\/serveiseducatius.xtec.cat\/pallars\/general\/formacio-aprenen-a-escola-rural\/","title":{"rendered":"Formaci\u00f3. Aprenen a Escola Rural"},"content":{"rendered":"\n<div class=\"wp-block-columns is-layout-flex wp-container-core-columns-is-layout-1 wp-block-columns-is-layout-flex\">\n<div class=\"wp-block-column is-layout-flow wp-block-column-is-layout-flow\" style=\"flex-basis:33.33%\">\n<figure class=\"wp-block-image size-large\"><a href=\"https:\/\/serveiseducatius.xtec.cat\/pallars\/wp-content\/uploads\/usu1099\/2025\/09\/Escola-amb-nens-jugant-i-entorn-de-poble.jpg\"><img loading=\"lazy\" decoding=\"async\" width=\"1024\" height=\"573\" src=\"https:\/\/serveiseducatius.xtec.cat\/pallars\/wp-content\/uploads\/usu1099\/2025\/09\/Escola-amb-nens-jugant-i-entorn-de-poble-1024x573.jpg\" alt=\"\" class=\"wp-image-26218\" srcset=\"https:\/\/serveiseducatius.xtec.cat\/pallars\/wp-content\/uploads\/usu1099\/2025\/09\/Escola-amb-nens-jugant-i-entorn-de-poble-1024x573.jpg 1024w, https:\/\/serveiseducatius.xtec.cat\/pallars\/wp-content\/uploads\/usu1099\/2025\/09\/Escola-amb-nens-jugant-i-entorn-de-poble-300x168.jpg 300w, https:\/\/serveiseducatius.xtec.cat\/pallars\/wp-content\/uploads\/usu1099\/2025\/09\/Escola-amb-nens-jugant-i-entorn-de-poble-768x430.jpg 768w, https:\/\/serveiseducatius.xtec.cat\/pallars\/wp-content\/uploads\/usu1099\/2025\/09\/Escola-amb-nens-jugant-i-entorn-de-poble-1536x860.jpg 1536w, https:\/\/serveiseducatius.xtec.cat\/pallars\/wp-content\/uploads\/usu1099\/2025\/09\/Escola-amb-nens-jugant-i-entorn-de-poble.jpg 1600w\" sizes=\"auto, (max-width: 1024px) 100vw, 1024px\" \/><\/a><\/figure>\n<\/div>\n\n\n\n<div class=\"wp-block-column is-layout-flow wp-block-column-is-layout-flow\" style=\"flex-basis:66.66%\">\n<p>Ja ha sortit la informaci\u00f3 dels cursos d&#8217;Escola Rural que ofereix el Departament d&#8217;Educaci\u00f3 i Formaci\u00f3 Professional.<\/p>\n\n\n\n<h5 class=\"wp-block-heading\">Destinataris<\/h5>\n\n\n\n<p>Educaci\u00f3 Infantil-Prim\u00e0ria<\/p>\n\n\n\n<h5 class=\"wp-block-heading\">Format<\/h5>\n\n\n\n<p>Semipresencial<\/p>\n\n\n\n<p>PONENT: Pirineus, Lleida, Anoia i Solson\u00e8s. <a href=\"https:\/\/aplicacions.gestioeducativa.gencat.cat\/ords\/pls\/soloas\/pk_for_mod_ins.p_for_detall_activitat?p_header=Llista%20d%27activitats^pk_for_mod_ins.p_for_cons_activitats?p_any=2025-2026%26p_totes=N%26p_desc=rural%26p_inici=1%26p_excloure_crp_rec=T&amp;p_codi=9005050509&amp;p_curs=2025-2026&amp;p_excloure_crp_rec=T\">Enlla\u00e7 a la inscripci\u00f3<\/a> Nivell I &#8211; <a href=\"https:\/\/aplicacions.gestioeducativa.gencat.cat\/ords\/pls\/soloas\/pk_for_mod_ins.p_for_detall_activitat?p_header=Llista%20d%27activitats^pk_for_mod_ins.p_for_cons_activitats?p_tipus_act=RUR1,RUR2%26p_totes=S%26p_inici=1%26p_excloure_crp_rec=F&amp;p_codi=6004000509&amp;p_curs=2025-2026&amp;p_excloure_crp_rec=F\">Enlla\u00e7 inscripci\u00f3 <\/a>Nivell II<\/p>\n\n\n\n<h5 class=\"wp-block-heading\">M\u00e9s informaci\u00f3<\/h5>\n\n\n\n<p><a href=\"https:\/\/aplicacions.gestioeducativa.gencat.cat\/ords\/pls\/soloas\/pk_for_mod_ins.p_for_exhaustiu_activitat?p_header=Llista%20d%27activitats^pk_for_mod_ins.p_for_cons_activitats?p_any=2025-2026%26p_totes=N%26p_desc=rural%26p_inici=1%26p_excloure_crp_rec=T*Detall%20d%27activitat^pk_for_mod_ins.p_for_detall_activitat?p_codi=9005050509%26p_curs=2025-2026%26p_es_inscr=S&amp;p_codi=9005050509&amp;p_curs=2025-2026&amp;p_es_inscr=S\">Aprenem a l&#8217;escola rural nivell I<\/a><\/p>\n\n\n\n<p><a href=\"https:\/\/aplicacions.gestioeducativa.gencat.cat\/ords\/pls\/soloas\/pk_for_mod_ins.p_for_detall_activitat?p_header=Llista%20d%27activitats^pk_for_mod_ins.p_for_cons_activitats?p_tipus_act=RUR1,RUR2%26p_totes=S%26p_inici=1%26p_excloure_crp_rec=F&amp;p_codi=6004000509&amp;p_curs=2025-2026&amp;p_excloure_crp_rec=F\">Aprenem a l&#8217;escola rural nivell II<\/a><\/p>\n\n\n\n<h5 class=\"wp-block-heading\">Inscripcions<\/h5>\n\n\n\n<p>Termini d&#8217;inscripci\u00f3&nbsp; fins al 21 de setembre.<\/p>\n<\/div>\n<\/div>\n","protected":false},"excerpt":{"rendered":"<p>Formaci\u00f3<\/p>\n","protected":false},"author":1,"featured_media":26218,"comment_status":"closed","ping_status":"open","sticky":false,"template":"","format":"standard","meta":{"_bbp_topic_count":0,"_bbp_reply_count":0,"_bbp_total_topic_count":0,"_bbp_total_reply_count":0,"_bbp_voice_count":0,"_bbp_anonymous_reply_count":0,"_bbp_topic_count_hidden":0,"_bbp_reply_count_hidden":0,"_bbp_forum_subforum_count":0,"site-sidebar-layout":"default","site-content-layout":"","ast-site-content-layout":"default","site-content-style":"default","site-sidebar-style":"default","ast-global-header-display":"","ast-banner-title-visibility":"","ast-main-header-display":"","ast-hfb-above-header-display":"","ast-hfb-below-header-display":"","ast-hfb-mobile-header-display":"","site-post-title":"","ast-breadcrumbs-content":"","ast-featured-img":"","footer-sml-layout":"","theme-transparent-header-meta":"","adv-header-id-meta":"","stick-header-meta":"","header-above-stick-meta":"","header-main-stick-meta":"","header-below-stick-meta":"","astra-migrate-meta-layouts":"set","ast-page-background-enabled":"default","ast-page-background-meta":{"desktop":{"background-color":"var(--ast-global-color-4)","background-image":"","background-repeat":"repeat","background-position":"center center","background-size":"auto","background-attachment":"scroll","background-type":"","background-media":"","overlay-type":"","overlay-color":"","overlay-opacity":"","overlay-gradient":""},"tablet":{"background-color":"","background-image":"","background-repeat":"repeat","background-position":"center center","background-size":"auto","background-attachment":"scroll","background-type":"","background-media":"","overlay-type":"","overlay-color":"","overlay-opacity":"","overlay-gradient":""},"mobile":{"background-color":"","background-image":"","background-repeat":"repeat","background-position":"center center","background-size":"auto","background-attachment":"scroll","background-type":"","background-media":"","overlay-type":"","overlay-color":"","overlay-opacity":"","overlay-gradient":""}},"ast-content-background-meta":{"desktop":{"background-color":"var(--ast-global-color-5)","background-image":"","background-repeat":"repeat","background-position":"center center","background-size":"auto","background-attachment":"scroll","background-type":"","background-media":"","overlay-type":"","overlay-color":"","overlay-opacity":"","overlay-gradient":""},"tablet":{"background-color":"var(--ast-global-color-5)","background-image":"","background-repeat":"repeat","background-position":"center center","background-size":"auto","background-attachment":"scroll","background-type":"","background-media":"","overlay-type":"","overlay-color":"","overlay-opacity":"","overlay-gradient":""},"mobile":{"background-color":"var(--ast-global-color-5)","background-image":"","background-repeat":"repeat","background-position":"center center","background-size":"auto","background-attachment":"scroll","background-type":"","background-media":"","overlay-type":"","overlay-color":"","overlay-opacity":"","overlay-gradient":""}},"footnotes":""},"categories":[1],"tags":[],"class_list":["post-26217","post","type-post","status-publish","format-standard","has-post-thumbnail","hentry","category-general"],"post_mailing_queue_ids":[],"_links":{"self":[{"href":"https:\/\/serveiseducatius.xtec.cat\/pallars\/wp-json\/wp\/v2\/posts\/26217","targetHints":{"allow":["GET"]}}],"collection":[{"href":"https:\/\/serveiseducatius.xtec.cat\/pallars\/wp-json\/wp\/v2\/posts"}],"about":[{"href":"https:\/\/serveiseducatius.xtec.cat\/pallars\/wp-json\/wp\/v2\/types\/post"}],"author":[{"embeddable":true,"href":"https:\/\/serveiseducatius.xtec.cat\/pallars\/wp-json\/wp\/v2\/users\/1"}],"replies":[{"embeddable":true,"href":"https:\/\/serveiseducatius.xtec.cat\/pallars\/wp-json\/wp\/v2\/comments?post=26217"}],"version-history":[{"count":2,"href":"https:\/\/serveiseducatius.xtec.cat\/pallars\/wp-json\/wp\/v2\/posts\/26217\/revisions"}],"predecessor-version":[{"id":26220,"href":"https:\/\/serveiseducatius.xtec.cat\/pallars\/wp-json\/wp\/v2\/posts\/26217\/revisions\/26220"}],"wp:featuredmedia":[{"embeddable":true,"href":"https:\/\/serveiseducatius.xtec.cat\/pallars\/wp-json\/wp\/v2\/media\/26218"}],"wp:attachment":[{"href":"https:\/\/serveiseducatius.xtec.cat\/pallars\/wp-json\/wp\/v2\/media?parent=26217"}],"wp:term":[{"taxonomy":"category","embeddable":true,"href":"https:\/\/serveiseducatius.xtec.cat\/pallars\/wp-json\/wp\/v2\/categories?post=26217"},{"taxonomy":"post_tag","embeddable":true,"href":"https:\/\/serveiseducatius.xtec.cat\/pallars\/wp-json\/wp\/v2\/tags?post=26217"}],"curies":[{"name":"wp","href":"https:\/\/api.w.org\/{rel}","templated":true}]}}