{"id":26215,"date":"2025-09-09T11:09:02","date_gmt":"2025-09-09T09:09:02","guid":{"rendered":"https:\/\/serveiseducatius.xtec.cat\/pallars\/?p=26215"},"modified":"2025-09-09T11:09:04","modified_gmt":"2025-09-09T09:09:04","slug":"aproximacio-als-espais-naturals-protegits-del-pirineu-educar-des-del-territori","status":"publish","type":"post","link":"https:\/\/serveiseducatius.xtec.cat\/pallars\/general\/aproximacio-als-espais-naturals-protegits-del-pirineu-educar-des-del-territori\/","title":{"rendered":"Aproximaci\u00f3 als espais naturals protegits del Pirineu: educar des del territori"},"content":{"rendered":"\n<figure class=\"wp-block-image alignleft size-large is-resized\"><a href=\"https:\/\/serveiseducatius.xtec.cat\/pallars\/wp-content\/uploads\/usu1099\/2025\/09\/Cartell_formacio-professorat-25-26_A4-DEF.jpg\"><img loading=\"lazy\" decoding=\"async\" width=\"724\" height=\"1024\" src=\"https:\/\/serveiseducatius.xtec.cat\/pallars\/wp-content\/uploads\/usu1099\/2025\/09\/Cartell_formacio-professorat-25-26_A4-DEF-724x1024.jpg\" alt=\"\" class=\"wp-image-26238\" style=\"width:261px;height:auto\" srcset=\"https:\/\/serveiseducatius.xtec.cat\/pallars\/wp-content\/uploads\/usu1099\/2025\/09\/Cartell_formacio-professorat-25-26_A4-DEF-724x1024.jpg 724w, https:\/\/serveiseducatius.xtec.cat\/pallars\/wp-content\/uploads\/usu1099\/2025\/09\/Cartell_formacio-professorat-25-26_A4-DEF-212x300.jpg 212w, https:\/\/serveiseducatius.xtec.cat\/pallars\/wp-content\/uploads\/usu1099\/2025\/09\/Cartell_formacio-professorat-25-26_A4-DEF-768x1086.jpg 768w, https:\/\/serveiseducatius.xtec.cat\/pallars\/wp-content\/uploads\/usu1099\/2025\/09\/Cartell_formacio-professorat-25-26_A4-DEF-1086x1536.jpg 1086w, https:\/\/serveiseducatius.xtec.cat\/pallars\/wp-content\/uploads\/usu1099\/2025\/09\/Cartell_formacio-professorat-25-26_A4-DEF.jpg 1414w\" sizes=\"auto, (max-width: 724px) 100vw, 724px\" \/><\/a><\/figure>\n\n\n\n<p>Aquesta tardor, en el marc de la &nbsp;<a href=\"https:\/\/serveiseducatius.xtec.cat\/apa\/xarxa-escoles-inter-parcs-pirineu\/\" target=\"_blank\" rel=\"noreferrer noopener\">Xarxa d\u2019escoles interparcs del Pirineu<\/a>&nbsp;(XEiPP), us oferim un nou curs de formaci\u00f3 per a professorat amb el t\u00edtol \u201cAproximaci\u00f3 als espais naturals protegits del Pirineu: educar des del territori.\u201d<\/p>\n\n\n\n<p><strong>Descripci\u00f3<\/strong><br>Curs de 30 h adre\u00e7at a docents d\u2019Ed. Infantil-Prim\u00e0ria-Secund\u00e0ria que pret\u00e9n donar a con\u00e8ixer els espais naturals protegits del territori pirinenc, amb la participaci\u00f3 de personal de cada espai natural protegit i dels docents dels diferents Camps d\u2019Aprenentatge de la zona.<\/p>\n\n\n\n<p><strong>Objectius<\/strong><br>\u2013 Donar a con\u00e8ixer els espais naturals protegits del territori.<br>\u2013 Fer xarxa entre docents i espais naturals<\/p>\n\n\n\n<p><strong>Inscripcions<\/strong><\/p>\n\n\n\n<p>Us heu d\u2019inscriure\u00a0<strong>abans del 21 de setembre<\/strong>\u00a0a trav\u00e9s del seg\u00fcent enlla\u00e7 <strong>6150321615<\/strong> <strong><a href=\"https:\/\/aplicacions.gestioeducativa.gencat.cat\/ords\/pls\/soloas\/pk_for_mod_ins.p_for_detall_activitat?p_header=Llista%20d%27activitats^pk_for_mod_ins.p_for_cons_activitats?p_crp=615%26p_crp_txt=Pallars%3Bp_totes=S%26p_totes=S%26p_inici=21%26p_excloure_crp_rec=T&amp;p_codi=6150321615&amp;p_curs=2025-2026&amp;p_excloure_crp_rec=T\">Aproximaci\u00f3 als espais naturals protegits del Pirineu: educar des del territori<\/a><\/strong> <\/p>\n\n\n\n<h5 class=\"wp-block-heading\">Calendari i Horari<\/h5>\n\n\n\n<ul class=\"wp-block-list\">\n<li>4\/10\/2025 &#8211; <strong>Sessi\u00f3 <\/strong>1\u00a0Parc Nacional d\u2019Aig\u00fcestortes i Estany de Sant Maurici<\/li>\n\n\n\n<li>11\/10\/2025 &#8211; <strong>Sessi\u00f3 <\/strong>2\u00a0Boumort<\/li>\n\n\n\n<li>18\/10\/2025 &#8211; <strong>Sessi\u00f3 3<\/strong>\u00a0Parc Natural del Cad\u00ed-Moixer\u00f3<\/li>\n\n\n\n<li>25\/10\/2025 &#8211; <strong>Sessi\u00f3 4<\/strong>\u00a0Parc Natural de l\u2019Alt Pirineu<\/li>\n\n\n\n<li>15\/11\/2025 &#8211; <strong>Sessi\u00f3 5<\/strong>\u00a0Geoparc Or\u00edgens<\/li>\n<\/ul>\n\n\n\n<p>Totes les sessions s\u00f3n en&nbsp;<strong>dissabte<\/strong>, i l\u2019horari aproximat ser\u00e0&nbsp;<strong>de 10h a 16h<\/strong>.<\/p>\n","protected":false},"excerpt":{"rendered":"<p>Aquesta tardor, en el marc de la &nbsp;Xarxa d\u2019escoles interparcs del Pirineu&nbsp;(XEiPP), us oferim un nou curs de formaci\u00f3 per [&hellip;]<\/p>\n","protected":false},"author":1,"featured_media":26238,"comment_status":"closed","ping_status":"open","sticky":false,"template":"","format":"standard","meta":{"_bbp_topic_count":0,"_bbp_reply_count":0,"_bbp_total_topic_count":0,"_bbp_total_reply_count":0,"_bbp_voice_count":0,"_bbp_anonymous_reply_count":0,"_bbp_topic_count_hidden":0,"_bbp_reply_count_hidden":0,"_bbp_forum_subforum_count":0,"site-sidebar-layout":"default","site-content-layout":"","ast-site-content-layout":"default","site-content-style":"default","site-sidebar-style":"default","ast-global-header-display":"","ast-banner-title-visibility":"","ast-main-header-display":"","ast-hfb-above-header-display":"","ast-hfb-below-header-display":"","ast-hfb-mobile-header-display":"","site-post-title":"","ast-breadcrumbs-content":"","ast-featured-img":"","footer-sml-layout":"","theme-transparent-header-meta":"","adv-header-id-meta":"","stick-header-meta":"","header-above-stick-meta":"","header-main-stick-meta":"","header-below-stick-meta":"","astra-migrate-meta-layouts":"set","ast-page-background-enabled":"default","ast-page-background-meta":{"desktop":{"background-color":"var(--ast-global-color-4)","background-image":"","background-repeat":"repeat","background-position":"center center","background-size":"auto","background-attachment":"scroll","background-type":"","background-media":"","overlay-type":"","overlay-color":"","overlay-opacity":"","overlay-gradient":""},"tablet":{"background-color":"","background-image":"","background-repeat":"repeat","background-position":"center center","background-size":"auto","background-attachment":"scroll","background-type":"","background-media":"","overlay-type":"","overlay-color":"","overlay-opacity":"","overlay-gradient":""},"mobile":{"background-color":"","background-image":"","background-repeat":"repeat","background-position":"center center","background-size":"auto","background-attachment":"scroll","background-type":"","background-media":"","overlay-type":"","overlay-color":"","overlay-opacity":"","overlay-gradient":""}},"ast-content-background-meta":{"desktop":{"background-color":"var(--ast-global-color-5)","background-image":"","background-repeat":"repeat","background-position":"center center","background-size":"auto","background-attachment":"scroll","background-type":"","background-media":"","overlay-type":"","overlay-color":"","overlay-opacity":"","overlay-gradient":""},"tablet":{"background-color":"var(--ast-global-color-5)","background-image":"","background-repeat":"repeat","background-position":"center center","background-size":"auto","background-attachment":"scroll","background-type":"","background-media":"","overlay-type":"","overlay-color":"","overlay-opacity":"","overlay-gradient":""},"mobile":{"background-color":"var(--ast-global-color-5)","background-image":"","background-repeat":"repeat","background-position":"center center","background-size":"auto","background-attachment":"scroll","background-type":"","background-media":"","overlay-type":"","overlay-color":"","overlay-opacity":"","overlay-gradient":""}},"footnotes":""},"categories":[1],"tags":[],"class_list":["post-26215","post","type-post","status-publish","format-standard","has-post-thumbnail","hentry","category-general"],"post_mailing_queue_ids":[],"_links":{"self":[{"href":"https:\/\/serveiseducatius.xtec.cat\/pallars\/wp-json\/wp\/v2\/posts\/26215","targetHints":{"allow":["GET"]}}],"collection":[{"href":"https:\/\/serveiseducatius.xtec.cat\/pallars\/wp-json\/wp\/v2\/posts"}],"about":[{"href":"https:\/\/serveiseducatius.xtec.cat\/pallars\/wp-json\/wp\/v2\/types\/post"}],"author":[{"embeddable":true,"href":"https:\/\/serveiseducatius.xtec.cat\/pallars\/wp-json\/wp\/v2\/users\/1"}],"replies":[{"embeddable":true,"href":"https:\/\/serveiseducatius.xtec.cat\/pallars\/wp-json\/wp\/v2\/comments?post=26215"}],"version-history":[{"count":2,"href":"https:\/\/serveiseducatius.xtec.cat\/pallars\/wp-json\/wp\/v2\/posts\/26215\/revisions"}],"predecessor-version":[{"id":26239,"href":"https:\/\/serveiseducatius.xtec.cat\/pallars\/wp-json\/wp\/v2\/posts\/26215\/revisions\/26239"}],"wp:featuredmedia":[{"embeddable":true,"href":"https:\/\/serveiseducatius.xtec.cat\/pallars\/wp-json\/wp\/v2\/media\/26238"}],"wp:attachment":[{"href":"https:\/\/serveiseducatius.xtec.cat\/pallars\/wp-json\/wp\/v2\/media?parent=26215"}],"wp:term":[{"taxonomy":"category","embeddable":true,"href":"https:\/\/serveiseducatius.xtec.cat\/pallars\/wp-json\/wp\/v2\/categories?post=26215"},{"taxonomy":"post_tag","embeddable":true,"href":"https:\/\/serveiseducatius.xtec.cat\/pallars\/wp-json\/wp\/v2\/tags?post=26215"}],"curies":[{"name":"wp","href":"https:\/\/api.w.org\/{rel}","templated":true}]}}