{"id":25521,"date":"2025-04-23T12:25:12","date_gmt":"2025-04-23T10:25:12","guid":{"rendered":"https:\/\/serveiseducatius.xtec.cat\/pallars\/?p=25521"},"modified":"2025-04-23T18:50:00","modified_gmt":"2025-04-23T16:50:00","slug":"jornada-de-sensibilitzacio-sobre-lautisme","status":"publish","type":"post","link":"https:\/\/serveiseducatius.xtec.cat\/pallars\/general\/jornada-de-sensibilitzacio-sobre-lautisme\/","title":{"rendered":"Jornada de sensibilitzaci\u00f3 sobre l&#8217;autisme"},"content":{"rendered":"\n<div class=\"wp-block-columns is-layout-flex wp-container-core-columns-is-layout-1 wp-block-columns-is-layout-flex\">\n<div class=\"wp-block-column is-layout-flow wp-block-column-is-layout-flow\" style=\"flex-basis:66.66%\">\n<p>L&#8217;<strong>Associaci\u00f3 del Trastorn de l&#8217;Espectre de l&#8217;Autisme de l&#8217;Alt Pirineu<\/strong>, ha organitzat una Jornada de sensibilitzaci\u00f3 sobre l&#8217;autisme.<\/p>\n\n\n\n<figure class=\"wp-block-table\"><table class=\"has-border-color has-white-border-color has-fixed-layout\"><thead><tr><th class=\"has-text-align-center\" data-align=\"center\"><strong>Data<\/strong><\/th><th class=\"has-text-align-center\" data-align=\"center\">Lloc<\/th><\/tr><\/thead><tbody><tr><td class=\"has-text-align-center\" data-align=\"center\">10 de maig de 2025<\/td><td class=\"has-text-align-center\" data-align=\"center\">Mol\u00ed d&#8217;Oli de La Pobla de Segur<\/td><\/tr><\/tbody><\/table><\/figure>\n\n\n\n<p>En aquesta Jornada de sensibilitzaci\u00f3 podeu trobar:<\/p>\n\n\n\n<ul class=\"wp-block-list\">\n<li>L&#8217; <strong>exposici\u00f3<\/strong>: &#8220;<strong><em>Mites i realitats sobre l&#8217;autisme<\/em><\/strong>&#8221; que estar\u00e0 oberta de les 10:00 a 14:00 h i de 16:00 a 19:00 h<\/li>\n\n\n\n<li>Dues <strong>xerrades<\/strong>:\n<ul class=\"wp-block-list\">\n<li>11:00 h  <strong><em>Qu\u00e8 \u00e9s l&#8217;autisme? Bones pr\u00e0ctiques i signes d&#8217;alerta per a la detecci\u00f3 preco\u00e7 i la intervenci\u00f3 primerenca<\/em><\/strong>. A c\u00e0rrec de <strong>Blanca Olivet<\/strong>, coordinadora i psic\u00f2loga del CDIAP del Pallars Juss\u00e0<\/li>\n\n\n\n<li>12:00 h <strong><em>Com crear un entorn amigable per tal d&#8217;afavorir la inclusi\u00f3 de l&#8217;alumnat amb autisme<\/em><\/strong>. A c\u00e0rrec de <strong>V\u00edctor Ade<\/strong>, psicopedagog a la Unitat d&#8217;Hospitalitzaci\u00f3 de dia TEA a la M\u00fatua de Terrassa i <strong>Eva Flotats<\/strong>, psic\u00f2loga infantojuvenil de la Fundaci\u00f3 Pere Mata Terres de l&#8217;Ebre.<\/li>\n<\/ul>\n<\/li>\n<\/ul>\n\n\n\n<p>No cal inscripci\u00f3 pr\u00e8via.<\/p>\n<\/div>\n\n\n\n<div class=\"wp-block-column is-layout-flow wp-block-column-is-layout-flow\" style=\"flex-basis:33.33%\">\n<figure class=\"wp-block-image aligncenter size-large\"><a href=\"https:\/\/serveiseducatius.xtec.cat\/pallars\/wp-content\/uploads\/usu1099\/2025\/04\/JORNADA-DE-SENSIBILITZACIO-SOBRE-LAUTISME-2-scaled.jpg\"><img loading=\"lazy\" decoding=\"async\" width=\"724\" height=\"1024\" src=\"https:\/\/serveiseducatius.xtec.cat\/pallars\/wp-content\/uploads\/usu1099\/2025\/04\/JORNADA-DE-SENSIBILITZACIO-SOBRE-LAUTISME-2-724x1024.jpg\" alt=\"\" class=\"wp-image-25522\"\/><\/a><\/figure>\n<\/div>\n<\/div>\n","protected":false},"excerpt":{"rendered":"<p>L&#8217;Associaci\u00f3 del Trastorn de l&#8217;Espectre de l&#8217;Autisme de l&#8217;Alt Pirineu, ha organitzat una Jornada de sensibilitzaci\u00f3 sobre l&#8217;autisme. Data Lloc [&hellip;]<\/p>\n","protected":false},"author":1,"featured_media":25522,"comment_status":"closed","ping_status":"open","sticky":false,"template":"","format":"standard","meta":{"_bbp_topic_count":0,"_bbp_reply_count":0,"_bbp_total_topic_count":0,"_bbp_total_reply_count":0,"_bbp_voice_count":0,"_bbp_anonymous_reply_count":0,"_bbp_topic_count_hidden":0,"_bbp_reply_count_hidden":0,"_bbp_forum_subforum_count":0,"site-sidebar-layout":"default","site-content-layout":"","ast-site-content-layout":"default","site-content-style":"default","site-sidebar-style":"default","ast-global-header-display":"","ast-banner-title-visibility":"","ast-main-header-display":"","ast-hfb-above-header-display":"","ast-hfb-below-header-display":"","ast-hfb-mobile-header-display":"","site-post-title":"","ast-breadcrumbs-content":"","ast-featured-img":"","footer-sml-layout":"","theme-transparent-header-meta":"","adv-header-id-meta":"","stick-header-meta":"","header-above-stick-meta":"","header-main-stick-meta":"","header-below-stick-meta":"","astra-migrate-meta-layouts":"set","ast-page-background-enabled":"default","ast-page-background-meta":{"desktop":{"background-color":"var(--ast-global-color-4)","background-image":"","background-repeat":"repeat","background-position":"center center","background-size":"auto","background-attachment":"scroll","background-type":"","background-media":"","overlay-type":"","overlay-color":"","overlay-opacity":"","overlay-gradient":""},"tablet":{"background-color":"","background-image":"","background-repeat":"repeat","background-position":"center center","background-size":"auto","background-attachment":"scroll","background-type":"","background-media":"","overlay-type":"","overlay-color":"","overlay-opacity":"","overlay-gradient":""},"mobile":{"background-color":"","background-image":"","background-repeat":"repeat","background-position":"center center","background-size":"auto","background-attachment":"scroll","background-type":"","background-media":"","overlay-type":"","overlay-color":"","overlay-opacity":"","overlay-gradient":""}},"ast-content-background-meta":{"desktop":{"background-color":"var(--ast-global-color-5)","background-image":"","background-repeat":"repeat","background-position":"center center","background-size":"auto","background-attachment":"scroll","background-type":"","background-media":"","overlay-type":"","overlay-color":"","overlay-opacity":"","overlay-gradient":""},"tablet":{"background-color":"var(--ast-global-color-5)","background-image":"","background-repeat":"repeat","background-position":"center center","background-size":"auto","background-attachment":"scroll","background-type":"","background-media":"","overlay-type":"","overlay-color":"","overlay-opacity":"","overlay-gradient":""},"mobile":{"background-color":"var(--ast-global-color-5)","background-image":"","background-repeat":"repeat","background-position":"center center","background-size":"auto","background-attachment":"scroll","background-type":"","background-media":"","overlay-type":"","overlay-color":"","overlay-opacity":"","overlay-gradient":""}},"footnotes":""},"categories":[1],"tags":[],"class_list":["post-25521","post","type-post","status-publish","format-standard","has-post-thumbnail","hentry","category-general"],"post_mailing_queue_ids":[],"_links":{"self":[{"href":"https:\/\/serveiseducatius.xtec.cat\/pallars\/wp-json\/wp\/v2\/posts\/25521","targetHints":{"allow":["GET"]}}],"collection":[{"href":"https:\/\/serveiseducatius.xtec.cat\/pallars\/wp-json\/wp\/v2\/posts"}],"about":[{"href":"https:\/\/serveiseducatius.xtec.cat\/pallars\/wp-json\/wp\/v2\/types\/post"}],"author":[{"embeddable":true,"href":"https:\/\/serveiseducatius.xtec.cat\/pallars\/wp-json\/wp\/v2\/users\/1"}],"replies":[{"embeddable":true,"href":"https:\/\/serveiseducatius.xtec.cat\/pallars\/wp-json\/wp\/v2\/comments?post=25521"}],"version-history":[{"count":5,"href":"https:\/\/serveiseducatius.xtec.cat\/pallars\/wp-json\/wp\/v2\/posts\/25521\/revisions"}],"predecessor-version":[{"id":25545,"href":"https:\/\/serveiseducatius.xtec.cat\/pallars\/wp-json\/wp\/v2\/posts\/25521\/revisions\/25545"}],"wp:featuredmedia":[{"embeddable":true,"href":"https:\/\/serveiseducatius.xtec.cat\/pallars\/wp-json\/wp\/v2\/media\/25522"}],"wp:attachment":[{"href":"https:\/\/serveiseducatius.xtec.cat\/pallars\/wp-json\/wp\/v2\/media?parent=25521"}],"wp:term":[{"taxonomy":"category","embeddable":true,"href":"https:\/\/serveiseducatius.xtec.cat\/pallars\/wp-json\/wp\/v2\/categories?post=25521"},{"taxonomy":"post_tag","embeddable":true,"href":"https:\/\/serveiseducatius.xtec.cat\/pallars\/wp-json\/wp\/v2\/tags?post=25521"}],"curies":[{"name":"wp","href":"https:\/\/api.w.org\/{rel}","templated":true}]}}