{"id":25509,"date":"2025-04-28T10:56:25","date_gmt":"2025-04-28T08:56:25","guid":{"rendered":"https:\/\/serveiseducatius.xtec.cat\/pallars\/?p=25509"},"modified":"2025-06-27T14:59:34","modified_gmt":"2025-06-27T12:59:34","slug":"emprenedoria-al-pallars-jussa","status":"publish","type":"post","link":"https:\/\/serveiseducatius.xtec.cat\/pallars\/general\/emprenedoria-al-pallars-jussa\/","title":{"rendered":"5a Jornada Talent Emprenedor &#8211; Pallars Juss\u00e0"},"content":{"rendered":"\n<div class=\"wp-block-columns is-layout-flex wp-container-core-columns-is-layout-1 wp-block-columns-is-layout-flex\">\n<div class=\"wp-block-column is-layout-flow wp-block-column-is-layout-flow\" style=\"flex-basis:33.33%\">\n<figure class=\"wp-block-gallery has-nested-images columns-default is-cropped wp-block-gallery-1 is-layout-flex wp-block-gallery-is-layout-flex\">\n<figure class=\"wp-block-image size-large\"><a href=\"https:\/\/serveiseducatius.xtec.cat\/pallars\/wp-content\/uploads\/usu1099\/2025\/04\/5_Jornada_Talent_Emprenedor_Tremp_page-0001-1.jpg\"><img decoding=\"async\" src=\"https:\/\/serveiseducatius.xtec.cat\/pallars\/wp-content\/uploads\/usu1099\/2025\/04\/5_Jornada_Talent_Emprenedor_Tremp_page-0001-1-725x1024.jpg\" alt=\"\" class=\"wp-image-25547\"\/><\/a><\/figure>\n<\/figure>\n<\/div>\n\n\n\n<div class=\"wp-block-column is-layout-flow wp-block-column-is-layout-flow\" style=\"flex-basis:66.66%\">\n<p>El dia 7 de maig  de 2025 tindr\u00e0 lloc a l&#8217;INS de Tremp la 5a Jornada Talent Emprenedor al Pallars Juss\u00e0. <\/p>\n\n\n\n<p>En aquesta trobada participar\u00e0 l&#8217;alumnat que cursa l&#8217;assignatura d&#8217;emprenedoria dels instituts de la Pobla de Segur i Tremp i del Col\u00b7legi M. Immaculada de Tremp.<\/p>\n\n\n\n<p>L&#8217;objectiu de la jornada \u00e9s promoure compet\u00e8ncies, valors i actituds d&#8217;autonomia, iniciativa, planificaci\u00f3, presa de decisions, treball en equip, que fomentin una actitud de superaci\u00f3 personal davant la vida. <\/p>\n\n\n\n<h4 class=\"wp-block-heading\">Programa<\/h4>\n\n\n\n<p>9:15 h &#8211; Benvinguda a la Jornada<\/p>\n\n\n\n<p>9:30 h &#8211;  Presentaci\u00f3 del <strong><em>Projecte Bocafoscant <\/em><\/strong>a c\u00e0rrec de l&#8217;Empresa a l&#8217;aula de l&#8217;INS de Tremp<\/p>\n\n\n\n<p>10:00 h  &#8211; Taula rodona amb emprenedors dels Pallars dedicats a la producci\u00f3 de roba. Lliurament dels premis <strong><em>Fotografia l&#8217;Emprenedoria.<\/em><\/strong><\/p>\n\n\n\n<p>10:45 h &#8211; Pausa<\/p>\n\n\n\n<p>11:15 h &#8211; Tallers<\/p>\n\n\n\n<p>12:45 h &#8211; Cloenda de la Jornada<\/p>\n<\/div>\n<\/div>\n","protected":false},"excerpt":{"rendered":"<p>El dia 7 de maig de 2025 tindr\u00e0 lloc a l&#8217;INS de Tremp la 5a Jornada Talent Emprenedor al Pallars [&hellip;]<\/p>\n","protected":false},"author":1,"featured_media":25562,"comment_status":"closed","ping_status":"open","sticky":false,"template":"","format":"standard","meta":{"_bbp_topic_count":0,"_bbp_reply_count":0,"_bbp_total_topic_count":0,"_bbp_total_reply_count":0,"_bbp_voice_count":0,"_bbp_anonymous_reply_count":0,"_bbp_topic_count_hidden":0,"_bbp_reply_count_hidden":0,"_bbp_forum_subforum_count":0,"site-sidebar-layout":"default","site-content-layout":"","ast-site-content-layout":"default","site-content-style":"default","site-sidebar-style":"default","ast-global-header-display":"","ast-banner-title-visibility":"","ast-main-header-display":"","ast-hfb-above-header-display":"","ast-hfb-below-header-display":"","ast-hfb-mobile-header-display":"","site-post-title":"","ast-breadcrumbs-content":"","ast-featured-img":"","footer-sml-layout":"","theme-transparent-header-meta":"","adv-header-id-meta":"","stick-header-meta":"","header-above-stick-meta":"","header-main-stick-meta":"","header-below-stick-meta":"","astra-migrate-meta-layouts":"set","ast-page-background-enabled":"default","ast-page-background-meta":{"desktop":{"background-color":"var(--ast-global-color-4)","background-image":"","background-repeat":"repeat","background-position":"center center","background-size":"auto","background-attachment":"scroll","background-type":"","background-media":"","overlay-type":"","overlay-color":"","overlay-opacity":"","overlay-gradient":""},"tablet":{"background-color":"","background-image":"","background-repeat":"repeat","background-position":"center center","background-size":"auto","background-attachment":"scroll","background-type":"","background-media":"","overlay-type":"","overlay-color":"","overlay-opacity":"","overlay-gradient":""},"mobile":{"background-color":"","background-image":"","background-repeat":"repeat","background-position":"center center","background-size":"auto","background-attachment":"scroll","background-type":"","background-media":"","overlay-type":"","overlay-color":"","overlay-opacity":"","overlay-gradient":""}},"ast-content-background-meta":{"desktop":{"background-color":"var(--ast-global-color-5)","background-image":"","background-repeat":"repeat","background-position":"center center","background-size":"auto","background-attachment":"scroll","background-type":"","background-media":"","overlay-type":"","overlay-color":"","overlay-opacity":"","overlay-gradient":""},"tablet":{"background-color":"var(--ast-global-color-5)","background-image":"","background-repeat":"repeat","background-position":"center center","background-size":"auto","background-attachment":"scroll","background-type":"","background-media":"","overlay-type":"","overlay-color":"","overlay-opacity":"","overlay-gradient":""},"mobile":{"background-color":"var(--ast-global-color-5)","background-image":"","background-repeat":"repeat","background-position":"center center","background-size":"auto","background-attachment":"scroll","background-type":"","background-media":"","overlay-type":"","overlay-color":"","overlay-opacity":"","overlay-gradient":""}},"footnotes":""},"categories":[1,29],"tags":[89],"class_list":["post-25509","post","type-post","status-publish","format-standard","has-post-thumbnail","hentry","category-general","category-portada","tag-emprenedoria"],"post_mailing_queue_ids":[],"_links":{"self":[{"href":"https:\/\/serveiseducatius.xtec.cat\/pallars\/wp-json\/wp\/v2\/posts\/25509","targetHints":{"allow":["GET"]}}],"collection":[{"href":"https:\/\/serveiseducatius.xtec.cat\/pallars\/wp-json\/wp\/v2\/posts"}],"about":[{"href":"https:\/\/serveiseducatius.xtec.cat\/pallars\/wp-json\/wp\/v2\/types\/post"}],"author":[{"embeddable":true,"href":"https:\/\/serveiseducatius.xtec.cat\/pallars\/wp-json\/wp\/v2\/users\/1"}],"replies":[{"embeddable":true,"href":"https:\/\/serveiseducatius.xtec.cat\/pallars\/wp-json\/wp\/v2\/comments?post=25509"}],"version-history":[{"count":5,"href":"https:\/\/serveiseducatius.xtec.cat\/pallars\/wp-json\/wp\/v2\/posts\/25509\/revisions"}],"predecessor-version":[{"id":25563,"href":"https:\/\/serveiseducatius.xtec.cat\/pallars\/wp-json\/wp\/v2\/posts\/25509\/revisions\/25563"}],"wp:featuredmedia":[{"embeddable":true,"href":"https:\/\/serveiseducatius.xtec.cat\/pallars\/wp-json\/wp\/v2\/media\/25562"}],"wp:attachment":[{"href":"https:\/\/serveiseducatius.xtec.cat\/pallars\/wp-json\/wp\/v2\/media?parent=25509"}],"wp:term":[{"taxonomy":"category","embeddable":true,"href":"https:\/\/serveiseducatius.xtec.cat\/pallars\/wp-json\/wp\/v2\/categories?post=25509"},{"taxonomy":"post_tag","embeddable":true,"href":"https:\/\/serveiseducatius.xtec.cat\/pallars\/wp-json\/wp\/v2\/tags?post=25509"}],"curies":[{"name":"wp","href":"https:\/\/api.w.org\/{rel}","templated":true}]}}