{"id":24085,"date":"2024-12-05T08:58:29","date_gmt":"2024-12-05T07:58:29","guid":{"rendered":"https:\/\/serveiseducatius.xtec.cat\/pallars\/?p=24085"},"modified":"2025-02-26T17:53:15","modified_gmt":"2025-02-26T16:53:15","slug":"7a-edicio-de-cientifiques","status":"publish","type":"post","link":"https:\/\/serveiseducatius.xtec.cat\/pallars\/portada\/7a-edicio-de-cientifiques\/","title":{"rendered":"7a edici\u00f3 de #cient\u00edfiques"},"content":{"rendered":"<p><a href=\"https:\/\/serveiseducatius.xtec.cat\/pallars\/wp-content\/uploads\/usu1099\/2024\/10\/cientifiques-poster.jpg\"><img loading=\"lazy\" decoding=\"async\" class=\" wp-image-24086 alignright\" src=\"https:\/\/serveiseducatius.xtec.cat\/pallars\/wp-content\/uploads\/usu1099\/2024\/10\/cientifiques-poster.jpg\" alt=\"\" width=\"204\" height=\"289\" srcset=\"https:\/\/serveiseducatius.xtec.cat\/pallars\/wp-content\/uploads\/usu1099\/2024\/10\/cientifiques-poster.jpg 723w, https:\/\/serveiseducatius.xtec.cat\/pallars\/wp-content\/uploads\/usu1099\/2024\/10\/cientifiques-poster-212x300.jpg 212w\" sizes=\"auto, (max-width: 204px) 100vw, 204px\" \/><\/a>La\u00a0<a href=\"https:\/\/fundaciorecerca.us14.list-manage.com\/track\/click?u=8fb8b3cd79187d3ca4dc95ac0&amp;id=4c2acfdfda&amp;e=e4d9edb594\" target=\"_blank\" rel=\"noopener\" data-saferedirecturl=\"https:\/\/www.google.com\/url?q=https:\/\/fundaciorecerca.us14.list-manage.com\/track\/click?u%3D8fb8b3cd79187d3ca4dc95ac0%26id%3D4c2acfdfda%26e%3De4d9edb594&amp;source=gmail&amp;ust=1729925158124000&amp;usg=AOvVaw3I-n_5GzXeo4TgJ3xOo4t0\">Fundaci\u00f3 Catalana per a la Recerca i la Innovaci\u00f3 (FCRI<\/a>) i el\u00a0<a href=\"https:\/\/fundaciorecerca.us14.list-manage.com\/track\/click?u=8fb8b3cd79187d3ca4dc95ac0&amp;id=d88ec20372&amp;e=e4d9edb594\" target=\"_blank\" rel=\"noopener\" data-saferedirecturl=\"https:\/\/www.google.com\/url?q=https:\/\/fundaciorecerca.us14.list-manage.com\/track\/click?u%3D8fb8b3cd79187d3ca4dc95ac0%26id%3Dd88ec20372%26e%3De4d9edb594&amp;source=gmail&amp;ust=1729925158124000&amp;usg=AOvVaw2A0xpNtfeEfft981FelSPj\">Barcelona Institute of Science and Technology (BIST)<\/a> organitzen la setena edici\u00f3 de #100t\u00edfiques, aquest any canvien el nom per donar pas a <a href=\"https:\/\/fundaciorecerca.us14.list-manage.com\/track\/click?u=8fb8b3cd79187d3ca4dc95ac0&amp;id=598551acf5&amp;e=e4d9edb594\" target=\"_blank\" rel=\"noopener\" data-saferedirecturl=\"https:\/\/www.google.com\/url?q=https:\/\/fundaciorecerca.us14.list-manage.com\/track\/click?u%3D8fb8b3cd79187d3ca4dc95ac0%26id%3D598551acf5%26e%3De4d9edb594&amp;source=gmail&amp;ust=1729925158124000&amp;usg=AOvVaw1ebabzm2kxwsxra-zBEm7M\"><strong>#cient\u00edfiques<\/strong><\/a>. El motiu \u00e9s que<strong>\u00a0ja no s\u00f3n 100, sin\u00f3 m\u00e9s de 500<\/strong> les professionals que visiten les aules per inspirar milers de nens i nenes d\u2019arreu de Catalunya, i contribuir a superar els estereotips de g\u00e8nere, posant en relleu el talent de les dones en l\u2019\u00e0mbit de la ci\u00e8ncia, la tecnologia, les enginyeries i les matem\u00e0tiques.<br \/>\nLa data que proposem per a la\u00a0<strong>xerrada als centres escolars de Catalunya \u00e9s l\u2019<span style=\"font-size: 20px;\">11 de febrer de 2025<\/span>, Dia de la Dona i la Nena en la Ci\u00e8ncia.<\/strong><\/p>\n<h4><strong>Adre\u00e7at<\/strong><\/h4>\n<p>alumnat de 6\u00e8 i\/o 1r d\u2019ESO<\/p>\n<h4><strong>Inscripcions<\/strong><\/h4>\n<p>Abans del 20 de desembre de 2024. <a href=\"https:\/\/fundaciorecerca.us14.list-manage.com\/track\/click?u=8fb8b3cd79187d3ca4dc95ac0&amp;id=e93acd9bab&amp;e=e4d9edb594\"><strong>Enlla\u00e7 a la inscripci\u00f3<\/strong><\/a><\/p>\n<h4><strong>M\u00e9s informaci\u00f3<\/strong><\/h4>\n<p>Totes les <strong>novetats<\/strong>,\u00a0<strong>calendari\u00a0<\/strong>del programa,\u00a0<strong>recursos\u00a0<\/strong>i\u00a0<strong>formacions\u00a0<\/strong>les podr\u00e0s consultar a la p\u00e0gina de l\u2019<a href=\"https:\/\/fundaciorecerca.us14.list-manage.com\/track\/click?u=8fb8b3cd79187d3ca4dc95ac0&amp;id=578d617edf&amp;e=e4d9edb594\" target=\"_blank\" rel=\"noopener\" data-saferedirecturl=\"https:\/\/www.google.com\/url?q=https:\/\/fundaciorecerca.us14.list-manage.com\/track\/click?u%3D8fb8b3cd79187d3ca4dc95ac0%26id%3D578d617edf%26e%3De4d9edb594&amp;source=gmail&amp;ust=1729925158124000&amp;usg=AOvVaw039lnhPDdO4OyPIlDct6-O\"><strong>edici\u00f3 2025<\/strong><\/a>, que aniran actualitzant amb nous continguts.<\/p>\n<h4><strong>A m\u00e9s a m\u00e9s&#8230;<\/strong><\/h4>\n<p>Recorda que, en el marc de #cient\u00edfiques, s&#8217;<strong>ofereix una formaci\u00f3 per a docents<\/strong>, en l\u00ednia, reconeguda pel Departament d\u2019Educaci\u00f3 i Formaci\u00f3 Professional de la Generalitat (veg. condicions).<a href=\"https:\/\/fundaciorecerca.us14.list-manage.com\/track\/click?u=8fb8b3cd79187d3ca4dc95ac0&amp;id=1bfc7abbcb&amp;e=e4d9edb594\" target=\"_blank\" rel=\"noopener\" data-saferedirecturl=\"https:\/\/www.google.com\/url?q=https:\/\/fundaciorecerca.us14.list-manage.com\/track\/click?u%3D8fb8b3cd79187d3ca4dc95ac0%26id%3D1bfc7abbcb%26e%3De4d9edb594&amp;source=gmail&amp;ust=1729925158124000&amp;usg=AOvVaw3Bw1R9Rt2dgB0rCYjkbY2A\"><strong>\u00a0Apunta-t\u2019hi!<\/strong><\/a><\/p>\n<h4><strong>Informaci\u00f3 de la formaci\u00f3<\/strong><\/h4>\n<p><strong>Formaci\u00f3 per a docents:<\/strong> #cient\u00edfiques: m\u00e9s enll\u00e0 de l&#8217;11 de febrer.<br \/>\n<strong>Destinataris:<\/strong> docents de prim\u00e0ria i secund\u00e0ria<br \/>\n<strong>Horari:<\/strong> 17:00 a 19:00<br \/>\n<strong>Lloc:<\/strong> curs a dist\u00e0ncia<br \/>\n<strong>Sessions<\/strong>: 5<br \/>\n<a href=\"https:\/\/aplicacions.gestioeducativa.gencat.cat\/ords\/pls\/soloas\/pk_for_mod_ins.p_for_pre_cons_activitats?p_any=2024-2025&amp;p_codi=9001200545\"><strong>Inscripcions<\/strong>\u00a0<\/a> \u00a0i\u00a0 <a href=\"https:\/\/aplicacions.gestioeducativa.gencat.cat\/ords\/pls\/soloas\/pk_for_mod_ins.p_for_exhaustiu_activitat?p_header=Detall%20d%27activitat^pk_for_mod_ins.p_for_detall_activitat?p_codi=9001200545%26p_curs=2024-2025%26p_es_inscr=S&amp;p_codi=9001200545&amp;p_curs=2024-2025&amp;p_es_inscr=S\"><strong>M\u00e9s informaci\u00f3<\/strong><\/a><\/p>\n","protected":false},"excerpt":{"rendered":"<p>Adre\u00e7at a 6\u00e8 i 1r d&#8217;ESO. Inscripci\u00f3 abans del 20 de desembre<\/p>\n","protected":false},"author":1,"featured_media":24087,"comment_status":"closed","ping_status":"closed","sticky":false,"template":"","format":"standard","meta":{"_bbp_topic_count":0,"_bbp_reply_count":0,"_bbp_total_topic_count":0,"_bbp_total_reply_count":0,"_bbp_voice_count":0,"_bbp_anonymous_reply_count":0,"_bbp_topic_count_hidden":0,"_bbp_reply_count_hidden":0,"_bbp_forum_subforum_count":0,"site-sidebar-layout":"default","site-content-layout":"","ast-site-content-layout":"default","site-content-style":"default","site-sidebar-style":"default","ast-global-header-display":"","ast-banner-title-visibility":"","ast-main-header-display":"","ast-hfb-above-header-display":"","ast-hfb-below-header-display":"","ast-hfb-mobile-header-display":"","site-post-title":"","ast-breadcrumbs-content":"","ast-featured-img":"","footer-sml-layout":"","theme-transparent-header-meta":"","adv-header-id-meta":"","stick-header-meta":"","header-above-stick-meta":"","header-main-stick-meta":"","header-below-stick-meta":"","astra-migrate-meta-layouts":"set","ast-page-background-enabled":"default","ast-page-background-meta":{"desktop":{"background-color":"var(--ast-global-color-4)","background-image":"","background-repeat":"repeat","background-position":"center center","background-size":"auto","background-attachment":"scroll","background-type":"","background-media":"","overlay-type":"","overlay-color":"","overlay-opacity":"","overlay-gradient":""},"tablet":{"background-color":"","background-image":"","background-repeat":"repeat","background-position":"center center","background-size":"auto","background-attachment":"scroll","background-type":"","background-media":"","overlay-type":"","overlay-color":"","overlay-opacity":"","overlay-gradient":""},"mobile":{"background-color":"","background-image":"","background-repeat":"repeat","background-position":"center center","background-size":"auto","background-attachment":"scroll","background-type":"","background-media":"","overlay-type":"","overlay-color":"","overlay-opacity":"","overlay-gradient":""}},"ast-content-background-meta":{"desktop":{"background-color":"var(--ast-global-color-5)","background-image":"","background-repeat":"repeat","background-position":"center center","background-size":"auto","background-attachment":"scroll","background-type":"","background-media":"","overlay-type":"","overlay-color":"","overlay-opacity":"","overlay-gradient":""},"tablet":{"background-color":"var(--ast-global-color-5)","background-image":"","background-repeat":"repeat","background-position":"center center","background-size":"auto","background-attachment":"scroll","background-type":"","background-media":"","overlay-type":"","overlay-color":"","overlay-opacity":"","overlay-gradient":""},"mobile":{"background-color":"var(--ast-global-color-5)","background-image":"","background-repeat":"repeat","background-position":"center center","background-size":"auto","background-attachment":"scroll","background-type":"","background-media":"","overlay-type":"","overlay-color":"","overlay-opacity":"","overlay-gradient":""}},"footnotes":""},"categories":[403,29],"tags":[],"class_list":["post-24085","post","type-post","status-publish","format-standard","has-post-thumbnail","hentry","category-100tifiques","category-portada"],"post_mailing_queue_ids":[],"_links":{"self":[{"href":"https:\/\/serveiseducatius.xtec.cat\/pallars\/wp-json\/wp\/v2\/posts\/24085","targetHints":{"allow":["GET"]}}],"collection":[{"href":"https:\/\/serveiseducatius.xtec.cat\/pallars\/wp-json\/wp\/v2\/posts"}],"about":[{"href":"https:\/\/serveiseducatius.xtec.cat\/pallars\/wp-json\/wp\/v2\/types\/post"}],"author":[{"embeddable":true,"href":"https:\/\/serveiseducatius.xtec.cat\/pallars\/wp-json\/wp\/v2\/users\/1"}],"replies":[{"embeddable":true,"href":"https:\/\/serveiseducatius.xtec.cat\/pallars\/wp-json\/wp\/v2\/comments?post=24085"}],"version-history":[{"count":5,"href":"https:\/\/serveiseducatius.xtec.cat\/pallars\/wp-json\/wp\/v2\/posts\/24085\/revisions"}],"predecessor-version":[{"id":25095,"href":"https:\/\/serveiseducatius.xtec.cat\/pallars\/wp-json\/wp\/v2\/posts\/24085\/revisions\/25095"}],"wp:featuredmedia":[{"embeddable":true,"href":"https:\/\/serveiseducatius.xtec.cat\/pallars\/wp-json\/wp\/v2\/media\/24087"}],"wp:attachment":[{"href":"https:\/\/serveiseducatius.xtec.cat\/pallars\/wp-json\/wp\/v2\/media?parent=24085"}],"wp:term":[{"taxonomy":"category","embeddable":true,"href":"https:\/\/serveiseducatius.xtec.cat\/pallars\/wp-json\/wp\/v2\/categories?post=24085"},{"taxonomy":"post_tag","embeddable":true,"href":"https:\/\/serveiseducatius.xtec.cat\/pallars\/wp-json\/wp\/v2\/tags?post=24085"}],"curies":[{"name":"wp","href":"https:\/\/api.w.org\/{rel}","templated":true}]}}