{"id":23489,"date":"2024-06-21T13:14:23","date_gmt":"2024-06-21T11:14:23","guid":{"rendered":"https:\/\/serveiseducatius.xtec.cat\/pallars\/?p=23489"},"modified":"2024-06-21T13:59:33","modified_gmt":"2024-06-21T11:59:33","slug":"futurs-emprenedors-rurals-fer","status":"publish","type":"post","link":"https:\/\/serveiseducatius.xtec.cat\/pallars\/general\/futurs-emprenedors-rurals-fer\/","title":{"rendered":"Futurs Emprenedors Rurals (FER)"},"content":{"rendered":"<p><a href=\"https:\/\/serveiseducatius.xtec.cat\/pallars\/wp-content\/uploads\/usu1099\/2022\/05\/aventura-del-fer-gran.png\"><img loading=\"lazy\" decoding=\"async\" class=\"size-full wp-image-18756 alignright\" src=\"https:\/\/serveiseducatius.xtec.cat\/pallars\/wp-content\/uploads\/usu1099\/2022\/05\/aventura-del-fer-gran.png\" alt=\"\" width=\"250\" height=\"180\" \/><\/a>FER (Futurs Emprenedors Rurals) \u00e9s un projecte de cooperaci\u00f3 multiling\u00fce que fomenta les vocacions emprenedores entre l&#8217;alumnat de 5\u00e8 i 6\u00e8 curs de prim\u00e0ria, posant el valor les oportunitats dels territoris rurals. Est\u00e0 coordinat pel Consorci Grup d\u2019Acci\u00f3 Local Noguera Segri\u00e0 Nord i impulsat conjuntament per altres Grups d\u2019Acci\u00f3 Local de Catalunya.<\/p>\n<p>Aquest projecte interdisciplinari est\u00e0 basat en el treball cooperatiu i es treballa amb les mat\u00e8ries curriculars de cicle superior amb clau emprenedora. Pret\u00e9n despertar el talent emprenedor, la creativitat i la curiositat per les oportunitats que genera el m\u00f3n rural i que contribueix a afrontar reptes, evitant el despoblament i afavorint la diversificaci\u00f3 econ\u00f2mica.<\/p>\n<p>Si voleu con\u00e8ixer m\u00e9s sobre el projecte FER el dia <strong>5 de setembre de 2024, <\/strong>hi ha prevista una <strong>sessi\u00f3 informativa<\/strong> en format en l\u00ednia. <strong><a href=\"https:\/\/www.futursemprenedors.cat\/sessio-informativa-curs-2024-2025\/sessio-informativa-curs-2024-2025\">Inscripcions<\/a><\/strong>.<br \/>\nSi voleu participar en el projecte, podeu fer la inscripci\u00f3 per al curs 2024-25 en el seg\u00fcent enlla\u00e7<a href=\"https:\/\/www.futursemprenedors.cat\/inscripcio-projecte-fer-2024-2025\"> https:\/\/www.futursemprenedors.cat\/inscripcio-projecte-fer-2024-2025<\/a><\/p>\n<p>El projecte consta de material per l&#8217;alumnat dividit en diferents blocs (<a href=\"https:\/\/www.futursemprenedors.cat\/recursos\/blocs-dels-alumnes\">material per l&#8217;alumnat<\/a>) i una <a href=\"https:\/\/www.futursemprenedors.cat\/recursos\/carpeta-del-mestre\">guia did\u00e0ctica<\/a> pels docents. Podeu trobar publicat en catal\u00e0, castell\u00e0, aran\u00e8s i angl\u00e8s. Per\u00f2 a m\u00e9s a m\u00e9s tenen altres recursos com:<\/p>\n<table style=\"border-collapse: collapse; width: 59.1008%; height: 280px;\">\n<tbody>\n<tr>\n<td style=\"width: 33.3333%;\"><a href=\"https:\/\/serveiseducatius.xtec.cat\/pallars\/wp-content\/uploads\/usu1099\/2024\/06\/43063795-0758-4912-b54b-eb39c9358c6f.png\"><img loading=\"lazy\" decoding=\"async\" class=\"alignleft size-full wp-image-23493\" src=\"https:\/\/serveiseducatius.xtec.cat\/pallars\/wp-content\/uploads\/usu1099\/2024\/06\/43063795-0758-4912-b54b-eb39c9358c6f.png\" alt=\"\" width=\"768\" height=\"432\" srcset=\"https:\/\/serveiseducatius.xtec.cat\/pallars\/wp-content\/uploads\/usu1099\/2024\/06\/43063795-0758-4912-b54b-eb39c9358c6f.png 768w, https:\/\/serveiseducatius.xtec.cat\/pallars\/wp-content\/uploads\/usu1099\/2024\/06\/43063795-0758-4912-b54b-eb39c9358c6f-300x169.png 300w\" sizes=\"auto, (max-width: 768px) 100vw, 768px\" \/><\/a><\/td>\n<td style=\"width: 33.3333%;\"><a href=\"https:\/\/serveiseducatius.xtec.cat\/pallars\/wp-content\/uploads\/usu1099\/2024\/06\/9a090972-8b64-46d9-8a68-ec79b538a472.png\"><img loading=\"lazy\" decoding=\"async\" class=\"wp-image-23494 aligncenter\" src=\"https:\/\/serveiseducatius.xtec.cat\/pallars\/wp-content\/uploads\/usu1099\/2024\/06\/9a090972-8b64-46d9-8a68-ec79b538a472.png\" alt=\"\" width=\"353\" height=\"352\" srcset=\"https:\/\/serveiseducatius.xtec.cat\/pallars\/wp-content\/uploads\/usu1099\/2024\/06\/9a090972-8b64-46d9-8a68-ec79b538a472.png 768w, https:\/\/serveiseducatius.xtec.cat\/pallars\/wp-content\/uploads\/usu1099\/2024\/06\/9a090972-8b64-46d9-8a68-ec79b538a472-300x300.png 300w, https:\/\/serveiseducatius.xtec.cat\/pallars\/wp-content\/uploads\/usu1099\/2024\/06\/9a090972-8b64-46d9-8a68-ec79b538a472-150x150.png 150w\" sizes=\"auto, (max-width: 353px) 100vw, 353px\" \/><\/a><\/td>\n<td style=\"width: 33.3333%;\"><a href=\"https:\/\/serveiseducatius.xtec.cat\/pallars\/wp-content\/uploads\/usu1099\/2022\/09\/jocs-emprenedoria.png\"><img loading=\"lazy\" decoding=\"async\" class=\"alignleft size-full wp-image-21882\" src=\"https:\/\/serveiseducatius.xtec.cat\/pallars\/wp-content\/uploads\/usu1099\/2022\/09\/jocs-emprenedoria.png\" alt=\"\" width=\"600\" height=\"437\" srcset=\"https:\/\/serveiseducatius.xtec.cat\/pallars\/wp-content\/uploads\/usu1099\/2022\/09\/jocs-emprenedoria.png 600w, https:\/\/serveiseducatius.xtec.cat\/pallars\/wp-content\/uploads\/usu1099\/2022\/09\/jocs-emprenedoria-300x219.png 300w\" sizes=\"auto, (max-width: 600px) 100vw, 600px\" \/><\/a><\/td>\n<\/tr>\n<tr>\n<td style=\"width: 33.3333%;\">\n<h4 style=\"text-align: center;\"><a href=\"https:\/\/www.futursemprenedors.cat\/recursos\/infografies\">Infografies<\/a><\/h4>\n<\/td>\n<td style=\"width: 33.3333%;\">\n<h4 class=\"documentFirstHeading mt-0\" style=\"text-align: center;\"><a href=\"https:\/\/www.futursemprenedors.cat\/recursos\/mapa-bee-bot-fer\">Mapa BeeBot FER<\/a><\/h4>\n<p style=\"text-align: center;\">Disponible en pr\u00e9stec al CRP<\/p>\n<\/td>\n<td style=\"width: 33.3333%;\">\n<h4 style=\"text-align: center;\"><a href=\"https:\/\/sites.google.com\/xtec.cat\/sepallars-maletes-pedagogiques\/educaci%C3%B3-prim%C3%A0ria\/jocs-emprenedoria?authuser=1\">Jocs d&#8217;emprenedoria<\/a><\/h4>\n<p style=\"text-align: center;\">Disponible en pr\u00e9stec al CRP<\/p>\n<\/td>\n<\/tr>\n<\/tbody>\n<\/table>\n<p>Us presentem l&#8217;experi\u00e8ncia de l&#8217;<strong>Escola de Sal\u00e0s de Pallars<\/strong> on els seus alumnes han dut a terme el projecte FER durant aquest curs i van participar en la Fira de projectes FER que es va realitzar el passat 11 de juny de 2024 a Balaguer.<\/p>\n<p>L&#8217;alumnat va presentar 4 empreses a la Fira. Aqu\u00ed us deixem una breu explicaci\u00f3 dels seus projectes.<\/p>\n<table style=\"border-collapse: collapse; width: 100%;\">\n<tbody>\n<tr>\n<td style=\"width: 25%;\"><a href=\"https:\/\/serveiseducatius.xtec.cat\/pallars\/wp-content\/uploads\/usu1099\/2024\/06\/IMG_2419.jpg\"><img loading=\"lazy\" decoding=\"async\" class=\"alignleft size-full wp-image-23503\" src=\"https:\/\/serveiseducatius.xtec.cat\/pallars\/wp-content\/uploads\/usu1099\/2024\/06\/IMG_2419.jpg\" alt=\"\" width=\"902\" height=\"677\" srcset=\"https:\/\/serveiseducatius.xtec.cat\/pallars\/wp-content\/uploads\/usu1099\/2024\/06\/IMG_2419.jpg 902w, https:\/\/serveiseducatius.xtec.cat\/pallars\/wp-content\/uploads\/usu1099\/2024\/06\/IMG_2419-300x225.jpg 300w, https:\/\/serveiseducatius.xtec.cat\/pallars\/wp-content\/uploads\/usu1099\/2024\/06\/IMG_2419-768x576.jpg 768w, https:\/\/serveiseducatius.xtec.cat\/pallars\/wp-content\/uploads\/usu1099\/2024\/06\/IMG_2419-200x150.jpg 200w\" sizes=\"auto, (max-width: 902px) 100vw, 902px\" \/><\/a><a href=\"https:\/\/serveiseducatius.xtec.cat\/pallars\/wp-content\/uploads\/usu1099\/2024\/06\/IMG_2419.heic\"><img decoding=\"async\" class=\"alignleft size-full wp-image-23502\" src=\"https:\/\/serveiseducatius.xtec.cat\/pallars\/wp-content\/uploads\/usu1099\/2024\/06\/IMG_2419.heic\" alt=\"\" \/><\/a><a href=\"https:\/\/serveiseducatius.xtec.cat\/pallars\/wp-content\/uploads\/usu1099\/2024\/06\/IMG_2419.heic\"><img decoding=\"async\" class=\"alignleft size-full wp-image-23502\" src=\"https:\/\/serveiseducatius.xtec.cat\/pallars\/wp-content\/uploads\/usu1099\/2024\/06\/IMG_2419.heic\" alt=\"\" \/><\/a><\/td>\n<td style=\"width: 25%;\"><a href=\"https:\/\/serveiseducatius.xtec.cat\/pallars\/wp-content\/uploads\/usu1099\/2024\/06\/WhatsApp-Image-2024-06-12-at-12.25.43-2.jpeg\"><img loading=\"lazy\" decoding=\"async\" class=\"wp-image-23500 aligncenter\" src=\"https:\/\/serveiseducatius.xtec.cat\/pallars\/wp-content\/uploads\/usu1099\/2024\/06\/WhatsApp-Image-2024-06-12-at-12.25.43-2.jpeg\" alt=\"\" width=\"281\" height=\"332\" srcset=\"https:\/\/serveiseducatius.xtec.cat\/pallars\/wp-content\/uploads\/usu1099\/2024\/06\/WhatsApp-Image-2024-06-12-at-12.25.43-2.jpeg 900w, https:\/\/serveiseducatius.xtec.cat\/pallars\/wp-content\/uploads\/usu1099\/2024\/06\/WhatsApp-Image-2024-06-12-at-12.25.43-2-254x300.jpeg 254w, https:\/\/serveiseducatius.xtec.cat\/pallars\/wp-content\/uploads\/usu1099\/2024\/06\/WhatsApp-Image-2024-06-12-at-12.25.43-2-868x1024.jpeg 868w, https:\/\/serveiseducatius.xtec.cat\/pallars\/wp-content\/uploads\/usu1099\/2024\/06\/WhatsApp-Image-2024-06-12-at-12.25.43-2-768x906.jpeg 768w\" sizes=\"auto, (max-width: 281px) 100vw, 281px\" \/><\/a><\/td>\n<td style=\"width: 25%;\"><a href=\"https:\/\/serveiseducatius.xtec.cat\/pallars\/wp-content\/uploads\/usu1099\/2024\/06\/WhatsApp-Image-2024-06-12-at-12.25.43-1.jpeg\"><img loading=\"lazy\" decoding=\"async\" class=\"alignleft size-full wp-image-23497\" src=\"https:\/\/serveiseducatius.xtec.cat\/pallars\/wp-content\/uploads\/usu1099\/2024\/06\/WhatsApp-Image-2024-06-12-at-12.25.43-1.jpeg\" alt=\"\" width=\"1600\" height=\"900\" srcset=\"https:\/\/serveiseducatius.xtec.cat\/pallars\/wp-content\/uploads\/usu1099\/2024\/06\/WhatsApp-Image-2024-06-12-at-12.25.43-1.jpeg 1600w, https:\/\/serveiseducatius.xtec.cat\/pallars\/wp-content\/uploads\/usu1099\/2024\/06\/WhatsApp-Image-2024-06-12-at-12.25.43-1-300x169.jpeg 300w, https:\/\/serveiseducatius.xtec.cat\/pallars\/wp-content\/uploads\/usu1099\/2024\/06\/WhatsApp-Image-2024-06-12-at-12.25.43-1-1024x576.jpeg 1024w, https:\/\/serveiseducatius.xtec.cat\/pallars\/wp-content\/uploads\/usu1099\/2024\/06\/WhatsApp-Image-2024-06-12-at-12.25.43-1-768x432.jpeg 768w, https:\/\/serveiseducatius.xtec.cat\/pallars\/wp-content\/uploads\/usu1099\/2024\/06\/WhatsApp-Image-2024-06-12-at-12.25.43-1-1536x864.jpeg 1536w\" sizes=\"auto, (max-width: 1600px) 100vw, 1600px\" \/><\/a><\/td>\n<td style=\"width: 25%;\"><a href=\"https:\/\/serveiseducatius.xtec.cat\/pallars\/wp-content\/uploads\/usu1099\/2024\/06\/WhatsApp-Image-2024-06-12-at-12.25.43.jpeg\"><img loading=\"lazy\" decoding=\"async\" class=\"alignleft size-full wp-image-23498\" src=\"https:\/\/serveiseducatius.xtec.cat\/pallars\/wp-content\/uploads\/usu1099\/2024\/06\/WhatsApp-Image-2024-06-12-at-12.25.43.jpeg\" alt=\"\" width=\"1600\" height=\"900\" srcset=\"https:\/\/serveiseducatius.xtec.cat\/pallars\/wp-content\/uploads\/usu1099\/2024\/06\/WhatsApp-Image-2024-06-12-at-12.25.43.jpeg 1600w, https:\/\/serveiseducatius.xtec.cat\/pallars\/wp-content\/uploads\/usu1099\/2024\/06\/WhatsApp-Image-2024-06-12-at-12.25.43-300x169.jpeg 300w, https:\/\/serveiseducatius.xtec.cat\/pallars\/wp-content\/uploads\/usu1099\/2024\/06\/WhatsApp-Image-2024-06-12-at-12.25.43-1024x576.jpeg 1024w, https:\/\/serveiseducatius.xtec.cat\/pallars\/wp-content\/uploads\/usu1099\/2024\/06\/WhatsApp-Image-2024-06-12-at-12.25.43-768x432.jpeg 768w, https:\/\/serveiseducatius.xtec.cat\/pallars\/wp-content\/uploads\/usu1099\/2024\/06\/WhatsApp-Image-2024-06-12-at-12.25.43-1536x864.jpeg 1536w\" sizes=\"auto, (max-width: 1600px) 100vw, 1600px\" \/><\/a><\/td>\n<\/tr>\n<tr>\n<td style=\"width: 25%;\">\n<h4 style=\"text-align: center;\"><strong>Pastilles d\u2019idiomes<\/strong><\/h4>\n<p>Empresa que ven pastilles per poder parlar un idioma amb cadascuna d\u2019elles. Les pastilles d\u2019idiomes seran de color rosa, i rodones, cada pastilla tindr\u00e0 un idioma incorporat. Els interessar\u00e0 a les persones que se&#8217;n vagin de viatge i no coneguin l\u2019idioma del lloc on va. Durar\u00e0 unes dues setmanes l\u2019efecte.<\/p>\n<p style=\"text-align: center;\">\u201cVols parlar Franc\u00e8s, Xin\u00e8s o Angl\u00e8s? Amb aquestes pastilles no et faltar\u00e0 de res!\u201d<\/p>\n<\/td>\n<td>\n<h4 style=\"text-align: center;\"><strong>Viatges Pallars<\/strong><\/h4>\n<p>P\u00e0gina web\/empresa que est\u00e0 situada a Sal\u00e0s de Pallars on la gent contacta perqu\u00e8 vol visitar el Pallars i nosaltres els hi diem com poden arribar, les parades que poden fer durant el trajecte d&#8217;arribada, on poden dormir, que poden fer durant els dies que estiguin al Pallars, on dinar, on sopar, on berenar o esmorzar i com marxar.<\/p>\n<p style=\"text-align: center;\">\u201cEl Pallars vols visitar? No et preocupis i<br \/>\nencarrega\u2019t de disfrutar!\u201d<\/p>\n<\/td>\n<td style=\"width: 25%; vertical-align: top;\">\n<h4 style=\"text-align: center;\"><strong>Vehicles al teu gust<\/strong><\/h4>\n<p>Aquesta empresa est\u00e0 pensada per a la gent a la qual no li serveixin els vehicles normals i necessiti alguna mena de vehicle especial. Consisteix en el fet que el client trucar\u00e0 a l\u2019empresa i li demanar\u00e0 el vehicle que necessiti, en tres mesos tindr\u00e0 el vehicle desitjat.<\/p>\n<p style=\"text-align: center;\">\u201cCotxes, Caravanes o Autob\u00fas tot ho trobar\u00e0s a VEHICLES AL TEU GUST!!\u201d<\/p>\n<\/td>\n<td style=\"width: 25%; vertical-align: top;\">\n<h4 style=\"text-align: center;\"><strong>Animalandia<\/strong><\/h4>\n<p>\u00c9s una empresa que ofereix un parc d&#8217;atraccions que es troba a la natura que est\u00e0 integrat per animals, \u00e9s a dir les atraccions tamb\u00e9 tenen animals. Animalandia li pot interessar a tothom, tant als infants com als adults. I tamb\u00e9 ofereix unes emocions inoblidables. \u201c<\/p>\n<p style=\"text-align: center;\">Si vas a Animalandia tots els teus somnis realitat es faran; entendr\u00e0s els animals i baixar\u00e0s per canals.\u201d<\/p>\n<\/td>\n<\/tr>\n<\/tbody>\n<\/table>\n<p>&nbsp;<\/p>\n<p>&nbsp;<\/p>\n","protected":false},"excerpt":{"rendered":"<p>Projecte Emprenedoria Cicle Superior Prim\u00e0ria<\/p>\n","protected":false},"author":1,"featured_media":18756,"comment_status":"closed","ping_status":"closed","sticky":false,"template":"","format":"standard","meta":{"_bbp_topic_count":0,"_bbp_reply_count":0,"_bbp_total_topic_count":0,"_bbp_total_reply_count":0,"_bbp_voice_count":0,"_bbp_anonymous_reply_count":0,"_bbp_topic_count_hidden":0,"_bbp_reply_count_hidden":0,"_bbp_forum_subforum_count":0,"site-sidebar-layout":"default","site-content-layout":"","ast-site-content-layout":"","site-content-style":"default","site-sidebar-style":"default","ast-global-header-display":"","ast-banner-title-visibility":"","ast-main-header-display":"","ast-hfb-above-header-display":"","ast-hfb-below-header-display":"","ast-hfb-mobile-header-display":"","site-post-title":"","ast-breadcrumbs-content":"","ast-featured-img":"","footer-sml-layout":"","theme-transparent-header-meta":"","adv-header-id-meta":"","stick-header-meta":"","header-above-stick-meta":"","header-main-stick-meta":"","header-below-stick-meta":"","astra-migrate-meta-layouts":"default","ast-page-background-enabled":"default","ast-page-background-meta":{"desktop":{"background-color":"var(--ast-global-color-4)","background-image":"","background-repeat":"repeat","background-position":"center center","background-size":"auto","background-attachment":"scroll","background-type":"","background-media":"","overlay-type":"","overlay-color":"","overlay-opacity":"","overlay-gradient":""},"tablet":{"background-color":"","background-image":"","background-repeat":"repeat","background-position":"center center","background-size":"auto","background-attachment":"scroll","background-type":"","background-media":"","overlay-type":"","overlay-color":"","overlay-opacity":"","overlay-gradient":""},"mobile":{"background-color":"","background-image":"","background-repeat":"repeat","background-position":"center center","background-size":"auto","background-attachment":"scroll","background-type":"","background-media":"","overlay-type":"","overlay-color":"","overlay-opacity":"","overlay-gradient":""}},"ast-content-background-meta":{"desktop":{"background-color":"var(--ast-global-color-5)","background-image":"","background-repeat":"repeat","background-position":"center center","background-size":"auto","background-attachment":"scroll","background-type":"","background-media":"","overlay-type":"","overlay-color":"","overlay-opacity":"","overlay-gradient":""},"tablet":{"background-color":"var(--ast-global-color-5)","background-image":"","background-repeat":"repeat","background-position":"center center","background-size":"auto","background-attachment":"scroll","background-type":"","background-media":"","overlay-type":"","overlay-color":"","overlay-opacity":"","overlay-gradient":""},"mobile":{"background-color":"var(--ast-global-color-5)","background-image":"","background-repeat":"repeat","background-position":"center center","background-size":"auto","background-attachment":"scroll","background-type":"","background-media":"","overlay-type":"","overlay-color":"","overlay-opacity":"","overlay-gradient":""}},"footnotes":""},"categories":[1],"tags":[],"class_list":["post-23489","post","type-post","status-publish","format-standard","has-post-thumbnail","hentry","category-general"],"post_mailing_queue_ids":[],"_links":{"self":[{"href":"https:\/\/serveiseducatius.xtec.cat\/pallars\/wp-json\/wp\/v2\/posts\/23489","targetHints":{"allow":["GET"]}}],"collection":[{"href":"https:\/\/serveiseducatius.xtec.cat\/pallars\/wp-json\/wp\/v2\/posts"}],"about":[{"href":"https:\/\/serveiseducatius.xtec.cat\/pallars\/wp-json\/wp\/v2\/types\/post"}],"author":[{"embeddable":true,"href":"https:\/\/serveiseducatius.xtec.cat\/pallars\/wp-json\/wp\/v2\/users\/1"}],"replies":[{"embeddable":true,"href":"https:\/\/serveiseducatius.xtec.cat\/pallars\/wp-json\/wp\/v2\/comments?post=23489"}],"version-history":[{"count":6,"href":"https:\/\/serveiseducatius.xtec.cat\/pallars\/wp-json\/wp\/v2\/posts\/23489\/revisions"}],"predecessor-version":[{"id":23578,"href":"https:\/\/serveiseducatius.xtec.cat\/pallars\/wp-json\/wp\/v2\/posts\/23489\/revisions\/23578"}],"wp:featuredmedia":[{"embeddable":true,"href":"https:\/\/serveiseducatius.xtec.cat\/pallars\/wp-json\/wp\/v2\/media\/18756"}],"wp:attachment":[{"href":"https:\/\/serveiseducatius.xtec.cat\/pallars\/wp-json\/wp\/v2\/media?parent=23489"}],"wp:term":[{"taxonomy":"category","embeddable":true,"href":"https:\/\/serveiseducatius.xtec.cat\/pallars\/wp-json\/wp\/v2\/categories?post=23489"},{"taxonomy":"post_tag","embeddable":true,"href":"https:\/\/serveiseducatius.xtec.cat\/pallars\/wp-json\/wp\/v2\/tags?post=23489"}],"curies":[{"name":"wp","href":"https:\/\/api.w.org\/{rel}","templated":true}]}}