{"id":23225,"date":"2024-05-17T11:10:17","date_gmt":"2024-05-17T09:10:17","guid":{"rendered":"https:\/\/serveiseducatius.xtec.cat\/pallars\/?p=23225"},"modified":"2024-05-22T10:51:44","modified_gmt":"2024-05-22T08:51:44","slug":"mercat-de-tecnologia-dels-pallars-4","status":"publish","type":"post","link":"https:\/\/serveiseducatius.xtec.cat\/pallars\/general\/mercat-de-tecnologia-dels-pallars-4\/","title":{"rendered":"Mercat de Tecnologia dels Pallars &#8211; Sort"},"content":{"rendered":"<p><a href=\"https:\/\/serveiseducatius.xtec.cat\/pallars\/wp-content\/uploads\/usu1099\/2024\/05\/Cartell_-Mercat_Tecnologia_Pallars_2024-scaled.jpg\"><img loading=\"lazy\" decoding=\"async\" class=\"wp-image-23228 alignright\" src=\"https:\/\/serveiseducatius.xtec.cat\/pallars\/wp-content\/uploads\/usu1099\/2024\/05\/Cartell_-Mercat_Tecnologia_Pallars_2024-scaled.jpg\" alt=\"\" width=\"281\" height=\"397\" srcset=\"https:\/\/serveiseducatius.xtec.cat\/pallars\/wp-content\/uploads\/usu1099\/2024\/05\/Cartell_-Mercat_Tecnologia_Pallars_2024-scaled.jpg 1810w, https:\/\/serveiseducatius.xtec.cat\/pallars\/wp-content\/uploads\/usu1099\/2024\/05\/Cartell_-Mercat_Tecnologia_Pallars_2024-212x300.jpg 212w, https:\/\/serveiseducatius.xtec.cat\/pallars\/wp-content\/uploads\/usu1099\/2024\/05\/Cartell_-Mercat_Tecnologia_Pallars_2024-724x1024.jpg 724w, https:\/\/serveiseducatius.xtec.cat\/pallars\/wp-content\/uploads\/usu1099\/2024\/05\/Cartell_-Mercat_Tecnologia_Pallars_2024-768x1086.jpg 768w, https:\/\/serveiseducatius.xtec.cat\/pallars\/wp-content\/uploads\/usu1099\/2024\/05\/Cartell_-Mercat_Tecnologia_Pallars_2024-1086x1536.jpg 1086w, https:\/\/serveiseducatius.xtec.cat\/pallars\/wp-content\/uploads\/usu1099\/2024\/05\/Cartell_-Mercat_Tecnologia_Pallars_2024-1448x2048.jpg 1448w\" sizes=\"auto, (max-width: 281px) 100vw, 281px\" \/><\/a>El proper dia\u00a0 <span style=\"font-size: 20px;\"><strong>21 de maig de 2024<\/strong><\/span> tindr\u00e0 lloc el Mercat de Tecnologia dels Pallars, aquesta edici\u00f3 es dur\u00e0 a terme a Sort. Compta amb la col\u00b7laboraci\u00f3 de l\u2019ICE de la UdL i el Departament d&#8217;Educaci\u00f3 de la Generalitat de Catalunya.<\/p>\n<p id=\"isPasted\">El Mercat vol esdevenir un<strong>\u00a0expositor de treballs<\/strong>\u00a0i\u00a0<strong>projectes de tecnologia i ci\u00e8ncia aplicad<\/strong><strong>a<\/strong>, que han estat imaginats, realitzats i presentats per l\u2019alumnat de cicle superior de prim\u00e0ria, d\u2019ESO, Batxillerat i Cicles Formatius, amb l\u2019assessorament del professorat del seu centre. Des del Servei Educatiu dels Pallars creiem important que les experi\u00e8ncies i treballs realitzats per l&#8217;alumnat surtin dels centres educatius i puguin ser compartits amb la resta de centres.<\/p>\n<p>El Mercat vol ser, en definitiva, altaveu de divulgaci\u00f3 de la ci\u00e8ncia i la tecnologia de les nostres comarques, i contribuir a incrementar les vocacions t\u00e8cniques i cient\u00edfiques.<\/p>\n<h4 style=\"padding-left: 40px;\"><strong>Dia<\/strong><\/h4>\n<p style=\"padding-left: 40px;\">21 de maig de 2024<\/p>\n<h4 style=\"padding-left: 40px;\"><strong>Lloc<\/strong><\/h4>\n<p style=\"padding-left: 40px;\">INS Hug Roger III<\/p>\n<h4 style=\"padding-left: 40px;\"><strong>Programa<\/strong><\/h4>\n<p><a class=\"button large\" style=\"padding: 1em; font-weight: 400; margin: 0.1em; color: white !important; background-color: #3c7c80;\" href=\"https:\/\/drive.google.com\/file\/d\/1rDwP73pbocCHJAEgmEEOCOFacxBiBbYB\/view?usp=sharing\" target=\"_blank\" rel=\"noopener noreferrer\">Prim\u00e0ria<\/a> <a class=\"button large\" style=\"padding: 1em; font-weight: 400; margin: 0.1em; color: white !important; background-color: #ffa00c;\" href=\"https:\/\/drive.google.com\/file\/d\/1fwW7Abb3LWxNfnQB89h5phvY7xYXXNK4\/view?usp=sharing\" target=\"_blank\" rel=\"noopener noreferrer\">Secund\u00e0ria<\/a><\/p>\n<table style=\"width: 100%; border-collapse: collapse; border-style: none;\">\n<tbody>\n<tr>\n<td style=\"width: 6.72956%; border-color: #fcfcfc; border-style: none;\"><a href=\"https:\/\/serveiseducatius.xtec.cat\/pallars\/wp-content\/uploads\/usu1099\/2024\/04\/signe-dadmiracio.png\"><img loading=\"lazy\" decoding=\"async\" class=\"alignleft wp-image-23109\" src=\"https:\/\/serveiseducatius.xtec.cat\/pallars\/wp-content\/uploads\/usu1099\/2024\/04\/signe-dadmiracio.png\" alt=\"\" width=\"51\" height=\"51\" srcset=\"https:\/\/serveiseducatius.xtec.cat\/pallars\/wp-content\/uploads\/usu1099\/2024\/04\/signe-dadmiracio.png 746w, https:\/\/serveiseducatius.xtec.cat\/pallars\/wp-content\/uploads\/usu1099\/2024\/04\/signe-dadmiracio-300x300.png 300w, https:\/\/serveiseducatius.xtec.cat\/pallars\/wp-content\/uploads\/usu1099\/2024\/04\/signe-dadmiracio-150x150.png 150w\" sizes=\"auto, (max-width: 51px) 100vw, 51px\" \/><\/a><\/td>\n<td style=\"width: 93.2705%; border-color: #fcfcfc; border-style: none;\"><span style=\"font-size: 16px;\">Els centres dels Pallars Juss\u00e0 que el curs passat van exposar els seus treballs en el Mercat de Tecnologia del Pallars 2023 participaran en un taller a centre que es dur\u00e0 a terme durant el mes de maig.<\/span><\/td>\n<\/tr>\n<\/tbody>\n<\/table>\n<p>&nbsp;<\/p>\n","protected":false},"excerpt":{"rendered":"<p>21 de maig de 2024 <\/p>\n","protected":false},"author":1,"featured_media":14939,"comment_status":"closed","ping_status":"closed","sticky":false,"template":"","format":"standard","meta":{"_bbp_topic_count":0,"_bbp_reply_count":0,"_bbp_total_topic_count":0,"_bbp_total_reply_count":0,"_bbp_voice_count":0,"_bbp_anonymous_reply_count":0,"_bbp_topic_count_hidden":0,"_bbp_reply_count_hidden":0,"_bbp_forum_subforum_count":0,"site-sidebar-layout":"default","site-content-layout":"","ast-site-content-layout":"","site-content-style":"default","site-sidebar-style":"default","ast-global-header-display":"","ast-banner-title-visibility":"","ast-main-header-display":"","ast-hfb-above-header-display":"","ast-hfb-below-header-display":"","ast-hfb-mobile-header-display":"","site-post-title":"","ast-breadcrumbs-content":"","ast-featured-img":"","footer-sml-layout":"","theme-transparent-header-meta":"","adv-header-id-meta":"","stick-header-meta":"","header-above-stick-meta":"","header-main-stick-meta":"","header-below-stick-meta":"","astra-migrate-meta-layouts":"default","ast-page-background-enabled":"default","ast-page-background-meta":{"desktop":{"background-color":"var(--ast-global-color-4)","background-image":"","background-repeat":"repeat","background-position":"center center","background-size":"auto","background-attachment":"scroll","background-type":"","background-media":"","overlay-type":"","overlay-color":"","overlay-opacity":"","overlay-gradient":""},"tablet":{"background-color":"","background-image":"","background-repeat":"repeat","background-position":"center center","background-size":"auto","background-attachment":"scroll","background-type":"","background-media":"","overlay-type":"","overlay-color":"","overlay-opacity":"","overlay-gradient":""},"mobile":{"background-color":"","background-image":"","background-repeat":"repeat","background-position":"center center","background-size":"auto","background-attachment":"scroll","background-type":"","background-media":"","overlay-type":"","overlay-color":"","overlay-opacity":"","overlay-gradient":""}},"ast-content-background-meta":{"desktop":{"background-color":"var(--ast-global-color-5)","background-image":"","background-repeat":"repeat","background-position":"center center","background-size":"auto","background-attachment":"scroll","background-type":"","background-media":"","overlay-type":"","overlay-color":"","overlay-opacity":"","overlay-gradient":""},"tablet":{"background-color":"var(--ast-global-color-5)","background-image":"","background-repeat":"repeat","background-position":"center center","background-size":"auto","background-attachment":"scroll","background-type":"","background-media":"","overlay-type":"","overlay-color":"","overlay-opacity":"","overlay-gradient":""},"mobile":{"background-color":"var(--ast-global-color-5)","background-image":"","background-repeat":"repeat","background-position":"center center","background-size":"auto","background-attachment":"scroll","background-type":"","background-media":"","overlay-type":"","overlay-color":"","overlay-opacity":"","overlay-gradient":""}},"footnotes":""},"categories":[1,29],"tags":[],"class_list":["post-23225","post","type-post","status-publish","format-standard","has-post-thumbnail","hentry","category-general","category-portada"],"post_mailing_queue_ids":[],"_links":{"self":[{"href":"https:\/\/serveiseducatius.xtec.cat\/pallars\/wp-json\/wp\/v2\/posts\/23225","targetHints":{"allow":["GET"]}}],"collection":[{"href":"https:\/\/serveiseducatius.xtec.cat\/pallars\/wp-json\/wp\/v2\/posts"}],"about":[{"href":"https:\/\/serveiseducatius.xtec.cat\/pallars\/wp-json\/wp\/v2\/types\/post"}],"author":[{"embeddable":true,"href":"https:\/\/serveiseducatius.xtec.cat\/pallars\/wp-json\/wp\/v2\/users\/1"}],"replies":[{"embeddable":true,"href":"https:\/\/serveiseducatius.xtec.cat\/pallars\/wp-json\/wp\/v2\/comments?post=23225"}],"version-history":[{"count":6,"href":"https:\/\/serveiseducatius.xtec.cat\/pallars\/wp-json\/wp\/v2\/posts\/23225\/revisions"}],"predecessor-version":[{"id":23243,"href":"https:\/\/serveiseducatius.xtec.cat\/pallars\/wp-json\/wp\/v2\/posts\/23225\/revisions\/23243"}],"wp:featuredmedia":[{"embeddable":true,"href":"https:\/\/serveiseducatius.xtec.cat\/pallars\/wp-json\/wp\/v2\/media\/14939"}],"wp:attachment":[{"href":"https:\/\/serveiseducatius.xtec.cat\/pallars\/wp-json\/wp\/v2\/media?parent=23225"}],"wp:term":[{"taxonomy":"category","embeddable":true,"href":"https:\/\/serveiseducatius.xtec.cat\/pallars\/wp-json\/wp\/v2\/categories?post=23225"},{"taxonomy":"post_tag","embeddable":true,"href":"https:\/\/serveiseducatius.xtec.cat\/pallars\/wp-json\/wp\/v2\/tags?post=23225"}],"curies":[{"name":"wp","href":"https:\/\/api.w.org\/{rel}","templated":true}]}}