{"id":23221,"date":"2024-05-17T08:52:19","date_gmt":"2024-05-17T06:52:19","guid":{"rendered":"https:\/\/serveiseducatius.xtec.cat\/pallars\/?p=23221"},"modified":"2024-05-17T12:23:29","modified_gmt":"2024-05-17T10:23:29","slug":"la-industria-sobre-a-lescola-amb-perspectiva-de-genere","status":"publish","type":"post","link":"https:\/\/serveiseducatius.xtec.cat\/pallars\/portada\/la-industria-sobre-a-lescola-amb-perspectiva-de-genere\/","title":{"rendered":"La ind\u00fastria s&#8217;obre a l&#8217;escola amb perspectiva de g\u00e8nere"},"content":{"rendered":"<p>&nbsp;<\/p>\n<p><span style=\"font-family: arial, sans-serif;\"><a href=\"https:\/\/serveiseducatius.xtec.cat\/pallars\/wp-content\/uploads\/usu1099\/2024\/05\/industria.jpg\"><img loading=\"lazy\" decoding=\"async\" class=\"wp-image-23222 alignright\" src=\"https:\/\/serveiseducatius.xtec.cat\/pallars\/wp-content\/uploads\/usu1099\/2024\/05\/industria.jpg\" alt=\"\" width=\"518\" height=\"518\" srcset=\"https:\/\/serveiseducatius.xtec.cat\/pallars\/wp-content\/uploads\/usu1099\/2024\/05\/industria.jpg 900w, https:\/\/serveiseducatius.xtec.cat\/pallars\/wp-content\/uploads\/usu1099\/2024\/05\/industria-300x300.jpg 300w, https:\/\/serveiseducatius.xtec.cat\/pallars\/wp-content\/uploads\/usu1099\/2024\/05\/industria-150x150.jpg 150w, https:\/\/serveiseducatius.xtec.cat\/pallars\/wp-content\/uploads\/usu1099\/2024\/05\/industria-768x768.jpg 768w\" sizes=\"auto, (max-width: 518px) 100vw, 518px\" \/><\/a>El programa\u00a0<b><a href=\"https:\/\/igualtat.gencat.cat\/ca\/ambits-dactuacio\/cures-temps-i-treballs\/Equitat-en-els-treballs\/La-indutria-sobre-a-lescola-amb-perspectiva-de-genere\/\" target=\"_blank\" rel=\"noopener\" data-saferedirecturl=\"https:\/\/www.google.com\/url?q=https:\/\/igualtat.gencat.cat\/ca\/ambits-dactuacio\/cures-temps-i-treballs\/Equitat-en-els-treballs\/La-indutria-sobre-a-lescola-amb-perspectiva-de-genere\/&amp;source=gmail&amp;ust=1716014610676000&amp;usg=AOvVaw1kfFtEKTcGDZfjl9P6DRwK\">\u201cLa ind\u00fastria s&#8217;obre a l\u2019escola amb perspectiva de g\u00e8nere<\/a><\/b>\u201d, impulsat pel Departament d\u2019Igualtat i Feminismes en col\u00b7laboraci\u00f3 amb el Departament d&#8217;Educaci\u00f3, busca connectar l&#8217;escola amb la ind\u00fastria catalana de proximitat per fomentar vocacions industrials, especialment entre les nenes i les noies.<br \/>\n<\/span><\/p>\n<p><span style=\"font-family: arial, sans-serif;\">El programa es concreta en\u00a0sortides escolars\u00a0de l&#8217;alumnat de prim\u00e0ria, secund\u00e0ria, batxillerat i formaci\u00f3 professional\u00a0a les\u00a0ind\u00fastries de proximitat.<br \/>\n<\/span><\/p>\n<p><span style=\"font-size: 20px;\"><strong><span style=\"font-family: arial, sans-serif;\">Qu\u00e8 s&#8217;ofereix?<\/span><\/strong><\/span><\/p>\n<ul>\n<li><a href=\"https:\/\/igualtat.gencat.cat\/web\/.content\/Ambits\/cures-temps\/equitat-en-els-treballs\/industria-sobre-a-lescola\/Guia-Lindustria-sobre-a-lescola-INDUSTRIA.pdf\" target=\"_blank\" rel=\"noopener\" data-saferedirecturl=\"https:\/\/www.google.com\/url?q=https:\/\/igualtat.gencat.cat\/web\/.content\/Ambits\/cures-temps\/equitat-en-els-treballs\/industria-sobre-a-lescola\/Guia-Lindustria-sobre-a-lescola-INDUSTRIA.pdf&amp;source=gmail&amp;ust=1716014610676000&amp;usg=AOvVaw3rDWg4VZ7KFNOVzri44OEw\"><span style=\"font-family: arial, sans-serif;\">Guia per a les empreses<\/span><\/a><\/li>\n<li><a href=\"https:\/\/igualtat.gencat.cat\/web\/.content\/Ambits\/cures-temps\/equitat-en-els-treballs\/industria-sobre-a-lescola\/Guia-Lindustria-sobre-a-lescola-ESCOLA.pdf\" target=\"_blank\" rel=\"noopener\" data-saferedirecturl=\"https:\/\/www.google.com\/url?q=https:\/\/igualtat.gencat.cat\/web\/.content\/Ambits\/cures-temps\/equitat-en-els-treballs\/industria-sobre-a-lescola\/Guia-Lindustria-sobre-a-lescola-ESCOLA.pdf&amp;source=gmail&amp;ust=1716014610676000&amp;usg=AOvVaw3lCfViwf15HIacX9lxcaid\"><span style=\"font-family: arial, sans-serif;\">Guia per a les escoles<\/span><\/a><\/li>\n<li><span style=\"font-family: arial, sans-serif;\">Contacte entre\u00a0l&#8217;empresa\u00a0i l&#8217;escola per a la realitzaci\u00f3 de la visita<\/span><\/li>\n<li><span style=\"font-family: arial, sans-serif;\">Formaci\u00f3<\/span><\/li>\n<li><span style=\"font-family: arial, sans-serif;\">Enquesta d&#8217;avaluaci\u00f3 de l&#8217;activitat<\/span><\/li>\n<\/ul>\n<p><span style=\"font-family: arial, sans-serif;\"><span style=\"font-size: 20px;\"><strong>Termini<\/strong><\/span>\u00a0<\/span><\/p>\n<p><span style=\"font-family: arial, sans-serif;\">Es pot participar durant tot el per\u00edode escolar.<br \/>\n<\/span><\/p>\n<p><span style=\"font-size: 20px;\"><strong>Inscripcions<\/strong><\/span><\/p>\n<p><span style=\"font-family: arial, sans-serif;\">Cal inscriure\u2019s a trav\u00e9s dels formularis seg\u00fcents:<\/span><\/p>\n<ul>\n<li><a href=\"https:\/\/igualtat.gencat.cat\/ca\/ambits-dactuacio\/cures-temps-i-treballs\/programa-la-industria-sobre-a-lescola-en-perspectiva-de-genere-inscripcio-al-programa-pels-centres-escolars\/\" target=\"_blank\" rel=\"noopener\" data-saferedirecturl=\"https:\/\/www.google.com\/url?q=https:\/\/igualtat.gencat.cat\/ca\/ambits-dactuacio\/cures-temps-i-treballs\/programa-la-industria-sobre-a-lescola-en-perspectiva-de-genere-inscripcio-al-programa-pels-centres-escolars\/&amp;source=gmail&amp;ust=1716014610676000&amp;usg=AOvVaw1TqjmdlT7077YR2wfpTK3i\"><span style=\"font-family: arial, sans-serif;\">Formulari per a les escoles<\/span><\/a><\/li>\n<li><a href=\"https:\/\/igualtat.gencat.cat\/ca\/ambits-dactuacio\/cures-temps-i-treballs\/Programa-lindustria-sobre-a-lescola\" target=\"_blank\" rel=\"noopener\" data-saferedirecturl=\"https:\/\/www.google.com\/url?q=https:\/\/igualtat.gencat.cat\/ca\/ambits-dactuacio\/cures-temps-i-treballs\/Programa-lindustria-sobre-a-lescola&amp;source=gmail&amp;ust=1716014610676000&amp;usg=AOvVaw3TZ8U35geZn5jXfPa7sWxe\"><span style=\"font-family: arial, sans-serif;\">Formulari per a les empreses<\/span><\/a><\/li>\n<\/ul>\n<p><strong><span style=\"font-family: arial, sans-serif; font-size: 20px;\">M\u00e9s informaci\u00f3 i consultes\u00a0<\/span><\/strong><\/p>\n<p><span style=\"font-family: arial, sans-serif;\"><a href=\"mailto:curestempstreballs.igualtat@gencat.cat\" target=\"_blank\" rel=\"noopener\">curestempstreballs.<wbr \/>igualtat@gencat.cat<\/a><\/span><\/p>\n<p><span style=\"font-family: arial, sans-serif;\"><a href=\"https:\/\/igualtat.gencat.cat\/ca\/ambits-dactuacio\/cures-temps-i-treballs\/Equitat-en-els-treballs\/La-indutria-sobre-a-lescola-amb-perspectiva-de-genere\/\" target=\"_blank\" rel=\"noopener\" data-saferedirecturl=\"https:\/\/www.google.com\/url?q=https:\/\/igualtat.gencat.cat\/ca\/ambits-dactuacio\/cures-temps-i-treballs\/Equitat-en-els-treballs\/La-indutria-sobre-a-lescola-amb-perspectiva-de-genere\/&amp;source=gmail&amp;ust=1716014610676000&amp;usg=AOvVaw1kfFtEKTcGDZfjl9P6DRwK\">WEB del projecte<\/a><\/span><\/p>\n","protected":false},"excerpt":{"rendered":"<p>Inscripcions al programa<\/p>\n","protected":false},"author":1,"featured_media":23223,"comment_status":"closed","ping_status":"closed","sticky":false,"template":"","format":"standard","meta":{"_bbp_topic_count":0,"_bbp_reply_count":0,"_bbp_total_topic_count":0,"_bbp_total_reply_count":0,"_bbp_voice_count":0,"_bbp_anonymous_reply_count":0,"_bbp_topic_count_hidden":0,"_bbp_reply_count_hidden":0,"_bbp_forum_subforum_count":0,"site-sidebar-layout":"default","site-content-layout":"","ast-site-content-layout":"","site-content-style":"default","site-sidebar-style":"default","ast-global-header-display":"","ast-banner-title-visibility":"","ast-main-header-display":"","ast-hfb-above-header-display":"","ast-hfb-below-header-display":"","ast-hfb-mobile-header-display":"","site-post-title":"","ast-breadcrumbs-content":"","ast-featured-img":"","footer-sml-layout":"","theme-transparent-header-meta":"","adv-header-id-meta":"","stick-header-meta":"","header-above-stick-meta":"","header-main-stick-meta":"","header-below-stick-meta":"","astra-migrate-meta-layouts":"default","ast-page-background-enabled":"default","ast-page-background-meta":{"desktop":{"background-color":"var(--ast-global-color-4)","background-image":"","background-repeat":"repeat","background-position":"center center","background-size":"auto","background-attachment":"scroll","background-type":"","background-media":"","overlay-type":"","overlay-color":"","overlay-opacity":"","overlay-gradient":""},"tablet":{"background-color":"","background-image":"","background-repeat":"repeat","background-position":"center center","background-size":"auto","background-attachment":"scroll","background-type":"","background-media":"","overlay-type":"","overlay-color":"","overlay-opacity":"","overlay-gradient":""},"mobile":{"background-color":"","background-image":"","background-repeat":"repeat","background-position":"center center","background-size":"auto","background-attachment":"scroll","background-type":"","background-media":"","overlay-type":"","overlay-color":"","overlay-opacity":"","overlay-gradient":""}},"ast-content-background-meta":{"desktop":{"background-color":"var(--ast-global-color-5)","background-image":"","background-repeat":"repeat","background-position":"center center","background-size":"auto","background-attachment":"scroll","background-type":"","background-media":"","overlay-type":"","overlay-color":"","overlay-opacity":"","overlay-gradient":""},"tablet":{"background-color":"var(--ast-global-color-5)","background-image":"","background-repeat":"repeat","background-position":"center center","background-size":"auto","background-attachment":"scroll","background-type":"","background-media":"","overlay-type":"","overlay-color":"","overlay-opacity":"","overlay-gradient":""},"mobile":{"background-color":"var(--ast-global-color-5)","background-image":"","background-repeat":"repeat","background-position":"center center","background-size":"auto","background-attachment":"scroll","background-type":"","background-media":"","overlay-type":"","overlay-color":"","overlay-opacity":"","overlay-gradient":""}},"footnotes":""},"categories":[29],"tags":[],"class_list":["post-23221","post","type-post","status-publish","format-standard","has-post-thumbnail","hentry","category-portada"],"post_mailing_queue_ids":[],"_links":{"self":[{"href":"https:\/\/serveiseducatius.xtec.cat\/pallars\/wp-json\/wp\/v2\/posts\/23221","targetHints":{"allow":["GET"]}}],"collection":[{"href":"https:\/\/serveiseducatius.xtec.cat\/pallars\/wp-json\/wp\/v2\/posts"}],"about":[{"href":"https:\/\/serveiseducatius.xtec.cat\/pallars\/wp-json\/wp\/v2\/types\/post"}],"author":[{"embeddable":true,"href":"https:\/\/serveiseducatius.xtec.cat\/pallars\/wp-json\/wp\/v2\/users\/1"}],"replies":[{"embeddable":true,"href":"https:\/\/serveiseducatius.xtec.cat\/pallars\/wp-json\/wp\/v2\/comments?post=23221"}],"version-history":[{"count":2,"href":"https:\/\/serveiseducatius.xtec.cat\/pallars\/wp-json\/wp\/v2\/posts\/23221\/revisions"}],"predecessor-version":[{"id":23234,"href":"https:\/\/serveiseducatius.xtec.cat\/pallars\/wp-json\/wp\/v2\/posts\/23221\/revisions\/23234"}],"wp:featuredmedia":[{"embeddable":true,"href":"https:\/\/serveiseducatius.xtec.cat\/pallars\/wp-json\/wp\/v2\/media\/23223"}],"wp:attachment":[{"href":"https:\/\/serveiseducatius.xtec.cat\/pallars\/wp-json\/wp\/v2\/media?parent=23221"}],"wp:term":[{"taxonomy":"category","embeddable":true,"href":"https:\/\/serveiseducatius.xtec.cat\/pallars\/wp-json\/wp\/v2\/categories?post=23221"},{"taxonomy":"post_tag","embeddable":true,"href":"https:\/\/serveiseducatius.xtec.cat\/pallars\/wp-json\/wp\/v2\/tags?post=23221"}],"curies":[{"name":"wp","href":"https:\/\/api.w.org\/{rel}","templated":true}]}}