{"id":22524,"date":"2024-01-26T09:08:51","date_gmt":"2024-01-26T08:08:51","guid":{"rendered":"https:\/\/serveiseducatius.xtec.cat\/pallars\/?p=22524"},"modified":"2024-01-26T09:09:43","modified_gmt":"2024-01-26T08:09:43","slug":"activitats-formacio-sobre-lectura-i-oralitat","status":"publish","type":"post","link":"https:\/\/serveiseducatius.xtec.cat\/pallars\/general\/activitats-formacio-sobre-lectura-i-oralitat\/","title":{"rendered":"Activitats formaci\u00f3 sobre lectura i oralitat"},"content":{"rendered":"<p><a href=\"https:\/\/serveiseducatius.xtec.cat\/pallars\/wp-content\/uploads\/usu1099\/2024\/01\/oralitat.png\"><img loading=\"lazy\" decoding=\"async\" class=\"wp-image-22526 alignright\" src=\"https:\/\/serveiseducatius.xtec.cat\/pallars\/wp-content\/uploads\/usu1099\/2024\/01\/oralitat.png\" alt=\"\" width=\"249\" height=\"248\" \/><\/a>Encara sou a temps per inscriure-us a les activitats formatives de lectura i oralitat que es duen a terme en aquest segon torn de formaci\u00f3.<\/p>\n<h4><strong>Inscripcions\u00a0<\/strong><\/h4>\n<p>Fins al 31 de gener de 2024<\/p>\n<h4><strong>Activitats<\/strong><\/h4>\n<table style=\"border-collapse: collapse; width: 69.2446%;\">\n<tbody>\n<tr>\n<td style=\"width: 10.1834%; text-align: center;\">\n<h4>Codi de l&#8217;activitat<\/h4>\n<\/td>\n<td style=\"width: 40.7599%; text-align: center;\">\n<h4>Activitat<\/h4>\n<\/td>\n<td style=\"width: 14.6843%; text-align: center;\">\n<h4>Inscripcions<\/h4>\n<\/td>\n<\/tr>\n<tr>\n<td style=\"width: 10.1834%; text-align: center;\"><span style=\"font-size: 16px;\">6099040555\u00a0C\u00a0<\/span><\/td>\n<td style=\"width: 40.7599%;\"><span style=\"font-size: 16px;\"><strong>Llegir per parlar. L&#8217;aprenentatge de la llengua oral a partir dels contes i dels \u00e0lbums il\u00b7lustrats.<\/strong><\/span><\/p>\n<p><span style=\"font-size: 16px;\"><strong>Format:<\/strong> Taller. E Infantil i Prim\u00e0ria. VT Curs a dist\u00e0ncia (A dist\u00e0ncia). <\/span><\/p>\n<p><span style=\"font-size: 16px;\"><strong>Dates:<\/strong> Del dilluns 29\/1\/2024 al 20\/5\/2024 de 17:30h a 19:00<\/span><\/td>\n<td style=\"width: 14.6843%; text-align: center;\"><span style=\"font-size: 16px;\"> \u00a0\u00a0<strong>\u00a0<a href=\"https:\/\/aplicacions.gestioeducativa.gencat.cat\/pls\/soloas\/pk_for_mod_ins.p_for_detall_activitat?p_codi=6099040555&amp;p_curs=2023-2024&amp;p_es_inscr=S\" data-saferedirecturl=\"https:\/\/www.google.com\/url?q=https:\/\/aplicacions.gestioeducativa.gencat.cat\/pls\/soloas\/pk_for_mod_ins.p_for_detall_activitat?p_codi%3D6099040555%26p_curs%3D2023-2024%26p_es_inscr%3DS&amp;source=gmail&amp;ust=1706341691452000&amp;usg=AOvVaw1E6scpp_3UVvkvXf_p_QHx\">INSCRIPCI\u00d3<\/a><\/strong><\/span><\/td>\n<\/tr>\n<tr>\n<td style=\"width: 10.1834%; text-align: center;\"><span style=\"font-size: 16px;\">6099050555\u00a0C<\/span><\/td>\n<td style=\"width: 40.7599%;\"><span style=\"font-size: 16px;\"><strong>Millora de les habilitats narratives orals a educaci\u00f3 infantil i cicle inicial<\/strong><\/span><\/p>\n<p><span style=\"font-size: 16px;\"><strong>Lloc:<\/strong> Taller. CRP del Segri\u00e0 (Lleida). <\/span><\/p>\n<p><span style=\"font-size: 16px;\"><strong>Dates:<\/strong> Del dijous 25\/1\/2024 al 30\/5\/2024\u00a0 de 17:30 a 19:00<\/span><\/td>\n<td style=\"width: 14.6843%; text-align: center;\"><span style=\"font-size: 16px;\">\u00a0 \u00a0\u00a0<a href=\"https:\/\/aplicacions.gestioeducativa.gencat.cat\/pls\/soloas\/pk_for_mod_ins.p_for_detall_activitat?p_codi=6099050555&amp;p_curs=2023-2024&amp;p_es_inscr=S\" data-saferedirecturl=\"https:\/\/www.google.com\/url?q=https:\/\/aplicacions.gestioeducativa.gencat.cat\/pls\/soloas\/pk_for_mod_ins.p_for_detall_activitat?p_codi%3D6099050555%26p_curs%3D2023-2024%26p_es_inscr%3DS&amp;source=gmail&amp;ust=1706341691452000&amp;usg=AOvVaw1mnmKaJNqJioabV9fA1zFq\"><strong>INSCRIPCI\u00d3<\/strong><\/a><\/span><\/td>\n<\/tr>\n<tr>\n<td style=\"width: 10.1834%; text-align: center;\"><span style=\"font-size: 16px;\">6110730555\u00a0C\u00a0<strong>\u00a0<\/strong><\/span><\/td>\n<td style=\"width: 40.7599%;\"><span style=\"font-size: 16px;\"><strong>Millora de les habilitats narratives orals a educaci\u00f3 infantil i cicle inicial<\/strong><\/span><\/p>\n<p><span style=\"font-size: 16px;\"><strong>Format:<\/strong> Taller. VT Curs a dist\u00e0ncia (A dist\u00e0ncia). <\/span><\/p>\n<p><span style=\"font-size: 16px;\"><strong>Dates:<\/strong> Del dijous 15\/2\/2024 al 5\/6\/2024 de 17:30h a 19:00h<\/span><\/td>\n<td style=\"width: 14.6843%; text-align: center;\"><span style=\"font-size: 16px;\"><strong><a href=\"https:\/\/aplicacions.gestioeducativa.gencat.cat\/pls\/soloas\/pk_for_mod_ins.p_for_detall_activitat?p_codi=6110730555&amp;p_curs=2023-2024&amp;p_es_inscr=S\" data-saferedirecturl=\"https:\/\/www.google.com\/url?q=https:\/\/aplicacions.gestioeducativa.gencat.cat\/pls\/soloas\/pk_for_mod_ins.p_for_detall_activitat?p_codi%3D6110730555%26p_curs%3D2023-2024%26p_es_inscr%3DS&amp;source=gmail&amp;ust=1706341691452000&amp;usg=AOvVaw0KHtNHRnYyEsP85STmNgpM\">INSCRIPCI\u00d3<\/a><\/strong><\/span><\/td>\n<\/tr>\n<tr>\n<td style=\"width: 10.1834%; text-align: center;\"><span style=\"font-size: 16px;\">6110760555\u00a0C\u00a0<strong>\u00a0<\/strong><\/span><\/td>\n<td style=\"width: 40.7599%;\"><span style=\"font-size: 16px;\"><strong>El proc\u00e9s lector i les estrat\u00e8gies de comprensi\u00f3 lectora<\/strong><\/span><\/p>\n<p><span style=\"font-size: 16px;\"><strong>Lloc:<\/strong> Taller. CRP de l&#8217;Urgell (T\u00e0rrega). <\/span><\/p>\n<p><span style=\"font-size: 16px;\"><strong>Dates:<\/strong> Del dilluns 29\/1\/2024 al 29\/5\/2024 de 17:30h a 19:30h.<\/span><\/td>\n<td style=\"width: 14.6843%; text-align: center;\"><span style=\"font-size: 16px;\">\u00a0<a href=\"https:\/\/aplicacions.gestioeducativa.gencat.cat\/pls\/soloas\/pk_for_mod_ins.p_for_detall_activitat?p_codi=6110760555&amp;p_curs=2023-2024&amp;p_es_inscr=S\" data-saferedirecturl=\"https:\/\/www.google.com\/url?q=https:\/\/aplicacions.gestioeducativa.gencat.cat\/pls\/soloas\/pk_for_mod_ins.p_for_detall_activitat?p_codi%3D6110760555%26p_curs%3D2023-2024%26p_es_inscr%3DS&amp;source=gmail&amp;ust=1706341691452000&amp;usg=AOvVaw1yy7-a7DspUShdXfQeK_tm\"><strong>INSCRIPCI\u00d3<\/strong><\/a><\/span><\/td>\n<\/tr>\n<\/tbody>\n<\/table>\n<p>&nbsp;<\/p>\n","protected":false},"excerpt":{"rendered":"<p>Inscripcions fins al 31 de gener de 2024<\/p>\n","protected":false},"author":1,"featured_media":22526,"comment_status":"closed","ping_status":"closed","sticky":false,"template":"","format":"standard","meta":{"_bbp_topic_count":0,"_bbp_reply_count":0,"_bbp_total_topic_count":0,"_bbp_total_reply_count":0,"_bbp_voice_count":0,"_bbp_anonymous_reply_count":0,"_bbp_topic_count_hidden":0,"_bbp_reply_count_hidden":0,"_bbp_forum_subforum_count":0,"site-sidebar-layout":"default","site-content-layout":"","ast-site-content-layout":"","site-content-style":"default","site-sidebar-style":"default","ast-global-header-display":"","ast-banner-title-visibility":"","ast-main-header-display":"","ast-hfb-above-header-display":"","ast-hfb-below-header-display":"","ast-hfb-mobile-header-display":"","site-post-title":"","ast-breadcrumbs-content":"","ast-featured-img":"","footer-sml-layout":"","theme-transparent-header-meta":"","adv-header-id-meta":"","stick-header-meta":"","header-above-stick-meta":"","header-main-stick-meta":"","header-below-stick-meta":"","astra-migrate-meta-layouts":"default","ast-page-background-enabled":"default","ast-page-background-meta":{"desktop":{"background-color":"var(--ast-global-color-4)","background-image":"","background-repeat":"repeat","background-position":"center center","background-size":"auto","background-attachment":"scroll","background-type":"","background-media":"","overlay-type":"","overlay-color":"","overlay-opacity":"","overlay-gradient":""},"tablet":{"background-color":"","background-image":"","background-repeat":"repeat","background-position":"center center","background-size":"auto","background-attachment":"scroll","background-type":"","background-media":"","overlay-type":"","overlay-color":"","overlay-opacity":"","overlay-gradient":""},"mobile":{"background-color":"","background-image":"","background-repeat":"repeat","background-position":"center center","background-size":"auto","background-attachment":"scroll","background-type":"","background-media":"","overlay-type":"","overlay-color":"","overlay-opacity":"","overlay-gradient":""}},"ast-content-background-meta":{"desktop":{"background-color":"var(--ast-global-color-5)","background-image":"","background-repeat":"repeat","background-position":"center center","background-size":"auto","background-attachment":"scroll","background-type":"","background-media":"","overlay-type":"","overlay-color":"","overlay-opacity":"","overlay-gradient":""},"tablet":{"background-color":"var(--ast-global-color-5)","background-image":"","background-repeat":"repeat","background-position":"center center","background-size":"auto","background-attachment":"scroll","background-type":"","background-media":"","overlay-type":"","overlay-color":"","overlay-opacity":"","overlay-gradient":""},"mobile":{"background-color":"var(--ast-global-color-5)","background-image":"","background-repeat":"repeat","background-position":"center center","background-size":"auto","background-attachment":"scroll","background-type":"","background-media":"","overlay-type":"","overlay-color":"","overlay-opacity":"","overlay-gradient":""}},"footnotes":""},"categories":[1,29],"tags":[],"class_list":["post-22524","post","type-post","status-publish","format-standard","has-post-thumbnail","hentry","category-general","category-portada"],"post_mailing_queue_ids":[],"_links":{"self":[{"href":"https:\/\/serveiseducatius.xtec.cat\/pallars\/wp-json\/wp\/v2\/posts\/22524","targetHints":{"allow":["GET"]}}],"collection":[{"href":"https:\/\/serveiseducatius.xtec.cat\/pallars\/wp-json\/wp\/v2\/posts"}],"about":[{"href":"https:\/\/serveiseducatius.xtec.cat\/pallars\/wp-json\/wp\/v2\/types\/post"}],"author":[{"embeddable":true,"href":"https:\/\/serveiseducatius.xtec.cat\/pallars\/wp-json\/wp\/v2\/users\/1"}],"replies":[{"embeddable":true,"href":"https:\/\/serveiseducatius.xtec.cat\/pallars\/wp-json\/wp\/v2\/comments?post=22524"}],"version-history":[{"count":5,"href":"https:\/\/serveiseducatius.xtec.cat\/pallars\/wp-json\/wp\/v2\/posts\/22524\/revisions"}],"predecessor-version":[{"id":22530,"href":"https:\/\/serveiseducatius.xtec.cat\/pallars\/wp-json\/wp\/v2\/posts\/22524\/revisions\/22530"}],"wp:featuredmedia":[{"embeddable":true,"href":"https:\/\/serveiseducatius.xtec.cat\/pallars\/wp-json\/wp\/v2\/media\/22526"}],"wp:attachment":[{"href":"https:\/\/serveiseducatius.xtec.cat\/pallars\/wp-json\/wp\/v2\/media?parent=22524"}],"wp:term":[{"taxonomy":"category","embeddable":true,"href":"https:\/\/serveiseducatius.xtec.cat\/pallars\/wp-json\/wp\/v2\/categories?post=22524"},{"taxonomy":"post_tag","embeddable":true,"href":"https:\/\/serveiseducatius.xtec.cat\/pallars\/wp-json\/wp\/v2\/tags?post=22524"}],"curies":[{"name":"wp","href":"https:\/\/api.w.org\/{rel}","templated":true}]}}