{"id":22448,"date":"2024-01-15T10:28:09","date_gmt":"2024-01-15T09:28:09","guid":{"rendered":"https:\/\/serveiseducatius.xtec.cat\/pallars\/?p=22448"},"modified":"2024-02-05T17:30:20","modified_gmt":"2024-02-05T16:30:20","slug":"formacio-les-aules-pel-futur-en-els-centres-educatius-disseny-i-implementacio-40h","status":"publish","type":"post","link":"https:\/\/serveiseducatius.xtec.cat\/pallars\/portada\/formacio-les-aules-pel-futur-en-els-centres-educatius-disseny-i-implementacio-40h\/","title":{"rendered":"Formaci\u00f3. Les aules pel futur en els centres educatius: Disseny i implementaci\u00f3 (40h)"},"content":{"rendered":"<p><a href=\"https:\/\/serveiseducatius.xtec.cat\/pallars\/wp-content\/uploads\/usu1099\/2024\/01\/GDZHg5wXIAAih5w.jpg\"><img loading=\"lazy\" decoding=\"async\" class=\"wp-image-22450 alignright\" src=\"https:\/\/serveiseducatius.xtec.cat\/pallars\/wp-content\/uploads\/usu1099\/2024\/01\/GDZHg5wXIAAih5w.jpg\" alt=\"\" width=\"592\" height=\"333\" srcset=\"https:\/\/serveiseducatius.xtec.cat\/pallars\/wp-content\/uploads\/usu1099\/2024\/01\/GDZHg5wXIAAih5w.jpg 900w, https:\/\/serveiseducatius.xtec.cat\/pallars\/wp-content\/uploads\/usu1099\/2024\/01\/GDZHg5wXIAAih5w-300x169.jpg 300w, https:\/\/serveiseducatius.xtec.cat\/pallars\/wp-content\/uploads\/usu1099\/2024\/01\/GDZHg5wXIAAih5w-768x432.jpg 768w\" sizes=\"auto, (max-width: 592px) 100vw, 592px\" \/><\/a>Obert el per\u00edode d&#8217;inscripci\u00f3 de la formaci\u00f3 <em><strong>Les aules pel futur en els centres educatius: Disseny i implementaci\u00f3<\/strong><\/em>.<\/p>\n<h4><strong>Destinataris<\/strong><\/h4>\n<p style=\"padding-left: 40px;\">Infantil-Prim\u00e0ria-Secund\u00e0ria<\/p>\n<h4><strong>Modalitat<\/strong><\/h4>\n<p style=\"padding-left: 40px;\">Semipresencial<\/p>\n<h4><strong>Inscripcions<\/strong><\/h4>\n<p style=\"padding-left: 40px;\"><span style=\"font-size: 24px;\"><strong><a href=\"https:\/\/aplicacions.gestioeducativa.gencat.cat\/pls\/soloas\/inscripcionsnp?codi=9002030545&amp;curs=2023-2024\">Enlla\u00e7<\/a> <\/strong><\/span>abans del 15 de febrer de 2024<\/p>\n<h4><strong>Descripci\u00f3<\/strong><\/h4>\n<p style=\"padding-left: 40px;\">Aules pel Futur s\u2019alinea amb el projecte europeu Future Classroom Lab d\u2019European Schoolnet. Aquesta formaci\u00f3 \u00e9s dirigida a aquells equips directius i responsables de coordinaci\u00f3 interessats a implantar el Projecte Aules pel Futur en els seus centres educatius. El curs proporcionar\u00e0 eines \u00fatils i pr\u00e0ctiques que facilitin als equips la innovaci\u00f3 fonamentada pedag\u00f2gicament i informada amb la recerca, usant les TIC, a partir de redissenyar espais educatius i incorporar metodologies actives per respondre a les necessitats educatives del segle XXI.<br \/>\nEls participants han de disposar de l\u2019acreditaci\u00f3 de la compet\u00e8ncia digital docent o coneixements homologables.<\/p>\n<h4><strong>Objectius<\/strong><\/h4>\n<ul>\n<li style=\"list-style-type: none;\">\n<ul>\n<li style=\"list-style-type: none;\">\n<ul>\n<li>Con\u00e8ixer el Projecte Aules pel Futur i la seva implementaci\u00f3 en centres educatius.<\/li>\n<li>Autoconeixement pedag\u00f2gic, instructiu i tecnol\u00f2gic.<\/li>\n<li>Establir pautes per adaptar els espais educatius seguint el model de les Aules pel Futur.<\/li>\n<li>Con\u00e8ixer i aplicar eines TIC per al disseny d\u2019activitats pedag\u00f2giques innovadores seguint el model de les Aules pel Futur.<\/li>\n<li>Con\u00e8ixer i aplicar pautes metodol\u00f2giques per integrar el model de les Aules pel Futur<br \/>\nals centres educatius.<\/li>\n<li>Dissenyar i implementar Aules pel Futur en els centres educatius.<\/li>\n<\/ul>\n<\/li>\n<\/ul>\n<\/li>\n<\/ul>\n<h4><strong>Continguts<\/strong><\/h4>\n<ul>\n<li style=\"list-style-type: none;\">\n<ul>\n<li style=\"list-style-type: none;\">\n<ul>\n<li>Les Aules pel Futur: Concepte.<\/li>\n<li>Kit d\u2019eines de les Aules pel Futur: Identificaci\u00f3 d\u2019interessats i tend\u00e8ncies. Dissenyar l\u2019Aula pel Futur. Creaci\u00f3 d\u2019Escenaris d\u2019aprenentatge. Disseny d\u2019Activitats Pedag\u00f2giques Innovadores. Avaluaci\u00f3.<\/li>\n<li>Les Aules pel Futur i el Projecte Educatiu de Centre.<\/li>\n<li>Pautes per adaptar espais educatius.<\/li>\n<li>Eines TIC per millorar el disseny d\u2019activitats pedag\u00f2giques.<\/li>\n<\/ul>\n<\/li>\n<\/ul>\n<\/li>\n<\/ul>\n<h4><strong>Calendari<\/strong><\/h4>\n<p style=\"padding-left: 40px;\">Sessi\u00f3 1: dijous 15\/02\/2024 1700 2000<br \/>\nSessi\u00f3 2: dijous 22\/02\/2024 1700 2000<br \/>\nSessi\u00f3 3: dijous 29\/02\/2024 1700 2000<br \/>\nSessi\u00f3 4: dijous 07\/03\/2024 1700 2000<br \/>\nSessi\u00f3 5: dissabte 16\/03\/2024 0900 1400 (presencial al Complex Educatiu Tarragona)<br \/>\nSessi\u00f3 6: dijous 04\/04\/2024 1700 2000<br \/>\nSessi\u00f3 7: dijous 11\/04\/2024 1700 2000<br \/>\nSessi\u00f3 8: dijous 18\/04\/2024 1700 2000<br \/>\nSessi\u00f3 9: dijous 30\/05\/2024 1700 2000<\/p>\n","protected":false},"excerpt":{"rendered":"<p>Inscripcions abans del 15 de febrer<\/p>\n","protected":false},"author":1,"featured_media":22450,"comment_status":"closed","ping_status":"closed","sticky":false,"template":"","format":"standard","meta":{"_bbp_topic_count":0,"_bbp_reply_count":0,"_bbp_total_topic_count":0,"_bbp_total_reply_count":0,"_bbp_voice_count":0,"_bbp_anonymous_reply_count":0,"_bbp_topic_count_hidden":0,"_bbp_reply_count_hidden":0,"_bbp_forum_subforum_count":0,"site-sidebar-layout":"default","site-content-layout":"","ast-site-content-layout":"","site-content-style":"default","site-sidebar-style":"default","ast-global-header-display":"","ast-banner-title-visibility":"","ast-main-header-display":"","ast-hfb-above-header-display":"","ast-hfb-below-header-display":"","ast-hfb-mobile-header-display":"","site-post-title":"","ast-breadcrumbs-content":"","ast-featured-img":"","footer-sml-layout":"","theme-transparent-header-meta":"","adv-header-id-meta":"","stick-header-meta":"","header-above-stick-meta":"","header-main-stick-meta":"","header-below-stick-meta":"","astra-migrate-meta-layouts":"default","ast-page-background-enabled":"default","ast-page-background-meta":{"desktop":{"background-color":"var(--ast-global-color-4)","background-image":"","background-repeat":"repeat","background-position":"center center","background-size":"auto","background-attachment":"scroll","background-type":"","background-media":"","overlay-type":"","overlay-color":"","overlay-opacity":"","overlay-gradient":""},"tablet":{"background-color":"","background-image":"","background-repeat":"repeat","background-position":"center center","background-size":"auto","background-attachment":"scroll","background-type":"","background-media":"","overlay-type":"","overlay-color":"","overlay-opacity":"","overlay-gradient":""},"mobile":{"background-color":"","background-image":"","background-repeat":"repeat","background-position":"center center","background-size":"auto","background-attachment":"scroll","background-type":"","background-media":"","overlay-type":"","overlay-color":"","overlay-opacity":"","overlay-gradient":""}},"ast-content-background-meta":{"desktop":{"background-color":"var(--ast-global-color-5)","background-image":"","background-repeat":"repeat","background-position":"center center","background-size":"auto","background-attachment":"scroll","background-type":"","background-media":"","overlay-type":"","overlay-color":"","overlay-opacity":"","overlay-gradient":""},"tablet":{"background-color":"var(--ast-global-color-5)","background-image":"","background-repeat":"repeat","background-position":"center center","background-size":"auto","background-attachment":"scroll","background-type":"","background-media":"","overlay-type":"","overlay-color":"","overlay-opacity":"","overlay-gradient":""},"mobile":{"background-color":"var(--ast-global-color-5)","background-image":"","background-repeat":"repeat","background-position":"center center","background-size":"auto","background-attachment":"scroll","background-type":"","background-media":"","overlay-type":"","overlay-color":"","overlay-opacity":"","overlay-gradient":""}},"footnotes":""},"categories":[29],"tags":[],"class_list":["post-22448","post","type-post","status-publish","format-standard","has-post-thumbnail","hentry","category-portada"],"post_mailing_queue_ids":[],"_links":{"self":[{"href":"https:\/\/serveiseducatius.xtec.cat\/pallars\/wp-json\/wp\/v2\/posts\/22448","targetHints":{"allow":["GET"]}}],"collection":[{"href":"https:\/\/serveiseducatius.xtec.cat\/pallars\/wp-json\/wp\/v2\/posts"}],"about":[{"href":"https:\/\/serveiseducatius.xtec.cat\/pallars\/wp-json\/wp\/v2\/types\/post"}],"author":[{"embeddable":true,"href":"https:\/\/serveiseducatius.xtec.cat\/pallars\/wp-json\/wp\/v2\/users\/1"}],"replies":[{"embeddable":true,"href":"https:\/\/serveiseducatius.xtec.cat\/pallars\/wp-json\/wp\/v2\/comments?post=22448"}],"version-history":[{"count":6,"href":"https:\/\/serveiseducatius.xtec.cat\/pallars\/wp-json\/wp\/v2\/posts\/22448\/revisions"}],"predecessor-version":[{"id":22611,"href":"https:\/\/serveiseducatius.xtec.cat\/pallars\/wp-json\/wp\/v2\/posts\/22448\/revisions\/22611"}],"wp:featuredmedia":[{"embeddable":true,"href":"https:\/\/serveiseducatius.xtec.cat\/pallars\/wp-json\/wp\/v2\/media\/22450"}],"wp:attachment":[{"href":"https:\/\/serveiseducatius.xtec.cat\/pallars\/wp-json\/wp\/v2\/media?parent=22448"}],"wp:term":[{"taxonomy":"category","embeddable":true,"href":"https:\/\/serveiseducatius.xtec.cat\/pallars\/wp-json\/wp\/v2\/categories?post=22448"},{"taxonomy":"post_tag","embeddable":true,"href":"https:\/\/serveiseducatius.xtec.cat\/pallars\/wp-json\/wp\/v2\/tags?post=22448"}],"curies":[{"name":"wp","href":"https:\/\/api.w.org\/{rel}","templated":true}]}}