{"id":22422,"date":"2024-01-07T13:12:10","date_gmt":"2024-01-07T12:12:10","guid":{"rendered":"https:\/\/serveiseducatius.xtec.cat\/pallars\/?p=22422"},"modified":"2024-01-08T15:10:59","modified_gmt":"2024-01-08T14:10:59","slug":"ifest","status":"publish","type":"post","link":"https:\/\/serveiseducatius.xtec.cat\/pallars\/general\/ifest\/","title":{"rendered":"iFest"},"content":{"rendered":"<p><strong><span style=\"font-size: 20px;\"><a href=\"https:\/\/serveiseducatius.xtec.cat\/pallars\/wp-content\/uploads\/usu1099\/2024\/01\/ifest.png\"><img loading=\"lazy\" decoding=\"async\" class=\" wp-image-22424 alignright\" src=\"https:\/\/serveiseducatius.xtec.cat\/pallars\/wp-content\/uploads\/usu1099\/2024\/01\/ifest.png\" alt=\"\" width=\"301\" height=\"297\" \/><\/a><a href=\"https:\/\/ifest.cat\">iFest<\/a><\/span><\/strong> \u00e9s la competici\u00f3 de reptes de la Generalitat de Catalunya, tamb\u00e9\u00a0\u00e9s un programa integrat per un conjunt d&#8217;activitats que tenen com a objectiu traslladar als i les joves la idea que poden fer grans coses per la societat.<\/p>\n<p>Programa adre\u00e7at a professors\/es i alumnat de centres d&#8217;ESO i batxillerat. L&#8217;iFest est\u00e0 basat en la soluci\u00f3 de reptes des d\u2019una perspectiva d\u2019impacte per garantir un m\u00f3n millor. Els reptes naixen de la col\u00b7laboraci\u00f3 d\u2019organitzacions i empreses arrelades a Catalunya amb l\u2019iFest, que aposten pel descobriment de talent jove que vulgui trobar solucions a aquests desafiaments. Comptem amb empreses com: La Mobile World Capital, el S\u00f3nar+D, l\u2019Hospital Vall d\u2019Hebron, l\u2019Hospital maternointantil Sant Joan de D\u00e9u i la Fundaci\u00f3 Catalana per a la Recerca i la Innovaci\u00f3. Podeu consultar els <strong><span style=\"font-size: 20px;\">reptes <a href=\"https:\/\/ifest.cat\/?anchor=reptes-inici\" data-saferedirecturl=\"https:\/\/www.google.com\/url?q=https:\/\/ifest.cat\/?anchor%3Dreptes-inici&amp;source=gmail&amp;ust=1704791088033000&amp;usg=AOvVaw0prlU4vyz1eP9V3W1vXDJY\">aqu\u00ed<\/a><\/span><\/strong>.<\/p>\n<p>L\u2019iFest est\u00e0 obert a la participaci\u00f3 en <strong>dues categories<\/strong>: a joves menors d\u2019edat estudiants a Catalunya de segons cicles d\u2019ESO, Batxillerat,<strong>\u00a0FP<\/strong>\u00a0i universitaris i a<strong>\u00a0joves de 18 a 30 anys<\/strong>, estudiants i\/o persones emprenedores, per garantir la competitivitat entre participants que provenen de\u00a0<strong>diferents etapes formatives<\/strong>\u00a0i adre\u00e7ada tamb\u00e9 als docents que volen actuar com a (<em>shakers<\/em>) i liderar la innovaci\u00f3 als seus respectius centres educatius..<\/p>\n<h4><strong><span style=\"font-size: 20px;\">Inscripcions<\/span><\/strong><\/h4>\n<p>Al mes de mar\u00e7<\/p>\n<h4><a href=\"https:\/\/ifest.cat\"><strong>M\u00e9s informaci\u00f3<\/strong><\/a><\/h4>\n<p>&nbsp;<\/p>\n","protected":false},"excerpt":{"rendered":"<p>Reptes i inscripcions<\/p>\n","protected":false},"author":1,"featured_media":22426,"comment_status":"closed","ping_status":"closed","sticky":false,"template":"","format":"standard","meta":{"_bbp_topic_count":0,"_bbp_reply_count":0,"_bbp_total_topic_count":0,"_bbp_total_reply_count":0,"_bbp_voice_count":0,"_bbp_anonymous_reply_count":0,"_bbp_topic_count_hidden":0,"_bbp_reply_count_hidden":0,"_bbp_forum_subforum_count":0,"site-sidebar-layout":"default","site-content-layout":"","ast-site-content-layout":"","site-content-style":"default","site-sidebar-style":"default","ast-global-header-display":"","ast-banner-title-visibility":"","ast-main-header-display":"","ast-hfb-above-header-display":"","ast-hfb-below-header-display":"","ast-hfb-mobile-header-display":"","site-post-title":"","ast-breadcrumbs-content":"","ast-featured-img":"","footer-sml-layout":"","theme-transparent-header-meta":"","adv-header-id-meta":"","stick-header-meta":"","header-above-stick-meta":"","header-main-stick-meta":"","header-below-stick-meta":"","astra-migrate-meta-layouts":"default","ast-page-background-enabled":"default","ast-page-background-meta":{"desktop":{"background-color":"var(--ast-global-color-4)","background-image":"","background-repeat":"repeat","background-position":"center center","background-size":"auto","background-attachment":"scroll","background-type":"","background-media":"","overlay-type":"","overlay-color":"","overlay-opacity":"","overlay-gradient":""},"tablet":{"background-color":"","background-image":"","background-repeat":"repeat","background-position":"center center","background-size":"auto","background-attachment":"scroll","background-type":"","background-media":"","overlay-type":"","overlay-color":"","overlay-opacity":"","overlay-gradient":""},"mobile":{"background-color":"","background-image":"","background-repeat":"repeat","background-position":"center center","background-size":"auto","background-attachment":"scroll","background-type":"","background-media":"","overlay-type":"","overlay-color":"","overlay-opacity":"","overlay-gradient":""}},"ast-content-background-meta":{"desktop":{"background-color":"var(--ast-global-color-5)","background-image":"","background-repeat":"repeat","background-position":"center center","background-size":"auto","background-attachment":"scroll","background-type":"","background-media":"","overlay-type":"","overlay-color":"","overlay-opacity":"","overlay-gradient":""},"tablet":{"background-color":"var(--ast-global-color-5)","background-image":"","background-repeat":"repeat","background-position":"center center","background-size":"auto","background-attachment":"scroll","background-type":"","background-media":"","overlay-type":"","overlay-color":"","overlay-opacity":"","overlay-gradient":""},"mobile":{"background-color":"var(--ast-global-color-5)","background-image":"","background-repeat":"repeat","background-position":"center center","background-size":"auto","background-attachment":"scroll","background-type":"","background-media":"","overlay-type":"","overlay-color":"","overlay-opacity":"","overlay-gradient":""}},"footnotes":""},"categories":[1,29],"tags":[],"class_list":["post-22422","post","type-post","status-publish","format-standard","has-post-thumbnail","hentry","category-general","category-portada"],"post_mailing_queue_ids":[],"_links":{"self":[{"href":"https:\/\/serveiseducatius.xtec.cat\/pallars\/wp-json\/wp\/v2\/posts\/22422","targetHints":{"allow":["GET"]}}],"collection":[{"href":"https:\/\/serveiseducatius.xtec.cat\/pallars\/wp-json\/wp\/v2\/posts"}],"about":[{"href":"https:\/\/serveiseducatius.xtec.cat\/pallars\/wp-json\/wp\/v2\/types\/post"}],"author":[{"embeddable":true,"href":"https:\/\/serveiseducatius.xtec.cat\/pallars\/wp-json\/wp\/v2\/users\/1"}],"replies":[{"embeddable":true,"href":"https:\/\/serveiseducatius.xtec.cat\/pallars\/wp-json\/wp\/v2\/comments?post=22422"}],"version-history":[{"count":3,"href":"https:\/\/serveiseducatius.xtec.cat\/pallars\/wp-json\/wp\/v2\/posts\/22422\/revisions"}],"predecessor-version":[{"id":22427,"href":"https:\/\/serveiseducatius.xtec.cat\/pallars\/wp-json\/wp\/v2\/posts\/22422\/revisions\/22427"}],"wp:featuredmedia":[{"embeddable":true,"href":"https:\/\/serveiseducatius.xtec.cat\/pallars\/wp-json\/wp\/v2\/media\/22426"}],"wp:attachment":[{"href":"https:\/\/serveiseducatius.xtec.cat\/pallars\/wp-json\/wp\/v2\/media?parent=22422"}],"wp:term":[{"taxonomy":"category","embeddable":true,"href":"https:\/\/serveiseducatius.xtec.cat\/pallars\/wp-json\/wp\/v2\/categories?post=22422"},{"taxonomy":"post_tag","embeddable":true,"href":"https:\/\/serveiseducatius.xtec.cat\/pallars\/wp-json\/wp\/v2\/tags?post=22422"}],"curies":[{"name":"wp","href":"https:\/\/api.w.org\/{rel}","templated":true}]}}