{"id":22378,"date":"2024-01-08T10:11:15","date_gmt":"2024-01-08T09:11:15","guid":{"rendered":"https:\/\/serveiseducatius.xtec.cat\/pallars\/?p=22378"},"modified":"2024-01-08T11:28:22","modified_gmt":"2024-01-08T10:28:22","slug":"iv-concurs-jo-tinc-la-paraula","status":"publish","type":"post","link":"https:\/\/serveiseducatius.xtec.cat\/pallars\/general\/iv-concurs-jo-tinc-la-paraula\/","title":{"rendered":"IV concurs. Jo tinc la paraula"},"content":{"rendered":"<p><a href=\"https:\/\/serveiseducatius.xtec.cat\/pallars\/wp-content\/uploads\/usu1099\/2023\/12\/jo-tinc-la-paraula.png\"><img loading=\"lazy\" decoding=\"async\" class=\" wp-image-22380 alignright\" src=\"https:\/\/serveiseducatius.xtec.cat\/pallars\/wp-content\/uploads\/usu1099\/2023\/12\/jo-tinc-la-paraula.png\" alt=\"\" width=\"553\" height=\"422\" srcset=\"https:\/\/serveiseducatius.xtec.cat\/pallars\/wp-content\/uploads\/usu1099\/2023\/12\/jo-tinc-la-paraula.png 693w, https:\/\/serveiseducatius.xtec.cat\/pallars\/wp-content\/uploads\/usu1099\/2023\/12\/jo-tinc-la-paraula-300x229.png 300w\" sizes=\"auto, (max-width: 553px) 100vw, 553px\" \/><\/a>Ja s\u2019han publicat les bases del\u00a0<a href=\"https:\/\/xtec.gencat.cat\/ca\/centres\/premis-i-concursos\/concurs-jo-tinc-la-paraula\/\" target=\"_blank\" rel=\"noopener\" data-saferedirecturl=\"https:\/\/www.google.com\/url?q=https:\/\/xtec.gencat.cat\/ca\/centres\/premis-i-concursos\/concurs-jo-tinc-la-paraula\/&amp;source=gmail&amp;ust=1702539940338000&amp;usg=AOvVaw3OgaadiqqkQorwF5F1fmRK\"><b>I<\/b><b>V concu<\/b><b>rs \u201cJo tinc la paraula\u201d<\/b><\/a>. El concurs t\u00e9 com a objectiu provocar la reflexi\u00f3 per part de l\u2019alumnat de secund\u00e0ria i batxillerat sobre els components que fan que la comunicaci\u00f3 oral sigui efica\u00e7. Recordeu que, des de fa dos cursos, el concurs compta amb una categoria adre\u00e7ada a\u00a0<b>nous parlants<\/b>. En aquesta nova categoria hi pot participar l\u2019alumnat arribat en el sistema educatiu catal\u00e0 en els \u00faltims 3 anys, amb un\u00a0<b>nivell m\u00ednim A2 (usuari b\u00e0sic)<\/b>, segons l\u2019adaptaci\u00f3 que s\u2019ha fet del\u00a0<a href=\"https:\/\/llengua.gencat.cat\/ca\/serveis\/informacio_i_difusio\/publicacions_en_linia\/classific_temes\/temes_materials_didactics\/marc_europeu_de_referencia_per_a_les_llengues\" target=\"_blank\" rel=\"noopener\" data-saferedirecturl=\"https:\/\/www.google.com\/url?q=https:\/\/llengua.gencat.cat\/ca\/serveis\/informacio_i_difusio\/publicacions_en_linia\/classific_temes\/temes_materials_didactics\/marc_europeu_de_referencia_per_a_les_llengues&amp;source=gmail&amp;ust=1702539940338000&amp;usg=AOvVaw2pdb_pTuEDH1PDo0KM3yLI\"><b><i>Marc com\u00fa de refer\u00e8ncia per a les lleng\u00fces: aprendre, ensenyar, avaluar per a escolars de 8 a 16 anys<\/i><\/b><\/a>.<\/p>\n<p>Per participar-hi, cal enviar un v\u00eddeo de m\u00e0xim 3 minuts en qu\u00e8, a la manera d\u2019un\u00a0<i>youtuber<\/i>, els alumnes expressin i comuniquin les seves opinions i\/o experi\u00e8ncies relacionades amb cinc temes:\u00a0<b>parlar amb flu\u00efdesa, por a parlar amb p\u00fablic, llenguatge no verbal, la conversa i adequaci\u00f3 a la situaci\u00f3 comunicativa.\u00a0<\/b>En les\u00a0<a href=\"https:\/\/xtec.gencat.cat\/web\/.content\/centres\/alscentres\/premis\/concurs-jo-tinc-la-paraula\/2324_Bases-del-concurs-jo-tinc-la-paraula.pdf\" target=\"_blank\" rel=\"noopener\" data-saferedirecturl=\"https:\/\/www.google.com\/url?q=https:\/\/xtec.gencat.cat\/web\/.content\/centres\/alscentres\/premis\/concurs-jo-tinc-la-paraula\/2324_Bases-del-concurs-jo-tinc-la-paraula.pdf&amp;source=gmail&amp;ust=1702539940338000&amp;usg=AOvVaw3jJfifT-nkdDUVrcJi4um4\"><b>bases del concurs<\/b><\/a>\u00a0trobareu suggeriments espec\u00edfics per fomentar la reflexi\u00f3 entre els participants de la categoria nous parlants.<\/p>\n<p>Els treballs s\u2019han de lliurar entre\u00a0<strong>el 9 de gener al 4 de mar\u00e7 de 2024<\/strong><b>.\u00a0En\u00a0<strong><a href=\"https:\/\/projectes.xtec.cat\/acollidasuport\/portada\/premis-de-la-categoria-d-del-concurs-jo-tinc-la-paraula\/\" target=\"_blank\" rel=\"noopener\" data-saferedirecturl=\"https:\/\/www.google.com\/url?q=https:\/\/projectes.xtec.cat\/acollidasuport\/portada\/premis-de-la-categoria-d-del-concurs-jo-tinc-la-paraula\/&amp;source=gmail&amp;ust=1702539940338000&amp;usg=AOvVaw3CClspgS5MA5WPTS0MGYFJ\">aquest enlla\u00e7<\/a><\/strong>\u00a0i en\u00a0<strong><a href=\"https:\/\/projectes.xtec.cat\/acollidasuport\/portada\/premis-de-la-categoria-d-del-concurs-jo-tinc-la-paraula-2\/\" target=\"_blank\" rel=\"noopener\" data-saferedirecturl=\"https:\/\/www.google.com\/url?q=https:\/\/projectes.xtec.cat\/acollidasuport\/portada\/premis-de-la-categoria-d-del-concurs-jo-tinc-la-paraula-2\/&amp;source=gmail&amp;ust=1702539940338000&amp;usg=AOvVaw32Zv9AGIO7Qm4W0y4VlGCx\">aquest altre<\/a><\/strong>\u00a0podreu veure els v\u00eddeos guanyadors de la categoria nous parlants del curs 2021-2022 i 2022-2023, respectivament.<\/b><\/p>\n<p>Amb l\u2019etiqueta #<b>jotinclaparaula<\/b> podeu veure les propostes dels centres participants en les xarxes.<\/p>\n<p>Infografies<\/p>\n<p>&nbsp;<\/p>\n","protected":false},"excerpt":{"rendered":"<p>Lliurament de treballs entre el 9 de gener al 4 de mar\u00e7 de 2024<\/p>\n","protected":false},"author":1,"featured_media":22380,"comment_status":"closed","ping_status":"closed","sticky":false,"template":"","format":"standard","meta":{"_bbp_topic_count":0,"_bbp_reply_count":0,"_bbp_total_topic_count":0,"_bbp_total_reply_count":0,"_bbp_voice_count":0,"_bbp_anonymous_reply_count":0,"_bbp_topic_count_hidden":0,"_bbp_reply_count_hidden":0,"_bbp_forum_subforum_count":0,"site-sidebar-layout":"default","site-content-layout":"","ast-site-content-layout":"","site-content-style":"default","site-sidebar-style":"default","ast-global-header-display":"","ast-banner-title-visibility":"","ast-main-header-display":"","ast-hfb-above-header-display":"","ast-hfb-below-header-display":"","ast-hfb-mobile-header-display":"","site-post-title":"","ast-breadcrumbs-content":"","ast-featured-img":"","footer-sml-layout":"","theme-transparent-header-meta":"","adv-header-id-meta":"","stick-header-meta":"","header-above-stick-meta":"","header-main-stick-meta":"","header-below-stick-meta":"","astra-migrate-meta-layouts":"default","ast-page-background-enabled":"default","ast-page-background-meta":{"desktop":{"background-color":"var(--ast-global-color-4)","background-image":"","background-repeat":"repeat","background-position":"center center","background-size":"auto","background-attachment":"scroll","background-type":"","background-media":"","overlay-type":"","overlay-color":"","overlay-opacity":"","overlay-gradient":""},"tablet":{"background-color":"","background-image":"","background-repeat":"repeat","background-position":"center center","background-size":"auto","background-attachment":"scroll","background-type":"","background-media":"","overlay-type":"","overlay-color":"","overlay-opacity":"","overlay-gradient":""},"mobile":{"background-color":"","background-image":"","background-repeat":"repeat","background-position":"center center","background-size":"auto","background-attachment":"scroll","background-type":"","background-media":"","overlay-type":"","overlay-color":"","overlay-opacity":"","overlay-gradient":""}},"ast-content-background-meta":{"desktop":{"background-color":"var(--ast-global-color-5)","background-image":"","background-repeat":"repeat","background-position":"center center","background-size":"auto","background-attachment":"scroll","background-type":"","background-media":"","overlay-type":"","overlay-color":"","overlay-opacity":"","overlay-gradient":""},"tablet":{"background-color":"var(--ast-global-color-5)","background-image":"","background-repeat":"repeat","background-position":"center center","background-size":"auto","background-attachment":"scroll","background-type":"","background-media":"","overlay-type":"","overlay-color":"","overlay-opacity":"","overlay-gradient":""},"mobile":{"background-color":"var(--ast-global-color-5)","background-image":"","background-repeat":"repeat","background-position":"center center","background-size":"auto","background-attachment":"scroll","background-type":"","background-media":"","overlay-type":"","overlay-color":"","overlay-opacity":"","overlay-gradient":""}},"footnotes":""},"categories":[1,29],"tags":[],"class_list":["post-22378","post","type-post","status-publish","format-standard","has-post-thumbnail","hentry","category-general","category-portada"],"post_mailing_queue_ids":[],"_links":{"self":[{"href":"https:\/\/serveiseducatius.xtec.cat\/pallars\/wp-json\/wp\/v2\/posts\/22378","targetHints":{"allow":["GET"]}}],"collection":[{"href":"https:\/\/serveiseducatius.xtec.cat\/pallars\/wp-json\/wp\/v2\/posts"}],"about":[{"href":"https:\/\/serveiseducatius.xtec.cat\/pallars\/wp-json\/wp\/v2\/types\/post"}],"author":[{"embeddable":true,"href":"https:\/\/serveiseducatius.xtec.cat\/pallars\/wp-json\/wp\/v2\/users\/1"}],"replies":[{"embeddable":true,"href":"https:\/\/serveiseducatius.xtec.cat\/pallars\/wp-json\/wp\/v2\/comments?post=22378"}],"version-history":[{"count":3,"href":"https:\/\/serveiseducatius.xtec.cat\/pallars\/wp-json\/wp\/v2\/posts\/22378\/revisions"}],"predecessor-version":[{"id":22404,"href":"https:\/\/serveiseducatius.xtec.cat\/pallars\/wp-json\/wp\/v2\/posts\/22378\/revisions\/22404"}],"wp:featuredmedia":[{"embeddable":true,"href":"https:\/\/serveiseducatius.xtec.cat\/pallars\/wp-json\/wp\/v2\/media\/22380"}],"wp:attachment":[{"href":"https:\/\/serveiseducatius.xtec.cat\/pallars\/wp-json\/wp\/v2\/media?parent=22378"}],"wp:term":[{"taxonomy":"category","embeddable":true,"href":"https:\/\/serveiseducatius.xtec.cat\/pallars\/wp-json\/wp\/v2\/categories?post=22378"},{"taxonomy":"post_tag","embeddable":true,"href":"https:\/\/serveiseducatius.xtec.cat\/pallars\/wp-json\/wp\/v2\/tags?post=22378"}],"curies":[{"name":"wp","href":"https:\/\/api.w.org\/{rel}","templated":true}]}}