{"id":22217,"date":"2023-11-17T11:53:11","date_gmt":"2023-11-17T10:53:11","guid":{"rendered":"https:\/\/serveiseducatius.xtec.cat\/pallars\/?p=22217"},"modified":"2023-11-17T11:53:37","modified_gmt":"2023-11-17T10:53:37","slug":"abpxods","status":"publish","type":"post","link":"https:\/\/serveiseducatius.xtec.cat\/pallars\/general\/abpxods\/","title":{"rendered":"ABPxODS"},"content":{"rendered":"<p><a href=\"https:\/\/serveiseducatius.xtec.cat\/pallars\/wp-content\/uploads\/usu1099\/2023\/11\/abpxods.png\"><img loading=\"lazy\" decoding=\"async\" class=\"wp-image-22218 aligncenter\" src=\"https:\/\/serveiseducatius.xtec.cat\/pallars\/wp-content\/uploads\/usu1099\/2023\/11\/abpxods.png\" alt=\"\" width=\"660\" height=\"225\" srcset=\"https:\/\/serveiseducatius.xtec.cat\/pallars\/wp-content\/uploads\/usu1099\/2023\/11\/abpxods.png 1320w, https:\/\/serveiseducatius.xtec.cat\/pallars\/wp-content\/uploads\/usu1099\/2023\/11\/abpxods-300x102.png 300w, https:\/\/serveiseducatius.xtec.cat\/pallars\/wp-content\/uploads\/usu1099\/2023\/11\/abpxods-1024x349.png 1024w, https:\/\/serveiseducatius.xtec.cat\/pallars\/wp-content\/uploads\/usu1099\/2023\/11\/abpxods-768x262.png 768w\" sizes=\"auto, (max-width: 660px) 100vw, 660px\" \/><\/a><\/p>\n<p><em>Sou un centre interessat a treballar per projectes basats en els ODS? T\u2019agradaria obtenir el B2 de la Compet\u00e8ncia Digital Docent?<\/em> El projecte de Desenvolupament de la compet\u00e8ncia digital a trav\u00e9s dels projectes orientats a la sostenibilitat. Es tracta d\u2019un projecte d&#8217;acompanyament per a la realitzaci\u00f3 de projectes (ABP) orientats al desenvolupament de compet\u00e8ncies per a la sostenibilitat, aprofitant la\u00a0<a href=\"https:\/\/catesco.org\/2023\/01\/13\/guia-abpxods-disseny-de-projectes-per-desenvolupar-les-competencies-clau-per-a-la-sostenibilitat\/\" target=\"_blank\" rel=\"noopener\" data-saferedirecturl=\"https:\/\/www.google.com\/url?q=https:\/\/catesco.org\/2023\/01\/13\/guia-abpxods-disseny-de-projectes-per-desenvolupar-les-competencies-clau-per-a-la-sostenibilitat\/&amp;source=gmail&amp;ust=1700302216491000&amp;usg=AOvVaw0PCFeGYwZ-z5ydE4a5klMF\">Guia ABPxODS: disseny de projectes per al desenvolupament de les compet\u00e8ncies per a la sostenibilitat<\/a>\u00a0i la plataforma\u00a0<a href=\"http:\/\/educarpertransformar.cat\/\" target=\"_blank\" rel=\"noopener\" data-saferedirecturl=\"https:\/\/www.google.com\/url?q=http:\/\/educarpertransformar.cat\/&amp;source=gmail&amp;ust=1700302216491000&amp;usg=AOvVaw1n35akMfKrLw-IL5iNuer3\">educarpertransformar.cat\u00a0<\/a>i formaci\u00f3 equivalent al B2 de la Compet\u00e8ncia Digital Docent.<\/p>\n<p>La jornada de llan\u00e7ament del projecte ser\u00e0 el<a><strong> divendres 1 de desembre de 17\u202fh a 20\u202fh al Hub Social <\/strong><\/a><strong>(<a href=\"https:\/\/goo.gl\/maps\/1A3EaYC4qX58EWwN6\" target=\"_blank\" rel=\"noopener\" data-saferedirecturl=\"https:\/\/www.google.com\/url?q=https:\/\/goo.gl\/maps\/1A3EaYC4qX58EWwN6&amp;source=gmail&amp;ust=1700302216491000&amp;usg=AOvVaw1GYsNYtijcpYszUXw-ZwMA\">C\/Girona, 34-Barcelona<\/a>),\u00a0<\/strong>una sessi\u00f3 en la qual coneixerem la Guia ABPxODS i comen\u00e7arem a treballar en la co-creaci\u00f3 de prototips per al desenvolupament de la plataforma.<\/p>\n<p>Per a m\u00e9s informaci\u00f3 i inscripcions podeu entrar a la p\u00e0gina web de Catesco: <strong><span style=\"font-size: 20px;\"><a href=\"https:\/\/catesco.org\/portfolio-items\/abpxodsparticipa\/?portfolioCats=23\">Enlla\u00e7<\/a><\/span><\/strong><\/p>\n<p><strong>Equip coordinador ABPxODS<\/strong><\/p>\n<p><a href=\"https:\/\/serveiseducatius.xtec.cat\/pallars\/wp-content\/uploads\/usu1099\/2023\/11\/abp.jpg\"><img loading=\"lazy\" decoding=\"async\" class=\"alignleft wp-image-22221\" src=\"https:\/\/serveiseducatius.xtec.cat\/pallars\/wp-content\/uploads\/usu1099\/2023\/11\/abp.jpg\" alt=\"\" width=\"680\" height=\"159\" srcset=\"https:\/\/serveiseducatius.xtec.cat\/pallars\/wp-content\/uploads\/usu1099\/2023\/11\/abp.jpg 813w, https:\/\/serveiseducatius.xtec.cat\/pallars\/wp-content\/uploads\/usu1099\/2023\/11\/abp-300x70.jpg 300w, https:\/\/serveiseducatius.xtec.cat\/pallars\/wp-content\/uploads\/usu1099\/2023\/11\/abp-768x179.jpg 768w\" sizes=\"auto, (max-width: 680px) 100vw, 680px\" \/><\/a><\/p>\n","protected":false},"excerpt":{"rendered":"<p>Desenvolupament de la compet\u00e8ncia digital a trav\u00e9s dels projectes orientats a la sostenibilitat<\/p>\n","protected":false},"author":1,"featured_media":22218,"comment_status":"closed","ping_status":"closed","sticky":false,"template":"","format":"standard","meta":{"_bbp_topic_count":0,"_bbp_reply_count":0,"_bbp_total_topic_count":0,"_bbp_total_reply_count":0,"_bbp_voice_count":0,"_bbp_anonymous_reply_count":0,"_bbp_topic_count_hidden":0,"_bbp_reply_count_hidden":0,"_bbp_forum_subforum_count":0,"site-sidebar-layout":"default","site-content-layout":"","ast-site-content-layout":"","site-content-style":"default","site-sidebar-style":"default","ast-global-header-display":"","ast-banner-title-visibility":"","ast-main-header-display":"","ast-hfb-above-header-display":"","ast-hfb-below-header-display":"","ast-hfb-mobile-header-display":"","site-post-title":"","ast-breadcrumbs-content":"","ast-featured-img":"","footer-sml-layout":"","theme-transparent-header-meta":"","adv-header-id-meta":"","stick-header-meta":"","header-above-stick-meta":"","header-main-stick-meta":"","header-below-stick-meta":"","astra-migrate-meta-layouts":"default","ast-page-background-enabled":"default","ast-page-background-meta":{"desktop":{"background-color":"var(--ast-global-color-4)","background-image":"","background-repeat":"repeat","background-position":"center center","background-size":"auto","background-attachment":"scroll","background-type":"","background-media":"","overlay-type":"","overlay-color":"","overlay-opacity":"","overlay-gradient":""},"tablet":{"background-color":"","background-image":"","background-repeat":"repeat","background-position":"center center","background-size":"auto","background-attachment":"scroll","background-type":"","background-media":"","overlay-type":"","overlay-color":"","overlay-opacity":"","overlay-gradient":""},"mobile":{"background-color":"","background-image":"","background-repeat":"repeat","background-position":"center center","background-size":"auto","background-attachment":"scroll","background-type":"","background-media":"","overlay-type":"","overlay-color":"","overlay-opacity":"","overlay-gradient":""}},"ast-content-background-meta":{"desktop":{"background-color":"var(--ast-global-color-5)","background-image":"","background-repeat":"repeat","background-position":"center center","background-size":"auto","background-attachment":"scroll","background-type":"","background-media":"","overlay-type":"","overlay-color":"","overlay-opacity":"","overlay-gradient":""},"tablet":{"background-color":"var(--ast-global-color-5)","background-image":"","background-repeat":"repeat","background-position":"center center","background-size":"auto","background-attachment":"scroll","background-type":"","background-media":"","overlay-type":"","overlay-color":"","overlay-opacity":"","overlay-gradient":""},"mobile":{"background-color":"var(--ast-global-color-5)","background-image":"","background-repeat":"repeat","background-position":"center center","background-size":"auto","background-attachment":"scroll","background-type":"","background-media":"","overlay-type":"","overlay-color":"","overlay-opacity":"","overlay-gradient":""}},"footnotes":""},"categories":[1,29],"tags":[],"class_list":["post-22217","post","type-post","status-publish","format-standard","has-post-thumbnail","hentry","category-general","category-portada"],"post_mailing_queue_ids":[],"_links":{"self":[{"href":"https:\/\/serveiseducatius.xtec.cat\/pallars\/wp-json\/wp\/v2\/posts\/22217","targetHints":{"allow":["GET"]}}],"collection":[{"href":"https:\/\/serveiseducatius.xtec.cat\/pallars\/wp-json\/wp\/v2\/posts"}],"about":[{"href":"https:\/\/serveiseducatius.xtec.cat\/pallars\/wp-json\/wp\/v2\/types\/post"}],"author":[{"embeddable":true,"href":"https:\/\/serveiseducatius.xtec.cat\/pallars\/wp-json\/wp\/v2\/users\/1"}],"replies":[{"embeddable":true,"href":"https:\/\/serveiseducatius.xtec.cat\/pallars\/wp-json\/wp\/v2\/comments?post=22217"}],"version-history":[{"count":3,"href":"https:\/\/serveiseducatius.xtec.cat\/pallars\/wp-json\/wp\/v2\/posts\/22217\/revisions"}],"predecessor-version":[{"id":22222,"href":"https:\/\/serveiseducatius.xtec.cat\/pallars\/wp-json\/wp\/v2\/posts\/22217\/revisions\/22222"}],"wp:featuredmedia":[{"embeddable":true,"href":"https:\/\/serveiseducatius.xtec.cat\/pallars\/wp-json\/wp\/v2\/media\/22218"}],"wp:attachment":[{"href":"https:\/\/serveiseducatius.xtec.cat\/pallars\/wp-json\/wp\/v2\/media?parent=22217"}],"wp:term":[{"taxonomy":"category","embeddable":true,"href":"https:\/\/serveiseducatius.xtec.cat\/pallars\/wp-json\/wp\/v2\/categories?post=22217"},{"taxonomy":"post_tag","embeddable":true,"href":"https:\/\/serveiseducatius.xtec.cat\/pallars\/wp-json\/wp\/v2\/tags?post=22217"}],"curies":[{"name":"wp","href":"https:\/\/api.w.org\/{rel}","templated":true}]}}