{"id":22188,"date":"2023-11-13T17:02:57","date_gmt":"2023-11-13T16:02:57","guid":{"rendered":"https:\/\/serveiseducatius.xtec.cat\/pallars\/?p=22188"},"modified":"2023-11-13T17:02:57","modified_gmt":"2023-11-13T16:02:57","slug":"v-jornada-acudam-de-discapacitat-en-linia","status":"publish","type":"post","link":"https:\/\/serveiseducatius.xtec.cat\/pallars\/general\/v-jornada-acudam-de-discapacitat-en-linia\/","title":{"rendered":"V Jornada Acudam de #disCAPACITAT. En l\u00ednia"},"content":{"rendered":"<p><a href=\"https:\/\/serveiseducatius.xtec.cat\/pallars\/wp-content\/uploads\/usu1099\/2023\/11\/cartell-jonada-acudam.jpg\"><img loading=\"lazy\" decoding=\"async\" class=\"wp-image-22189 alignright\" src=\"https:\/\/serveiseducatius.xtec.cat\/pallars\/wp-content\/uploads\/usu1099\/2023\/11\/cartell-jonada-acudam.jpg\" alt=\"\" width=\"540\" height=\"763\" srcset=\"https:\/\/serveiseducatius.xtec.cat\/pallars\/wp-content\/uploads\/usu1099\/2023\/11\/cartell-jonada-acudam.jpg 1754w, https:\/\/serveiseducatius.xtec.cat\/pallars\/wp-content\/uploads\/usu1099\/2023\/11\/cartell-jonada-acudam-212x300.jpg 212w, https:\/\/serveiseducatius.xtec.cat\/pallars\/wp-content\/uploads\/usu1099\/2023\/11\/cartell-jonada-acudam-724x1024.jpg 724w, https:\/\/serveiseducatius.xtec.cat\/pallars\/wp-content\/uploads\/usu1099\/2023\/11\/cartell-jonada-acudam-768x1086.jpg 768w, https:\/\/serveiseducatius.xtec.cat\/pallars\/wp-content\/uploads\/usu1099\/2023\/11\/cartell-jonada-acudam-1086x1536.jpg 1086w, https:\/\/serveiseducatius.xtec.cat\/pallars\/wp-content\/uploads\/usu1099\/2023\/11\/cartell-jonada-acudam-1448x2048.jpg 1448w\" sizes=\"auto, (max-width: 540px) 100vw, 540px\" \/><\/a>Tot i els aven\u00e7os assolits els darrers anys pel que fa a la igualtat de drets i d\u2019oportunitats de les persones, cal continuar desenvolupant accions que tinguin per finalitat donar a con\u00e8ixer i visibilitzar les seves realitats i capacitats. Implementant actuacions que ajudin a\u00a0<strong>trencar els prejudicis encara existents que de forma directa dificulten la inclusi\u00f3 real de les persones amb disCAPACITAT en la societat.<\/strong><u><\/u><u><\/u><\/p>\n<p>ACUDAM vol ajudar a contribuir amb aquest objectiu mitjan\u00e7ant les jornades que porten per t\u00edtol el nom de la seva organitzaci\u00f3. Per aix\u00f2 el proper dia <strong>24 de novembre de 2023<\/strong>, <strong>el Teatre L\u2019Amistat de Mollerussa <\/strong>es convertir\u00e0 en un plat\u00f3 divulgatiu des d\u2019on es retransmetr\u00e0 a tot l\u2019alumnat de Catalunya<strong>.<\/strong> Hi participaran tres ponents influents que exposaran les seves traject\u00f2ries de vida personals i professionals generant coneixement, reflexi\u00f3, debat i aportant diferents visions sobre la igualtat d\u2019oportunitats de les persones amb disCAPACITAT.\u00a0<u><\/u><\/p>\n<p><span style=\"font-size: 20px;\">Jornada en format taula rodona <strong>en streaming<\/strong><\/span>.<\/p>\n<h4>Dia<\/h4>\n<p>24 de novembre de 2023<\/p>\n<h4>Dirigit a<\/h4>\n<p>Alumnat d&#8217;ESO, Batxillerat, cicles formatius i Universitaris<\/p>\n<h4>Horari<\/h4>\n<p>10 a 11:30 h<\/p>\n<h4>Format<\/h4>\n<p>En l\u00ednia<\/p>\n<h4>Inscripcions<\/h4>\n<p><a href=\"https:\/\/www.acudam.org\/formulari-incripcio-centres-educatius-i-formatius\/\">Enlla\u00e7 a la inscripci\u00f3<\/a> fins al 21 de novembre de 2023<\/p>\n<p><strong>El p\u00fablic podr\u00e0 realitzar preguntes als ponents mitjan\u00e7ant<\/strong><a href=\"https:\/\/5o7q4.r.a.d.sendibm1.com\/mk\/cl\/f\/sh\/6rqJfgq8dIPRQZzAYWAnEgxdtbf\/RyN_a-02dXKV\" target=\"_blank\" rel=\"noopener\" data-saferedirecturl=\"https:\/\/www.google.com\/url?q=https:\/\/5o7q4.r.a.d.sendibm1.com\/mk\/cl\/f\/sh\/6rqJfgq8dIPRQZzAYWAnEgxdtbf\/RyN_a-02dXKV&amp;source=gmail&amp;ust=1699971469629000&amp;usg=AOvVaw0TsOtkh36Tr6Zy5uV4w4BO\"><strong> AQUEST FORMULARI WEB<\/strong><\/a> (es poden enviar les preguntes abans i durant la jornada) o ve tamb\u00e9 es podran realitzar el dia de la jornada mitjan\u00e7ant les diferents xarxes socials de l&#8217;ACUDAM\u00a0(missatge privat) #acudamjornada23<\/p>\n<h4><a href=\"https:\/\/www.acudam.org\/v_jornada\/\">M\u00e9s informaci\u00f3<\/a><\/h4>\n","protected":false},"excerpt":{"rendered":"<p>24 de novembre de 2024<\/p>\n","protected":false},"author":1,"featured_media":22191,"comment_status":"closed","ping_status":"closed","sticky":false,"template":"","format":"standard","meta":{"_bbp_topic_count":0,"_bbp_reply_count":0,"_bbp_total_topic_count":0,"_bbp_total_reply_count":0,"_bbp_voice_count":0,"_bbp_anonymous_reply_count":0,"_bbp_topic_count_hidden":0,"_bbp_reply_count_hidden":0,"_bbp_forum_subforum_count":0,"site-sidebar-layout":"default","site-content-layout":"","ast-site-content-layout":"","site-content-style":"default","site-sidebar-style":"default","ast-global-header-display":"","ast-banner-title-visibility":"","ast-main-header-display":"","ast-hfb-above-header-display":"","ast-hfb-below-header-display":"","ast-hfb-mobile-header-display":"","site-post-title":"","ast-breadcrumbs-content":"","ast-featured-img":"","footer-sml-layout":"","theme-transparent-header-meta":"","adv-header-id-meta":"","stick-header-meta":"","header-above-stick-meta":"","header-main-stick-meta":"","header-below-stick-meta":"","astra-migrate-meta-layouts":"default","ast-page-background-enabled":"default","ast-page-background-meta":{"desktop":{"background-color":"var(--ast-global-color-4)","background-image":"","background-repeat":"repeat","background-position":"center center","background-size":"auto","background-attachment":"scroll","background-type":"","background-media":"","overlay-type":"","overlay-color":"","overlay-opacity":"","overlay-gradient":""},"tablet":{"background-color":"","background-image":"","background-repeat":"repeat","background-position":"center center","background-size":"auto","background-attachment":"scroll","background-type":"","background-media":"","overlay-type":"","overlay-color":"","overlay-opacity":"","overlay-gradient":""},"mobile":{"background-color":"","background-image":"","background-repeat":"repeat","background-position":"center center","background-size":"auto","background-attachment":"scroll","background-type":"","background-media":"","overlay-type":"","overlay-color":"","overlay-opacity":"","overlay-gradient":""}},"ast-content-background-meta":{"desktop":{"background-color":"var(--ast-global-color-5)","background-image":"","background-repeat":"repeat","background-position":"center center","background-size":"auto","background-attachment":"scroll","background-type":"","background-media":"","overlay-type":"","overlay-color":"","overlay-opacity":"","overlay-gradient":""},"tablet":{"background-color":"var(--ast-global-color-5)","background-image":"","background-repeat":"repeat","background-position":"center center","background-size":"auto","background-attachment":"scroll","background-type":"","background-media":"","overlay-type":"","overlay-color":"","overlay-opacity":"","overlay-gradient":""},"mobile":{"background-color":"var(--ast-global-color-5)","background-image":"","background-repeat":"repeat","background-position":"center center","background-size":"auto","background-attachment":"scroll","background-type":"","background-media":"","overlay-type":"","overlay-color":"","overlay-opacity":"","overlay-gradient":""}},"footnotes":""},"categories":[1,29],"tags":[],"class_list":["post-22188","post","type-post","status-publish","format-standard","has-post-thumbnail","hentry","category-general","category-portada"],"post_mailing_queue_ids":[],"_links":{"self":[{"href":"https:\/\/serveiseducatius.xtec.cat\/pallars\/wp-json\/wp\/v2\/posts\/22188","targetHints":{"allow":["GET"]}}],"collection":[{"href":"https:\/\/serveiseducatius.xtec.cat\/pallars\/wp-json\/wp\/v2\/posts"}],"about":[{"href":"https:\/\/serveiseducatius.xtec.cat\/pallars\/wp-json\/wp\/v2\/types\/post"}],"author":[{"embeddable":true,"href":"https:\/\/serveiseducatius.xtec.cat\/pallars\/wp-json\/wp\/v2\/users\/1"}],"replies":[{"embeddable":true,"href":"https:\/\/serveiseducatius.xtec.cat\/pallars\/wp-json\/wp\/v2\/comments?post=22188"}],"version-history":[{"count":2,"href":"https:\/\/serveiseducatius.xtec.cat\/pallars\/wp-json\/wp\/v2\/posts\/22188\/revisions"}],"predecessor-version":[{"id":22192,"href":"https:\/\/serveiseducatius.xtec.cat\/pallars\/wp-json\/wp\/v2\/posts\/22188\/revisions\/22192"}],"wp:featuredmedia":[{"embeddable":true,"href":"https:\/\/serveiseducatius.xtec.cat\/pallars\/wp-json\/wp\/v2\/media\/22191"}],"wp:attachment":[{"href":"https:\/\/serveiseducatius.xtec.cat\/pallars\/wp-json\/wp\/v2\/media?parent=22188"}],"wp:term":[{"taxonomy":"category","embeddable":true,"href":"https:\/\/serveiseducatius.xtec.cat\/pallars\/wp-json\/wp\/v2\/categories?post=22188"},{"taxonomy":"post_tag","embeddable":true,"href":"https:\/\/serveiseducatius.xtec.cat\/pallars\/wp-json\/wp\/v2\/tags?post=22188"}],"curies":[{"name":"wp","href":"https:\/\/api.w.org\/{rel}","templated":true}]}}