{"id":21797,"date":"2023-10-04T14:47:50","date_gmt":"2023-10-04T12:47:50","guid":{"rendered":"https:\/\/serveiseducatius.xtec.cat\/pallars\/?p=21797"},"modified":"2023-10-06T10:36:31","modified_gmt":"2023-10-06T08:36:31","slug":"dia-de-la-salut-mental-als-centres-educatius-2","status":"publish","type":"post","link":"https:\/\/serveiseducatius.xtec.cat\/pallars\/general\/dia-de-la-salut-mental-als-centres-educatius-2\/","title":{"rendered":"Dia de la Salut Mental als centres educatius"},"content":{"rendered":"<p><a href=\"https:\/\/serveiseducatius.xtec.cat\/pallars\/wp-content\/uploads\/usu1099\/2023\/09\/klipartz.com-2023-09-20T092303.057.png\"><img loading=\"lazy\" decoding=\"async\" class=\"wp-image-21800 alignright\" src=\"https:\/\/serveiseducatius.xtec.cat\/pallars\/wp-content\/uploads\/usu1099\/2023\/09\/klipartz.com-2023-09-20T092303.057.png\" alt=\"\" width=\"325\" height=\"257\" srcset=\"https:\/\/serveiseducatius.xtec.cat\/pallars\/wp-content\/uploads\/usu1099\/2023\/09\/klipartz.com-2023-09-20T092303.057.png 834w, https:\/\/serveiseducatius.xtec.cat\/pallars\/wp-content\/uploads\/usu1099\/2023\/09\/klipartz.com-2023-09-20T092303.057-300x237.png 300w, https:\/\/serveiseducatius.xtec.cat\/pallars\/wp-content\/uploads\/usu1099\/2023\/09\/klipartz.com-2023-09-20T092303.057-768x608.png 768w\" sizes=\"auto, (max-width: 325px) 100vw, 325px\" \/><\/a>El dia <span style=\"font-size: 20px;\"><strong>10 d&#8217;octubre \u00e9s el Dia Mundial de la Salut Mental<\/strong><\/span>, des de la Taula de Salut Mental del Pallars Juss\u00e0 fan una <strong>proposa per treballar per aquest dia<\/strong> als centres educatiu.<\/p>\n<p>L&#8217;\u00e0mbit educatiu \u00e9s un espai dels m\u00e9s importants en la construcci\u00f3 de la nostra societat i, per tant, essencial incidir en aquest entorn aportant experi\u00e8ncies educatives amb una visi\u00f3 de la salut mental lliure d&#8217;estigmes.<\/p>\n<h3>Objectius de la proposta<\/h3>\n<ul>\n<li>Sensibilitzar els i les adolescents sobre les problem\u00e0tiques de salut mental i promoure que parlin de les seves emocions.<\/li>\n<li>Fer caure els falsos mites associats als trastorns mentals i combatre els<br \/>\nprejudicis i l\u2019estigmatitzaci\u00f3 que pateixen les persones afectades.<\/li>\n<li>Entendre que totes les persones podem patir una problem\u00e0tica de Salut<br \/>\nMental i que s\u2019etiqueta all\u00f2 que es desconeix.<\/li>\n<li>Crear un espai de debat i d\u2019escolta a partir i al voltant de les experi\u00e8ncies dels activistes en primera persona.<\/li>\n<\/ul>\n<h3>Descripci\u00f3 de les activitats<\/h3>\n<ul>\n<li>Visionament d&#8217;un v\u00eddeo curt (recomanat a primera hora)<\/li>\n<\/ul>\n<h5>PRIM\u00c0RIA<\/h5>\n<table style=\"width: 34.3279%; border-collapse: collapse; border-color: #fcfcfc;\">\n<tbody>\n<tr>\n<td style=\"width: 7.71144%; border-style: none;\"><img loading=\"lazy\" decoding=\"async\" class=\"alignleft wp-image-21835\" src=\"https:\/\/serveiseducatius.xtec.cat\/pallars\/wp-content\/uploads\/usu1099\/2023\/09\/visionat.png\" alt=\"\" width=\"58\" height=\"58\" srcset=\"https:\/\/serveiseducatius.xtec.cat\/pallars\/wp-content\/uploads\/usu1099\/2023\/09\/visionat.png 512w, https:\/\/serveiseducatius.xtec.cat\/pallars\/wp-content\/uploads\/usu1099\/2023\/09\/visionat-300x300.png 300w, https:\/\/serveiseducatius.xtec.cat\/pallars\/wp-content\/uploads\/usu1099\/2023\/09\/visionat-150x150.png 150w\" sizes=\"auto, (max-width: 58px) 100vw, 58px\" \/><\/td>\n<td style=\"width: 26.617%; border-style: none;\">\n<ul>\n<li><strong><a href=\"https:\/\/www.ccma.cat\/tv3\/super3\/infok\/que-es-la-salut-mental\/video\/6134897\/\">Qu\u00e8 \u00e9s la Salut Mental?<\/a>, <\/strong>del Infok\/S\u00faper3.<\/li>\n<li><strong><a href=\"https:\/\/www.youtube.com\/watch?v=VSXvI13vJiQ&amp;t=6s\">D\u2019on venen les emocions<\/a><\/strong><\/li>\n<\/ul>\n<\/td>\n<\/tr>\n<\/tbody>\n<\/table>\n<ul>\n<li style=\"list-style-type: none;\">\n<ul>\n<li style=\"list-style-type: none;\"><\/li>\n<\/ul>\n<\/li>\n<\/ul>\n<h5>ESO I BATXILLERAT<\/h5>\n<table style=\"height: 123px; width: 93.6146%; border-collapse: collapse; border-style: none;\">\n<tbody>\n<tr style=\"height: 123px;\">\n<td style=\"width: 6.46766%; border-color: #ffffff; border-style: none; background-color: #ffffff; height: 123px;\"><img loading=\"lazy\" decoding=\"async\" class=\"wp-image-21835 aligncenter\" src=\"https:\/\/serveiseducatius.xtec.cat\/pallars\/wp-content\/uploads\/usu1099\/2023\/09\/visionat.png\" alt=\"\" width=\"67\" height=\"67\" srcset=\"https:\/\/serveiseducatius.xtec.cat\/pallars\/wp-content\/uploads\/usu1099\/2023\/09\/visionat.png 512w, https:\/\/serveiseducatius.xtec.cat\/pallars\/wp-content\/uploads\/usu1099\/2023\/09\/visionat-300x300.png 300w, https:\/\/serveiseducatius.xtec.cat\/pallars\/wp-content\/uploads\/usu1099\/2023\/09\/visionat-150x150.png 150w\" sizes=\"auto, (max-width: 67px) 100vw, 67px\" \/><\/td>\n<td style=\"width: 87.1476%; border-style: none; border-color: #fcfcfc; height: 123px;\">\n<ul>\n<li><a href=\"https:\/\/www.youtube.com\/watch?v=TMC7uFvJtyg\"><strong>Saber que se puede. Adolescentes<\/strong>.<\/a> (9 min). Sobre la depressi\u00f3, la por, el frac\u00e0s, les drogues\u2026. Adolescents que parlen d\u2019aquests temes.<\/li>\n<li><a href=\"https:\/\/www.youtube.com\/watch?v=UjnfEitqpaQ&amp;list=PLRhYD-VOacL3vmf71HWDUyG-GTmmBtRar\"><strong>Yo cambio todo.<\/strong><\/a> Diferents hist\u00f2ries curtes d\u2019adolescents que parlen de les seves problem\u00e0tiques de salut mental (TCA, addicci\u00f3, depressi\u00f3\u2026):<\/li>\n<li><a href=\"https:\/\/vimeo.com\/743472303\"><strong>Diluvio<\/strong><\/a> de l&#8217;exalumna de l\u2019INS Tremp i del Col. Ma. Immaculada Gaia Iglesias Moreno sobre el Trastorn L\u00edmit de la Personalitat amb text de la seva germana Lluna Iglesias Moreno.(A partir de 3r d&#8217;ESO).<\/li>\n<\/ul>\n<\/td>\n<\/tr>\n<\/tbody>\n<\/table>\n<table style=\"width: 93.9467%; border-collapse: collapse; border-style: none;\">\n<tbody>\n<tr>\n<td style=\"width: 6.46766%; border-style: none;\"><a href=\"https:\/\/serveiseducatius.xtec.cat\/pallars\/wp-content\/uploads\/usu1099\/2023\/09\/taller.png\"><img loading=\"lazy\" decoding=\"async\" class=\"alignleft size-full wp-image-21839\" src=\"https:\/\/serveiseducatius.xtec.cat\/pallars\/wp-content\/uploads\/usu1099\/2023\/09\/taller.png\" alt=\"\" width=\"1000\" height=\"1000\" srcset=\"https:\/\/serveiseducatius.xtec.cat\/pallars\/wp-content\/uploads\/usu1099\/2023\/09\/taller.png 1000w, https:\/\/serveiseducatius.xtec.cat\/pallars\/wp-content\/uploads\/usu1099\/2023\/09\/taller-300x300.png 300w, https:\/\/serveiseducatius.xtec.cat\/pallars\/wp-content\/uploads\/usu1099\/2023\/09\/taller-150x150.png 150w, https:\/\/serveiseducatius.xtec.cat\/pallars\/wp-content\/uploads\/usu1099\/2023\/09\/taller-768x768.png 768w\" sizes=\"auto, (max-width: 1000px) 100vw, 1000px\" \/><\/a><\/td>\n<td style=\"width: 87.4689%; border-style: none;\">\n<ul>\n<li>Taller <strong>Amb experi\u00e8ncia pr\u00f2pia <\/strong>a c\u00e0rrec d&#8217;activistes Amb Experi\u00e8ncia Pr\u00f2pia de l&#8217;entitat per a 2n de Batxillerat i CICLES ADP\/CAI. Taller impartit per activistes de l&#8217;entitat <em><strong>Amb Experi\u00e8ncia Pr\u00f2pia<\/strong><\/em>. T\u00e9 una durada d&#8217;una hora o hora i quart. Per als Centres del Pallars Juss\u00e0<\/li>\n<\/ul>\n<\/td>\n<\/tr>\n<\/tbody>\n<\/table>\n","protected":false},"excerpt":{"rendered":"<p>Proposta did\u00e0ctica per als centres educatius<\/p>\n","protected":false},"author":1,"featured_media":21800,"comment_status":"closed","ping_status":"closed","sticky":false,"template":"","format":"standard","meta":{"_bbp_topic_count":0,"_bbp_reply_count":0,"_bbp_total_topic_count":0,"_bbp_total_reply_count":0,"_bbp_voice_count":0,"_bbp_anonymous_reply_count":0,"_bbp_topic_count_hidden":0,"_bbp_reply_count_hidden":0,"_bbp_forum_subforum_count":0,"site-sidebar-layout":"default","site-content-layout":"","ast-site-content-layout":"","site-content-style":"default","site-sidebar-style":"default","ast-global-header-display":"","ast-banner-title-visibility":"","ast-main-header-display":"","ast-hfb-above-header-display":"","ast-hfb-below-header-display":"","ast-hfb-mobile-header-display":"","site-post-title":"","ast-breadcrumbs-content":"","ast-featured-img":"","footer-sml-layout":"","theme-transparent-header-meta":"","adv-header-id-meta":"","stick-header-meta":"","header-above-stick-meta":"","header-main-stick-meta":"","header-below-stick-meta":"","astra-migrate-meta-layouts":"default","ast-page-background-enabled":"default","ast-page-background-meta":{"desktop":{"background-color":"var(--ast-global-color-4)","background-image":"","background-repeat":"repeat","background-position":"center center","background-size":"auto","background-attachment":"scroll","background-type":"","background-media":"","overlay-type":"","overlay-color":"","overlay-opacity":"","overlay-gradient":""},"tablet":{"background-color":"","background-image":"","background-repeat":"repeat","background-position":"center center","background-size":"auto","background-attachment":"scroll","background-type":"","background-media":"","overlay-type":"","overlay-color":"","overlay-opacity":"","overlay-gradient":""},"mobile":{"background-color":"","background-image":"","background-repeat":"repeat","background-position":"center center","background-size":"auto","background-attachment":"scroll","background-type":"","background-media":"","overlay-type":"","overlay-color":"","overlay-opacity":"","overlay-gradient":""}},"ast-content-background-meta":{"desktop":{"background-color":"var(--ast-global-color-5)","background-image":"","background-repeat":"repeat","background-position":"center center","background-size":"auto","background-attachment":"scroll","background-type":"","background-media":"","overlay-type":"","overlay-color":"","overlay-opacity":"","overlay-gradient":""},"tablet":{"background-color":"var(--ast-global-color-5)","background-image":"","background-repeat":"repeat","background-position":"center center","background-size":"auto","background-attachment":"scroll","background-type":"","background-media":"","overlay-type":"","overlay-color":"","overlay-opacity":"","overlay-gradient":""},"mobile":{"background-color":"var(--ast-global-color-5)","background-image":"","background-repeat":"repeat","background-position":"center center","background-size":"auto","background-attachment":"scroll","background-type":"","background-media":"","overlay-type":"","overlay-color":"","overlay-opacity":"","overlay-gradient":""}},"footnotes":""},"categories":[1,29],"tags":[],"class_list":["post-21797","post","type-post","status-publish","format-standard","has-post-thumbnail","hentry","category-general","category-portada"],"post_mailing_queue_ids":[],"_links":{"self":[{"href":"https:\/\/serveiseducatius.xtec.cat\/pallars\/wp-json\/wp\/v2\/posts\/21797","targetHints":{"allow":["GET"]}}],"collection":[{"href":"https:\/\/serveiseducatius.xtec.cat\/pallars\/wp-json\/wp\/v2\/posts"}],"about":[{"href":"https:\/\/serveiseducatius.xtec.cat\/pallars\/wp-json\/wp\/v2\/types\/post"}],"author":[{"embeddable":true,"href":"https:\/\/serveiseducatius.xtec.cat\/pallars\/wp-json\/wp\/v2\/users\/1"}],"replies":[{"embeddable":true,"href":"https:\/\/serveiseducatius.xtec.cat\/pallars\/wp-json\/wp\/v2\/comments?post=21797"}],"version-history":[{"count":6,"href":"https:\/\/serveiseducatius.xtec.cat\/pallars\/wp-json\/wp\/v2\/posts\/21797\/revisions"}],"predecessor-version":[{"id":21918,"href":"https:\/\/serveiseducatius.xtec.cat\/pallars\/wp-json\/wp\/v2\/posts\/21797\/revisions\/21918"}],"wp:featuredmedia":[{"embeddable":true,"href":"https:\/\/serveiseducatius.xtec.cat\/pallars\/wp-json\/wp\/v2\/media\/21800"}],"wp:attachment":[{"href":"https:\/\/serveiseducatius.xtec.cat\/pallars\/wp-json\/wp\/v2\/media?parent=21797"}],"wp:term":[{"taxonomy":"category","embeddable":true,"href":"https:\/\/serveiseducatius.xtec.cat\/pallars\/wp-json\/wp\/v2\/categories?post=21797"},{"taxonomy":"post_tag","embeddable":true,"href":"https:\/\/serveiseducatius.xtec.cat\/pallars\/wp-json\/wp\/v2\/tags?post=21797"}],"curies":[{"name":"wp","href":"https:\/\/api.w.org\/{rel}","templated":true}]}}