{"id":21327,"date":"2023-06-15T14:38:48","date_gmt":"2023-06-15T12:38:48","guid":{"rendered":"https:\/\/serveiseducatius.xtec.cat\/pallars\/?p=21327"},"modified":"2023-06-15T14:41:59","modified_gmt":"2023-06-15T12:41:59","slug":"apuntat-a-la-setmana-bio-2023-termini-per-la-inscripcio-dactivitats-obert","status":"publish","type":"post","link":"https:\/\/serveiseducatius.xtec.cat\/pallars\/general\/apuntat-a-la-setmana-bio-2023-termini-per-la-inscripcio-dactivitats-obert\/","title":{"rendered":"Apunta&#8217;t a la Setmana Bio 2023! Termini per la inscripci\u00f3 d&#8217;activitats obert"},"content":{"rendered":"<p style=\"font-weight: 400;\"><a href=\"https:\/\/serveiseducatius.xtec.cat\/pallars\/wp-content\/uploads\/usu1099\/2023\/06\/setmana-de-la-bio.jpg\"><img loading=\"lazy\" decoding=\"async\" class=\"wp-image-21336 alignright\" src=\"https:\/\/serveiseducatius.xtec.cat\/pallars\/wp-content\/uploads\/usu1099\/2023\/06\/setmana-de-la-bio.jpg\" alt=\"\" width=\"477\" height=\"675\" srcset=\"https:\/\/serveiseducatius.xtec.cat\/pallars\/wp-content\/uploads\/usu1099\/2023\/06\/setmana-de-la-bio.jpg 627w, https:\/\/serveiseducatius.xtec.cat\/pallars\/wp-content\/uploads\/usu1099\/2023\/06\/setmana-de-la-bio-212x300.jpg 212w\" sizes=\"auto, (max-width: 477px) 100vw, 477px\" \/><\/a>Ens plau informar-vos que des del passat <span style=\"font-size: 16px;\"><strong>1 de juny s\u00f3n obertes <a href=\"https:\/\/setmanabio.cat\/area-organitzadors\/\">les inscripcions<\/a> per organitzar activitats<\/strong><\/span> dins el marc de la Setmana Bio a l\u2019Escola 2023 dins al 22 de setembre, que tindr\u00e0 lloc del 1<strong>4 al 22 d\u2019octubre del 2023<\/strong>. Al web\u00a0<a href=\"https:\/\/setmanabio.cat\/\" data-saferedirecturl=\"https:\/\/www.google.com\/url?q=https:\/\/setmanabio.cat\/&amp;source=gmail&amp;ust=1686917069759000&amp;usg=AOvVaw364p7NWxfimYWpUtEDF4he\">https:\/\/setmanabio.cat\/<\/a>\u00a0trobareu tota la informaci\u00f3 al respecte.<\/p>\n<p style=\"font-weight: 400;\">La\u00a0<strong>Setmana Bio a l\u2019escola<\/strong> \u00e9s una proposta que forma part de la Setmana\u00a0Bio per l\u2019alimentaci\u00f3 ecol\u00f2gica, amb els mateixos objectius de promocionar i donar a con\u00e8ixer el sistema de producci\u00f3 i alimentaci\u00f3 ecol\u00f2gica, concretament entre les persones de la comunitat educativa.<\/p>\n<p style=\"font-weight: 400;\">Cada cop hi ha m\u00e9s centres educatius que contemplen la producci\u00f3 i alimentaci\u00f3 ecol\u00f2gica i local dins del seu curr\u00edculum docent, ja sigui a trav\u00e9s de l\u2019hort escolar, d\u2019un projecte educatiu o mat\u00e8ria concreta d\u2019estudi, de la realitzaci\u00f3 de treballs o materials educatius espec\u00edfics, a trav\u00e9s de la cuina del centre i del menjar que s\u2019ofereix a l\u2019alumnat, d\u2019una visita a una finca o granja agropecu\u00e0ria, etc. Altres centres que encara no ho han incorporat, poden tenir inter\u00e8s a fer-ho, ja que con\u00e8ixer i donar a con\u00e8ixer tot el que es relaciona amb la producci\u00f3 agroaliment\u00e0ria \u00e9s una tem\u00e0tica absolutament b\u00e0sica en el proc\u00e9s d\u2019educaci\u00f3 i coneixement del m\u00f3n que ens envolta, per les seves implicacions en el medi ambient i en la sobirania aliment\u00e0ria dels pobles.<\/p>\n<p style=\"font-weight: 400;\">Si des del vostre centre educatiu o entitat relacionada amb l\u2019ensenyament ja realitzeu, o esteu interessats a realitzar, qualsevol activitat destinada a reflexionar al voltant de la producci\u00f3 agr\u00e0ria i l\u2019alimentaci\u00f3, el seu impacte i sostenibilitat, i donar a con\u00e8ixer i promoure la producci\u00f3 i l\u2019alimentaci\u00f3 ecol\u00f2gica entre el vostre alumnat (o comunitat educativa en general), us proposem que la inclogueu dins del programa de la Setmana Bio a l\u2019escola.<\/p>\n<p style=\"font-weight: 400;\">A tall d\u2019exemple, us proposem algunes de les activitats que podr\u00edeu organitzar en el vostre centre:<\/p>\n<ul style=\"font-weight: 400;\">\n<li>Visites als projectes productius de persones productores de la zona.<\/li>\n<li>Visualitzaci\u00f3 dels v\u00eddeos creats per la Setmana Bio 2020 i la Setmana Bio 2021.<\/li>\n<li>Activitat formativa amb l\u2019\u00e0lbum interactiu \u201c<a href=\"http:\/\/album.setmanabio.cat\/\" data-saferedirecturl=\"https:\/\/www.google.com\/url?q=http:\/\/album.setmanabio.cat\/&amp;source=gmail&amp;ust=1686917069759000&amp;usg=AOvVaw2p_stHBd6H_4DylV6W7Vna\">Del camp a la cuina: l\u2019aventura de la producci\u00f3 ecol\u00f2gica<\/a>\u201d<\/li>\n<li>Xerrades amb persones productores en ecol\u00f2gic a trav\u00e9s d\u2019un servei de videoconfer\u00e8ncia o b\u00e9 presencial al centre educatiu.<\/li>\n<li>Tallers amb productes ecol\u00f2gics.<\/li>\n<li>Treballs relacionats amb l\u2019hort de l\u2019escola.<\/li>\n<li>Introduir activitats i aliments ecol\u00f2gics al menjador de l\u2019escola.<\/li>\n<\/ul>\n<p style=\"font-weight: 400;\">La Setmana Bio per l\u2019alimentaci\u00f3 ecol\u00f2gica se celebrar\u00e0 del <strong>14 al 22 d\u2019octubre de 2023<\/strong>\u00a0i l\u2019organitzaci\u00f3 d\u2019activitats anir\u00e0\u00a0condicionada al compliment dels seg\u00fcents requisits:<\/p>\n<ul style=\"font-weight: 400;\">\n<li>Cada centre o entitat ha d\u2019organitzar les activitats que es volen portar a terme.<\/li>\n<li>Totes les activitats han d\u2019incloure continguts relacionats directament o indirectament amb la producci\u00f3 i l\u2019alimentaci\u00f3 ecol\u00f2gica.<\/li>\n<li>Si les activitats impliquen explotacions o empreses d\u2019aliments ecol\u00f2gics, aquestes hauran de comptar amb el corresponent certificat del\u00a0<a href=\"http:\/\/www.ccpae.org\/\" data-saferedirecturl=\"https:\/\/www.google.com\/url?q=http:\/\/www.ccpae.org\/&amp;source=gmail&amp;ust=1686917069759000&amp;usg=AOvVaw3EYQZenW5_JZKy8RpSmywn\">Consell Catal\u00e0 de la Producci\u00f3 Agr\u00e0ria Ecol\u00f2gica (CCPAE)<\/a>.<\/li>\n<li>Quan les activitats impliquin la utilitzaci\u00f3, venda o consum d\u2019aliments ecol\u00f2gics, aquests hauran d\u2019estar certificats pel CCPAE o per qualsevol altra entitat reconeguda de certificaci\u00f3 de productes ecol\u00f2gics.<\/li>\n<li>En el cas que l\u2019activitat ho requereixi, tenir coberta la corresponent asseguran\u00e7a i disposar de tots els permisos preceptius per al normal desenvolupament de l\u2019activitat, segons escaigui.<\/li>\n<\/ul>\n<p style=\"font-weight: 400;\">Per facilitar-vos l\u2019elaboraci\u00f3 de material informatiu o promocional de les activitats dins del programa de la Setmana Bio a l\u2019escola, us oferim una s\u00e8rie de\u00a0<a href=\"https:\/\/setmanabio.cat\/recursos-online\/\" data-saferedirecturl=\"https:\/\/www.google.com\/url?q=https:\/\/setmanabio.cat\/recursos-online\/&amp;source=gmail&amp;ust=1686917069759000&amp;usg=AOvVaw16awHaJ0KNoqaHeexljIzi\">materials gr\u00e0fics<\/a>\u00a0que podeu utilitzar, adaptant-los a la vostra activitat.<\/p>\n<p style=\"font-weight: 400;\"><strong>On puc trobar material divulgatiu relacionat amb la producci\u00f3 ecol\u00f2gica?<\/strong><\/p>\n<ul>\n<li style=\"font-weight: 400;\">Podeu trobar materials d\u2019inter\u00e8s, a l\u2019hora d\u2019organitzar algunes d\u2019aquestes activitats, en el seg\u00fcent enlla\u00e7:\n<ul>\n<li style=\"font-weight: 400;\"><a href=\"http:\/\/setmanabio.cat\/recursos-online\/\" data-saferedirecturl=\"https:\/\/www.google.com\/url?q=http:\/\/setmanabio.cat\/recursos-online\/&amp;source=gmail&amp;ust=1686917069759000&amp;usg=AOvVaw3MA_dLjSAhBpIeGqFEP2wV\">Recursos online Setmana Bio\u00a0<\/a><\/li>\n<li style=\"font-weight: 400;\"><a href=\"http:\/\/pae.gencat.cat\/ca\/publicacions-materials-referencia\/material-educatiu\/\" data-saferedirecturl=\"https:\/\/www.google.com\/url?q=http:\/\/pae.gencat.cat\/ca\/publicacions-materials-referencia\/material-educatiu\/&amp;source=gmail&amp;ust=1686917069759000&amp;usg=AOvVaw0JDqq1jnYlfO4O1IXPNCHj\">Publicacions i materials de refer\u00e8ncia<\/a><\/li>\n<\/ul>\n<\/li>\n<li style=\"font-weight: 400;\">\u00a0Tamb\u00e9 podeu trobar recursos en l\u00ednia en el seg\u00fcent enlla\u00e7:\n<ul>\n<li style=\"font-weight: 400;\"><a href=\"https:\/\/projectes.xtec.cat\/agroecologia\/\" data-saferedirecturl=\"https:\/\/www.google.com\/url?q=https:\/\/projectes.xtec.cat\/agroecologia\/&amp;source=gmail&amp;ust=1686917069759000&amp;usg=AOvVaw1b2Woq7dDwl7nnKBGPPFLW\">Cat\u00e0leg de recursos educatius en l\u00ednia d\u2019XTEC: Agroecologia Escolar<\/a><\/li>\n<\/ul>\n<\/li>\n<\/ul>\n<p style=\"font-weight: 400;\"><strong>Quins s\u00f3n els terminis per a la inscripci\u00f3?<\/strong><\/p>\n<p style=\"font-weight: 400;\">El termini per a <a href=\"https:\/\/setmanabio.cat\/area-organitzadors\/\">la inscripci\u00f3 d\u2019activitats<\/a> romandr\u00e0 obert fins al proper <span style=\"font-size: 20px;\"><u>13 d\u2019octubre<\/u>,<\/span>\u00a0<strong>per\u00f2 atenci\u00f3!<\/strong>\u00a0Si voleu rebre material de suport a l\u2019activitat, que enguany consistir\u00e0 en uns tr\u00edptics informatius sobre la producci\u00f3 ecol\u00f2gica i bufs pel coll per l\u2019alumnat que participi de l\u2019activitat inscrita; caldr\u00e0 que us inscriviu com a molt tard, el\u00a0<strong><u>22 de setembre<\/u><\/strong>. En resum:<\/p>\n<ul>\n<li style=\"font-weight: 400;\">Si voleu rebre material de suport: us heu d\u2019inscriure abans del 22 de setembre<\/li>\n<li style=\"font-weight: 400;\">A partir del 22 de setembre, les activitats inscrites; per una q\u00fcesti\u00f3 de log\u00edstica, no rebran material<\/li>\n<\/ul>\n<p style=\"font-weight: 400;\">Per a m\u00e9s informaci\u00f3 podeu contactar-nos al correu <a href=\"mailto:info@setmanabio.cat\">info@setmanabio.cat<\/a>\u00a0o b\u00e9 al dinamitzador\/a territorial de la producci\u00f3 ecol\u00f2gica del Departament d\u2019Acci\u00f3 Clim\u00e0tica, Alimentaci\u00f3 i Agenda Rural que trobareu en aquest\u00a0<a href=\"http:\/\/pae.gencat.cat\/ca\/detall\/Article\/ProjecteDinamitzacio\" data-saferedirecturl=\"https:\/\/www.google.com\/url?q=http:\/\/pae.gencat.cat\/ca\/detall\/Article\/ProjecteDinamitzacio&amp;source=gmail&amp;ust=1686917069759000&amp;usg=AOvVaw2XieB30lrSFFNV6L1dzLtZ\">enlla\u00e7.<\/a><\/p>\n","protected":false},"excerpt":{"rendered":"<p>Oberta Inscripci\u00f3. Fins al 22 de setembre de 2023<\/p>\n","protected":false},"author":1,"featured_media":21335,"comment_status":"closed","ping_status":"closed","sticky":false,"template":"","format":"standard","meta":{"_bbp_topic_count":0,"_bbp_reply_count":0,"_bbp_total_topic_count":0,"_bbp_total_reply_count":0,"_bbp_voice_count":0,"_bbp_anonymous_reply_count":0,"_bbp_topic_count_hidden":0,"_bbp_reply_count_hidden":0,"_bbp_forum_subforum_count":0,"site-sidebar-layout":"default","site-content-layout":"","ast-site-content-layout":"","site-content-style":"default","site-sidebar-style":"default","ast-global-header-display":"","ast-banner-title-visibility":"","ast-main-header-display":"","ast-hfb-above-header-display":"","ast-hfb-below-header-display":"","ast-hfb-mobile-header-display":"","site-post-title":"","ast-breadcrumbs-content":"","ast-featured-img":"","footer-sml-layout":"","theme-transparent-header-meta":"","adv-header-id-meta":"","stick-header-meta":"","header-above-stick-meta":"","header-main-stick-meta":"","header-below-stick-meta":"","astra-migrate-meta-layouts":"default","ast-page-background-enabled":"default","ast-page-background-meta":{"desktop":{"background-color":"var(--ast-global-color-4)","background-image":"","background-repeat":"repeat","background-position":"center center","background-size":"auto","background-attachment":"scroll","background-type":"","background-media":"","overlay-type":"","overlay-color":"","overlay-opacity":"","overlay-gradient":""},"tablet":{"background-color":"","background-image":"","background-repeat":"repeat","background-position":"center center","background-size":"auto","background-attachment":"scroll","background-type":"","background-media":"","overlay-type":"","overlay-color":"","overlay-opacity":"","overlay-gradient":""},"mobile":{"background-color":"","background-image":"","background-repeat":"repeat","background-position":"center center","background-size":"auto","background-attachment":"scroll","background-type":"","background-media":"","overlay-type":"","overlay-color":"","overlay-opacity":"","overlay-gradient":""}},"ast-content-background-meta":{"desktop":{"background-color":"var(--ast-global-color-5)","background-image":"","background-repeat":"repeat","background-position":"center center","background-size":"auto","background-attachment":"scroll","background-type":"","background-media":"","overlay-type":"","overlay-color":"","overlay-opacity":"","overlay-gradient":""},"tablet":{"background-color":"var(--ast-global-color-5)","background-image":"","background-repeat":"repeat","background-position":"center center","background-size":"auto","background-attachment":"scroll","background-type":"","background-media":"","overlay-type":"","overlay-color":"","overlay-opacity":"","overlay-gradient":""},"mobile":{"background-color":"var(--ast-global-color-5)","background-image":"","background-repeat":"repeat","background-position":"center center","background-size":"auto","background-attachment":"scroll","background-type":"","background-media":"","overlay-type":"","overlay-color":"","overlay-opacity":"","overlay-gradient":""}},"footnotes":""},"categories":[1,29],"tags":[],"class_list":["post-21327","post","type-post","status-publish","format-standard","has-post-thumbnail","hentry","category-general","category-portada"],"post_mailing_queue_ids":[],"_links":{"self":[{"href":"https:\/\/serveiseducatius.xtec.cat\/pallars\/wp-json\/wp\/v2\/posts\/21327","targetHints":{"allow":["GET"]}}],"collection":[{"href":"https:\/\/serveiseducatius.xtec.cat\/pallars\/wp-json\/wp\/v2\/posts"}],"about":[{"href":"https:\/\/serveiseducatius.xtec.cat\/pallars\/wp-json\/wp\/v2\/types\/post"}],"author":[{"embeddable":true,"href":"https:\/\/serveiseducatius.xtec.cat\/pallars\/wp-json\/wp\/v2\/users\/1"}],"replies":[{"embeddable":true,"href":"https:\/\/serveiseducatius.xtec.cat\/pallars\/wp-json\/wp\/v2\/comments?post=21327"}],"version-history":[{"count":3,"href":"https:\/\/serveiseducatius.xtec.cat\/pallars\/wp-json\/wp\/v2\/posts\/21327\/revisions"}],"predecessor-version":[{"id":21340,"href":"https:\/\/serveiseducatius.xtec.cat\/pallars\/wp-json\/wp\/v2\/posts\/21327\/revisions\/21340"}],"wp:featuredmedia":[{"embeddable":true,"href":"https:\/\/serveiseducatius.xtec.cat\/pallars\/wp-json\/wp\/v2\/media\/21335"}],"wp:attachment":[{"href":"https:\/\/serveiseducatius.xtec.cat\/pallars\/wp-json\/wp\/v2\/media?parent=21327"}],"wp:term":[{"taxonomy":"category","embeddable":true,"href":"https:\/\/serveiseducatius.xtec.cat\/pallars\/wp-json\/wp\/v2\/categories?post=21327"},{"taxonomy":"post_tag","embeddable":true,"href":"https:\/\/serveiseducatius.xtec.cat\/pallars\/wp-json\/wp\/v2\/tags?post=21327"}],"curies":[{"name":"wp","href":"https:\/\/api.w.org\/{rel}","templated":true}]}}