{"id":21250,"date":"2023-06-06T15:08:34","date_gmt":"2023-06-06T13:08:34","guid":{"rendered":"https:\/\/serveiseducatius.xtec.cat\/pallars\/?p=21250"},"modified":"2023-06-06T15:11:21","modified_gmt":"2023-06-06T13:11:21","slug":"11a-edicio-premi-escola-agricultura-ecologica-i-alimentacio","status":"publish","type":"post","link":"https:\/\/serveiseducatius.xtec.cat\/pallars\/general\/11a-edicio-premi-escola-agricultura-ecologica-i-alimentacio\/","title":{"rendered":"11a Edici\u00f3 Premi Escola"},"content":{"rendered":"<p><a href=\"https:\/\/serveiseducatius.xtec.cat\/pallars\/wp-content\/uploads\/usu1099\/2023\/06\/premi-escola-agri.jpg\"><img loading=\"lazy\" decoding=\"async\" class=\"alignleft wp-image-21253\" src=\"https:\/\/serveiseducatius.xtec.cat\/pallars\/wp-content\/uploads\/usu1099\/2023\/06\/premi-escola-agri.jpg\" alt=\"\" width=\"1210\" height=\"261\" srcset=\"https:\/\/serveiseducatius.xtec.cat\/pallars\/wp-content\/uploads\/usu1099\/2023\/06\/premi-escola-agri.jpg 886w, https:\/\/serveiseducatius.xtec.cat\/pallars\/wp-content\/uploads\/usu1099\/2023\/06\/premi-escola-agri-300x65.jpg 300w, https:\/\/serveiseducatius.xtec.cat\/pallars\/wp-content\/uploads\/usu1099\/2023\/06\/premi-escola-agri-768x166.jpg 768w\" sizes=\"auto, (max-width: 1210px) 100vw, 1210px\" \/><\/a><\/p>\n<p>El\u00a0<strong><a href=\"https:\/\/setmanabio.cat\/premi-escola\/\" target=\"_blank\" rel=\"noopener\">Premi Escola, Agricultura i Alimentaci\u00f3 Ecol\u00f2gica<\/a><\/strong>\u00a0va ser creat al 2013 per la Generalitat de Catalunya (Departament d\u2019Acci\u00f3 Clim\u00e0tica, Alimentaci\u00f3 i Agenda Rural i Departament d\u2019Educaci\u00f3) i l\u2019Associaci\u00f3 Vida Sana i compta tamb\u00e9 amb la col\u00b7laboraci\u00f3 de la XESC (Xarxa d\u2019Escoles per a la Sostenibilitat de Catalunya). Actualment el premi forma part de les activitats de la Setmana Bio a l\u2019escola impulsada pel Departament d\u2019Acci\u00f3 Clim\u00e0tica.<\/p>\n<p><strong>El termini per presentar les candidatures \u00e9s del 6 de juny al 24 de juliol<\/strong>. Es poden presentar iniciatives i projectes relacionats amb la producci\u00f3 i l\u2019alimentaci\u00f3 ecol\u00f2giques impulsats per qualsevol centre educatiu o entitat (incloses universitats i empreses).<\/p>\n<p><strong>Categories del Premi EV:<\/strong><\/p>\n<ul>\n<li><strong>Activitats desenvolupades i finalitzades durant el curs 2022-23 amb un premi de 1250\u20ac<\/strong><\/li>\n<li><strong>Idees d\u2019activitats o projectes a desenvolupar durant el curs 2023-24, amb un premi de 750\u20ac<\/strong>. L\u2019objectiu d\u2019aquesta categoria es afavorir el desenvolupament d\u2019activitats i projectes que no es porten a terme per manca de recursos econ\u00f2mics.<\/li>\n<li><b>Material pedag\u00f2gic amb fins educatius relacionats amb la producci\u00f3 i l\u2019alimentaci\u00f3 ecol\u00f2gica o l\u2019agroecologia escolar amb un premi de 1250\u20ac<\/b><\/li>\n<li>En aquest enlla\u00e7, trobareu un gui\u00f3 de la mem\u00f2ria explicativa del projecte i els criteris de valoraci\u00f3:\u00a0\u00a0<a href=\"http:\/\/setmanabio.cat\/condicions-premi-escola\/\">http:\/\/setmanabio.cat\/condicions-premi-escola\/<\/a><\/li>\n<\/ul>\n<h4>Calendari del premi<\/h4>\n<ul>\n<li>Termini de presentaci\u00f3 de les propostes: des del 6 de juny fins al 24 de juliol de 2023.<\/li>\n<li>Deliberaci\u00f3 i veredicte del jurat: setembre 2023.<\/li>\n<li>Comunicaci\u00f3 del veredicte als centres: setembre 2023.<\/li>\n<li>Acte de lliurament dels premis:\u00a0<b>octubre 2023.<\/b><\/li>\n<\/ul>\n<h4>Sol\u00b7licitud de participaci\u00f3<\/h4>\n<p>Caldr\u00e0 sol\u00b7licitar la participaci\u00f3 presentant en termini (del 6 de juny al 24 de juliol) el\u00a0<a href=\"https:\/\/forms.gle\/oLWDZz56hywTRf899\" target=\"_blank\" rel=\"noopener noreferrer\"><b>formulari d\u2019inscripci\u00f3<\/b><\/a><\/p>\n<p>Juntament amb la sol\u00b7licitud s\u2019ha de presentar adjunta una\u00a0<strong>mem\u00f2ria<\/strong><strong>\u00a0explicativa del projecte<\/strong>, experi\u00e8ncia o material. Es recomana acompanyar la mem\u00f2ria amb fotografies i\/o material audiovisual, preferiblement a trav\u00e9s d\u2019enlla\u00e7os on es puguin visualitzar (per exemple, webs o documents penjats al n\u00favol).<\/p>\n<h4>M\u00e9s informaci\u00f3<\/h4>\n<p><strong><a href=\"http:\/\/setmanabio.cat\/condicions-premi-escola\/\">Enlla\u00e7<\/a><\/strong><\/p>\n","protected":false},"excerpt":{"rendered":"<p>Presentacions de les propostes fins al 24 de juliol<\/p>\n","protected":false},"author":1,"featured_media":21252,"comment_status":"closed","ping_status":"closed","sticky":false,"template":"","format":"standard","meta":{"_bbp_topic_count":0,"_bbp_reply_count":0,"_bbp_total_topic_count":0,"_bbp_total_reply_count":0,"_bbp_voice_count":0,"_bbp_anonymous_reply_count":0,"_bbp_topic_count_hidden":0,"_bbp_reply_count_hidden":0,"_bbp_forum_subforum_count":0,"site-sidebar-layout":"default","site-content-layout":"","ast-site-content-layout":"","site-content-style":"default","site-sidebar-style":"default","ast-global-header-display":"","ast-banner-title-visibility":"","ast-main-header-display":"","ast-hfb-above-header-display":"","ast-hfb-below-header-display":"","ast-hfb-mobile-header-display":"","site-post-title":"","ast-breadcrumbs-content":"","ast-featured-img":"","footer-sml-layout":"","theme-transparent-header-meta":"","adv-header-id-meta":"","stick-header-meta":"","header-above-stick-meta":"","header-main-stick-meta":"","header-below-stick-meta":"","astra-migrate-meta-layouts":"default","ast-page-background-enabled":"default","ast-page-background-meta":{"desktop":{"background-color":"var(--ast-global-color-4)","background-image":"","background-repeat":"repeat","background-position":"center center","background-size":"auto","background-attachment":"scroll","background-type":"","background-media":"","overlay-type":"","overlay-color":"","overlay-opacity":"","overlay-gradient":""},"tablet":{"background-color":"","background-image":"","background-repeat":"repeat","background-position":"center center","background-size":"auto","background-attachment":"scroll","background-type":"","background-media":"","overlay-type":"","overlay-color":"","overlay-opacity":"","overlay-gradient":""},"mobile":{"background-color":"","background-image":"","background-repeat":"repeat","background-position":"center center","background-size":"auto","background-attachment":"scroll","background-type":"","background-media":"","overlay-type":"","overlay-color":"","overlay-opacity":"","overlay-gradient":""}},"ast-content-background-meta":{"desktop":{"background-color":"var(--ast-global-color-5)","background-image":"","background-repeat":"repeat","background-position":"center center","background-size":"auto","background-attachment":"scroll","background-type":"","background-media":"","overlay-type":"","overlay-color":"","overlay-opacity":"","overlay-gradient":""},"tablet":{"background-color":"var(--ast-global-color-5)","background-image":"","background-repeat":"repeat","background-position":"center center","background-size":"auto","background-attachment":"scroll","background-type":"","background-media":"","overlay-type":"","overlay-color":"","overlay-opacity":"","overlay-gradient":""},"mobile":{"background-color":"var(--ast-global-color-5)","background-image":"","background-repeat":"repeat","background-position":"center center","background-size":"auto","background-attachment":"scroll","background-type":"","background-media":"","overlay-type":"","overlay-color":"","overlay-opacity":"","overlay-gradient":""}},"footnotes":""},"categories":[1,29],"tags":[],"class_list":["post-21250","post","type-post","status-publish","format-standard","has-post-thumbnail","hentry","category-general","category-portada"],"post_mailing_queue_ids":[],"_links":{"self":[{"href":"https:\/\/serveiseducatius.xtec.cat\/pallars\/wp-json\/wp\/v2\/posts\/21250","targetHints":{"allow":["GET"]}}],"collection":[{"href":"https:\/\/serveiseducatius.xtec.cat\/pallars\/wp-json\/wp\/v2\/posts"}],"about":[{"href":"https:\/\/serveiseducatius.xtec.cat\/pallars\/wp-json\/wp\/v2\/types\/post"}],"author":[{"embeddable":true,"href":"https:\/\/serveiseducatius.xtec.cat\/pallars\/wp-json\/wp\/v2\/users\/1"}],"replies":[{"embeddable":true,"href":"https:\/\/serveiseducatius.xtec.cat\/pallars\/wp-json\/wp\/v2\/comments?post=21250"}],"version-history":[{"count":3,"href":"https:\/\/serveiseducatius.xtec.cat\/pallars\/wp-json\/wp\/v2\/posts\/21250\/revisions"}],"predecessor-version":[{"id":21256,"href":"https:\/\/serveiseducatius.xtec.cat\/pallars\/wp-json\/wp\/v2\/posts\/21250\/revisions\/21256"}],"wp:featuredmedia":[{"embeddable":true,"href":"https:\/\/serveiseducatius.xtec.cat\/pallars\/wp-json\/wp\/v2\/media\/21252"}],"wp:attachment":[{"href":"https:\/\/serveiseducatius.xtec.cat\/pallars\/wp-json\/wp\/v2\/media?parent=21250"}],"wp:term":[{"taxonomy":"category","embeddable":true,"href":"https:\/\/serveiseducatius.xtec.cat\/pallars\/wp-json\/wp\/v2\/categories?post=21250"},{"taxonomy":"post_tag","embeddable":true,"href":"https:\/\/serveiseducatius.xtec.cat\/pallars\/wp-json\/wp\/v2\/tags?post=21250"}],"curies":[{"name":"wp","href":"https:\/\/api.w.org\/{rel}","templated":true}]}}