{"id":21163,"date":"2023-05-30T10:53:19","date_gmt":"2023-05-30T08:53:19","guid":{"rendered":"https:\/\/serveiseducatius.xtec.cat\/pallars\/?p=21163"},"modified":"2023-05-30T10:53:19","modified_gmt":"2023-05-30T08:53:19","slug":"la-carrulla-fira-de-lalt-pirineu-i-aran-de-la-petita-infancia","status":"publish","type":"post","link":"https:\/\/serveiseducatius.xtec.cat\/pallars\/general\/la-carrulla-fira-de-lalt-pirineu-i-aran-de-la-petita-infancia\/","title":{"rendered":"La Carrulla. Fira de l&#8217;Alt Pirineu i Aran de la Petita inf\u00e0ncia"},"content":{"rendered":"<p>S&#8217;apropa <span style=\"font-size: 20px;\"><strong>La Carrulla, <\/strong><\/span><span style=\"font-size: 20px;\"><strong>Fira de l&#8217;Alt Pirineu i Aran de la Petita Inf\u00e0ncia<\/strong><\/span>, esdeveniment sense \u00e0nim de lucre que pret\u00e9n visibilitzar i recon\u00e8ixer la petita inf\u00e0ncia de 0-6 anys oferint activitats formatives, l\u00fadiques i informatives a docents, fam\u00edlies, infants i persones interessades en el sector de l&#8217;educaci\u00f3 del 0-6 anys.<\/p>\n<h4><strong>Data<\/strong><\/h4>\n<p>Dissabte, 3 de juny<\/p>\n<h4><strong>Lloc<\/strong><\/h4>\n<p>Sort<\/p>\n<h4><strong>Programa d&#8217;activitats<\/strong><\/h4>\n<p><a href=\"https:\/\/drive.google.com\/file\/d\/1jC2opIvdCtriqK-PeL4zpqvsXBsp1AtS\/view?usp=share_link\"><img loading=\"lazy\" decoding=\"async\" class=\"wp-image-21181 aligncenter\" src=\"https:\/\/serveiseducatius.xtec.cat\/pallars\/wp-content\/uploads\/usu1099\/2023\/05\/PROGRAMA-FIRA-DINA5_horzontal_reduit.jpg\" alt=\"\" width=\"855\" height=\"604\" srcset=\"https:\/\/serveiseducatius.xtec.cat\/pallars\/wp-content\/uploads\/usu1099\/2023\/05\/PROGRAMA-FIRA-DINA5_horzontal_reduit.jpg 1114w, https:\/\/serveiseducatius.xtec.cat\/pallars\/wp-content\/uploads\/usu1099\/2023\/05\/PROGRAMA-FIRA-DINA5_horzontal_reduit-300x212.jpg 300w, https:\/\/serveiseducatius.xtec.cat\/pallars\/wp-content\/uploads\/usu1099\/2023\/05\/PROGRAMA-FIRA-DINA5_horzontal_reduit-1024x723.jpg 1024w, https:\/\/serveiseducatius.xtec.cat\/pallars\/wp-content\/uploads\/usu1099\/2023\/05\/PROGRAMA-FIRA-DINA5_horzontal_reduit-768x543.jpg 768w\" sizes=\"auto, (max-width: 855px) 100vw, 855px\" \/><\/a><\/p>\n<h4><strong>Organitza<\/strong><\/h4>\n<p>Llar d&#8217;Infants Els Malfargats, Ajuntament de Sort i Servei Educatiu dels Pallars<\/p>\n<h4><strong>Col\u00b7labora<\/strong><\/h4>\n<p>IDAPA, Consell Comarcal del Pallars Sobir\u00e0 i Parc Natural de l&#8217;Alt Pirineu<\/p>\n<p>&nbsp;<\/p>\n","protected":false},"excerpt":{"rendered":"<p>Dissabte, 3 de juny de 2023 a Sort.<br \/>\nUs esperem<\/p>\n","protected":false},"author":1,"featured_media":21165,"comment_status":"closed","ping_status":"closed","sticky":false,"template":"","format":"standard","meta":{"_bbp_topic_count":0,"_bbp_reply_count":0,"_bbp_total_topic_count":0,"_bbp_total_reply_count":0,"_bbp_voice_count":0,"_bbp_anonymous_reply_count":0,"_bbp_topic_count_hidden":0,"_bbp_reply_count_hidden":0,"_bbp_forum_subforum_count":0,"site-sidebar-layout":"default","site-content-layout":"","ast-site-content-layout":"","site-content-style":"default","site-sidebar-style":"default","ast-global-header-display":"","ast-banner-title-visibility":"","ast-main-header-display":"","ast-hfb-above-header-display":"","ast-hfb-below-header-display":"","ast-hfb-mobile-header-display":"","site-post-title":"","ast-breadcrumbs-content":"","ast-featured-img":"","footer-sml-layout":"","theme-transparent-header-meta":"","adv-header-id-meta":"","stick-header-meta":"","header-above-stick-meta":"","header-main-stick-meta":"","header-below-stick-meta":"","astra-migrate-meta-layouts":"default","ast-page-background-enabled":"default","ast-page-background-meta":{"desktop":{"background-color":"var(--ast-global-color-4)","background-image":"","background-repeat":"repeat","background-position":"center center","background-size":"auto","background-attachment":"scroll","background-type":"","background-media":"","overlay-type":"","overlay-color":"","overlay-opacity":"","overlay-gradient":""},"tablet":{"background-color":"","background-image":"","background-repeat":"repeat","background-position":"center center","background-size":"auto","background-attachment":"scroll","background-type":"","background-media":"","overlay-type":"","overlay-color":"","overlay-opacity":"","overlay-gradient":""},"mobile":{"background-color":"","background-image":"","background-repeat":"repeat","background-position":"center center","background-size":"auto","background-attachment":"scroll","background-type":"","background-media":"","overlay-type":"","overlay-color":"","overlay-opacity":"","overlay-gradient":""}},"ast-content-background-meta":{"desktop":{"background-color":"var(--ast-global-color-5)","background-image":"","background-repeat":"repeat","background-position":"center center","background-size":"auto","background-attachment":"scroll","background-type":"","background-media":"","overlay-type":"","overlay-color":"","overlay-opacity":"","overlay-gradient":""},"tablet":{"background-color":"var(--ast-global-color-5)","background-image":"","background-repeat":"repeat","background-position":"center center","background-size":"auto","background-attachment":"scroll","background-type":"","background-media":"","overlay-type":"","overlay-color":"","overlay-opacity":"","overlay-gradient":""},"mobile":{"background-color":"var(--ast-global-color-5)","background-image":"","background-repeat":"repeat","background-position":"center center","background-size":"auto","background-attachment":"scroll","background-type":"","background-media":"","overlay-type":"","overlay-color":"","overlay-opacity":"","overlay-gradient":""}},"footnotes":""},"categories":[1,29],"tags":[],"class_list":["post-21163","post","type-post","status-publish","format-standard","has-post-thumbnail","hentry","category-general","category-portada"],"post_mailing_queue_ids":[],"_links":{"self":[{"href":"https:\/\/serveiseducatius.xtec.cat\/pallars\/wp-json\/wp\/v2\/posts\/21163","targetHints":{"allow":["GET"]}}],"collection":[{"href":"https:\/\/serveiseducatius.xtec.cat\/pallars\/wp-json\/wp\/v2\/posts"}],"about":[{"href":"https:\/\/serveiseducatius.xtec.cat\/pallars\/wp-json\/wp\/v2\/types\/post"}],"author":[{"embeddable":true,"href":"https:\/\/serveiseducatius.xtec.cat\/pallars\/wp-json\/wp\/v2\/users\/1"}],"replies":[{"embeddable":true,"href":"https:\/\/serveiseducatius.xtec.cat\/pallars\/wp-json\/wp\/v2\/comments?post=21163"}],"version-history":[{"count":3,"href":"https:\/\/serveiseducatius.xtec.cat\/pallars\/wp-json\/wp\/v2\/posts\/21163\/revisions"}],"predecessor-version":[{"id":21207,"href":"https:\/\/serveiseducatius.xtec.cat\/pallars\/wp-json\/wp\/v2\/posts\/21163\/revisions\/21207"}],"wp:featuredmedia":[{"embeddable":true,"href":"https:\/\/serveiseducatius.xtec.cat\/pallars\/wp-json\/wp\/v2\/media\/21165"}],"wp:attachment":[{"href":"https:\/\/serveiseducatius.xtec.cat\/pallars\/wp-json\/wp\/v2\/media?parent=21163"}],"wp:term":[{"taxonomy":"category","embeddable":true,"href":"https:\/\/serveiseducatius.xtec.cat\/pallars\/wp-json\/wp\/v2\/categories?post=21163"},{"taxonomy":"post_tag","embeddable":true,"href":"https:\/\/serveiseducatius.xtec.cat\/pallars\/wp-json\/wp\/v2\/tags?post=21163"}],"curies":[{"name":"wp","href":"https:\/\/api.w.org\/{rel}","templated":true}]}}