{"id":21159,"date":"2023-05-26T14:36:22","date_gmt":"2023-05-26T12:36:22","guid":{"rendered":"https:\/\/serveiseducatius.xtec.cat\/pallars\/?p=21159"},"modified":"2023-05-26T16:26:04","modified_gmt":"2023-05-26T14:26:04","slug":"guanyadores-de-x-jocs-florals-escolars-de-catalunya-dels-pallars","status":"publish","type":"post","link":"https:\/\/serveiseducatius.xtec.cat\/pallars\/portada\/guanyadores-de-x-jocs-florals-escolars-de-catalunya-dels-pallars\/","title":{"rendered":"Premis fase territorial Lleida &#8211; X Jocs Florals de Catalunya"},"content":{"rendered":"<p><a href=\"https:\/\/serveiseducatius.xtec.cat\/pallars\/wp-content\/uploads\/usu1099\/2023\/02\/jocs-florals-llengua.png\"><img loading=\"lazy\" decoding=\"async\" class=\" wp-image-20572 alignright\" src=\"https:\/\/serveiseducatius.xtec.cat\/pallars\/wp-content\/uploads\/usu1099\/2023\/02\/jocs-florals-llengua.png\" alt=\"\" width=\"245\" height=\"245\" srcset=\"https:\/\/serveiseducatius.xtec.cat\/pallars\/wp-content\/uploads\/usu1099\/2023\/02\/jocs-florals-llengua.png 190w, https:\/\/serveiseducatius.xtec.cat\/pallars\/wp-content\/uploads\/usu1099\/2023\/02\/jocs-florals-llengua-150x150.png 150w\" sizes=\"auto, (max-width: 245px) 100vw, 245px\" \/><\/a>Felicitem l&#8217;alumnat dels Pallars que ha estat guanyador de la X edici\u00f3 dels Jocs Florals Escolars de Catalunya en la fase Territorial de Lleida en les categories seg\u00fcents:<\/p>\n<p><strong>F1- Primer i segon curs d&#8217;educaci\u00f3 secund\u00e0ria obligat\u00f2ria, prosa<\/strong><\/p>\n<p>El jurat ha decidit atorgar un acc\u00e8ssit a l&#8217;escrit titulat <strong>Vull ser lliure<\/strong> presentat amb el pseud\u00f2nim <strong>Lluna<\/strong> que correspon a l&#8217;alumna <strong>Bruna Puigarnau Moreno<\/strong> del centre <strong>Col\u00b7legi M. Immaculada<\/strong> de Tremp.<\/p>\n<p><strong>G1 &#8211; Tercer i quart curs d&#8217;educaci\u00f3 secund\u00e0ria obligat\u00f2ria, prosa<\/strong><\/p>\n<p>El jurat ha decidit atorgar el premi a l&#8217;escrit titulat <strong>Estimar-se b\u00e9 i millor <\/strong>presentat amb el pseud\u00f2nim <strong>Gisca<\/strong> que correspon a l&#8217;alumna <strong>Cristina Palac\u00edn Garc\u00eda<\/strong> del centre <strong>Col\u00b7legi M. Immaculada<\/strong> de Tremp.<\/p>\n<p>&nbsp;<\/p>\n","protected":false},"excerpt":{"rendered":"<p>Felicitats a les guanyadores<\/p>\n","protected":false},"author":1,"featured_media":20572,"comment_status":"closed","ping_status":"closed","sticky":false,"template":"","format":"standard","meta":{"_bbp_topic_count":0,"_bbp_reply_count":0,"_bbp_total_topic_count":0,"_bbp_total_reply_count":0,"_bbp_voice_count":0,"_bbp_anonymous_reply_count":0,"_bbp_topic_count_hidden":0,"_bbp_reply_count_hidden":0,"_bbp_forum_subforum_count":0,"site-sidebar-layout":"default","site-content-layout":"","ast-site-content-layout":"","site-content-style":"default","site-sidebar-style":"default","ast-global-header-display":"","ast-banner-title-visibility":"","ast-main-header-display":"","ast-hfb-above-header-display":"","ast-hfb-below-header-display":"","ast-hfb-mobile-header-display":"","site-post-title":"","ast-breadcrumbs-content":"","ast-featured-img":"","footer-sml-layout":"","theme-transparent-header-meta":"","adv-header-id-meta":"","stick-header-meta":"","header-above-stick-meta":"","header-main-stick-meta":"","header-below-stick-meta":"","astra-migrate-meta-layouts":"default","ast-page-background-enabled":"default","ast-page-background-meta":{"desktop":{"background-color":"var(--ast-global-color-4)","background-image":"","background-repeat":"repeat","background-position":"center center","background-size":"auto","background-attachment":"scroll","background-type":"","background-media":"","overlay-type":"","overlay-color":"","overlay-opacity":"","overlay-gradient":""},"tablet":{"background-color":"","background-image":"","background-repeat":"repeat","background-position":"center center","background-size":"auto","background-attachment":"scroll","background-type":"","background-media":"","overlay-type":"","overlay-color":"","overlay-opacity":"","overlay-gradient":""},"mobile":{"background-color":"","background-image":"","background-repeat":"repeat","background-position":"center center","background-size":"auto","background-attachment":"scroll","background-type":"","background-media":"","overlay-type":"","overlay-color":"","overlay-opacity":"","overlay-gradient":""}},"ast-content-background-meta":{"desktop":{"background-color":"var(--ast-global-color-5)","background-image":"","background-repeat":"repeat","background-position":"center center","background-size":"auto","background-attachment":"scroll","background-type":"","background-media":"","overlay-type":"","overlay-color":"","overlay-opacity":"","overlay-gradient":""},"tablet":{"background-color":"var(--ast-global-color-5)","background-image":"","background-repeat":"repeat","background-position":"center center","background-size":"auto","background-attachment":"scroll","background-type":"","background-media":"","overlay-type":"","overlay-color":"","overlay-opacity":"","overlay-gradient":""},"mobile":{"background-color":"var(--ast-global-color-5)","background-image":"","background-repeat":"repeat","background-position":"center center","background-size":"auto","background-attachment":"scroll","background-type":"","background-media":"","overlay-type":"","overlay-color":"","overlay-opacity":"","overlay-gradient":""}},"footnotes":""},"categories":[29],"tags":[],"class_list":["post-21159","post","type-post","status-publish","format-standard","has-post-thumbnail","hentry","category-portada"],"post_mailing_queue_ids":[],"_links":{"self":[{"href":"https:\/\/serveiseducatius.xtec.cat\/pallars\/wp-json\/wp\/v2\/posts\/21159","targetHints":{"allow":["GET"]}}],"collection":[{"href":"https:\/\/serveiseducatius.xtec.cat\/pallars\/wp-json\/wp\/v2\/posts"}],"about":[{"href":"https:\/\/serveiseducatius.xtec.cat\/pallars\/wp-json\/wp\/v2\/types\/post"}],"author":[{"embeddable":true,"href":"https:\/\/serveiseducatius.xtec.cat\/pallars\/wp-json\/wp\/v2\/users\/1"}],"replies":[{"embeddable":true,"href":"https:\/\/serveiseducatius.xtec.cat\/pallars\/wp-json\/wp\/v2\/comments?post=21159"}],"version-history":[{"count":3,"href":"https:\/\/serveiseducatius.xtec.cat\/pallars\/wp-json\/wp\/v2\/posts\/21159\/revisions"}],"predecessor-version":[{"id":21167,"href":"https:\/\/serveiseducatius.xtec.cat\/pallars\/wp-json\/wp\/v2\/posts\/21159\/revisions\/21167"}],"wp:featuredmedia":[{"embeddable":true,"href":"https:\/\/serveiseducatius.xtec.cat\/pallars\/wp-json\/wp\/v2\/media\/20572"}],"wp:attachment":[{"href":"https:\/\/serveiseducatius.xtec.cat\/pallars\/wp-json\/wp\/v2\/media?parent=21159"}],"wp:term":[{"taxonomy":"category","embeddable":true,"href":"https:\/\/serveiseducatius.xtec.cat\/pallars\/wp-json\/wp\/v2\/categories?post=21159"},{"taxonomy":"post_tag","embeddable":true,"href":"https:\/\/serveiseducatius.xtec.cat\/pallars\/wp-json\/wp\/v2\/tags?post=21159"}],"curies":[{"name":"wp","href":"https:\/\/api.w.org\/{rel}","templated":true}]}}