{"id":21089,"date":"2023-05-03T13:50:50","date_gmt":"2023-05-03T11:50:50","guid":{"rendered":"https:\/\/serveiseducatius.xtec.cat\/pallars\/?p=21089"},"modified":"2023-05-03T13:51:22","modified_gmt":"2023-05-03T11:51:22","slug":"curtmetratges-per-prevenir-lassetjament-escolar-entre-infants-i-joves","status":"publish","type":"post","link":"https:\/\/serveiseducatius.xtec.cat\/pallars\/general\/curtmetratges-per-prevenir-lassetjament-escolar-entre-infants-i-joves\/","title":{"rendered":"Curtmetratges per prevenir l&#8217;assetjament escolar entre infants i joves"},"content":{"rendered":"<p><a href=\"https:\/\/serveiseducatius.xtec.cat\/pallars\/wp-content\/uploads\/usu1099\/2023\/05\/klipartz.com-2023-05-03T134143.799.png\"><img loading=\"lazy\" decoding=\"async\" class=\"wp-image-21091 alignright\" src=\"https:\/\/serveiseducatius.xtec.cat\/pallars\/wp-content\/uploads\/usu1099\/2023\/05\/klipartz.com-2023-05-03T134143.799.png\" alt=\"\" width=\"319\" height=\"368\" srcset=\"https:\/\/serveiseducatius.xtec.cat\/pallars\/wp-content\/uploads\/usu1099\/2023\/05\/klipartz.com-2023-05-03T134143.799.png 889w, https:\/\/serveiseducatius.xtec.cat\/pallars\/wp-content\/uploads\/usu1099\/2023\/05\/klipartz.com-2023-05-03T134143.799-260x300.png 260w, https:\/\/serveiseducatius.xtec.cat\/pallars\/wp-content\/uploads\/usu1099\/2023\/05\/klipartz.com-2023-05-03T134143.799-768x885.png 768w\" sizes=\"auto, (max-width: 319px) 100vw, 319px\" \/><\/a>L\u2019assetjament afecta milions d\u2019infants i joves a les escoles d\u2019arreu del m\u00f3n, per aix\u00f2 la UNESCO va recon\u00e8ixer el Dia internacional contra l\u2019assetjament escolar el 2 de maig de l\u2019any 2013 amb l\u2019objectiu de conscienciar a tota la poblaci\u00f3.<\/p>\n<p>La mestra i psic\u00f2loga Nati Bergad\u00e0 ha elaborat un article on es recullen diferents <a href=\"https:\/\/natibergada.cat\/curtmetratges-prevenir-assetjament-escolar\/?utm_campaign=nati-assetjament-escolar&amp;utm_medium=email&amp;utm_source=acumbamail\">curtmetratges per treballar la prevenci\u00f3 de l&#8217;assetjament escolar entre infants i joves<\/a>, que considerem que pot ser del vostre inter\u00e8s.<\/p>\n<p>A m\u00e9s a m\u00e9s, el Departament d\u2019Educaci\u00f3 posa a l\u2019abast de la comunitat educativa activitats relacionades amb aquesta problem\u00e0tica, dirigida a l&#8217;alumnat i al professorat que podreu trobar en el seg\u00fcent <a href=\"https:\/\/xtec.gencat.cat\/ca\/centres\/celebracions\/2023\/dia-internacional-contra-lassetjament-escolar\/\">enlla\u00e7<\/a>.<\/p>\n<p>&nbsp;<\/p>\n","protected":false},"excerpt":{"rendered":"<p>Recurs per treballar a l&#8217;aula l&#8217;assetjament escolar<\/p>\n","protected":false},"author":1,"featured_media":21091,"comment_status":"closed","ping_status":"closed","sticky":false,"template":"","format":"standard","meta":{"_bbp_topic_count":0,"_bbp_reply_count":0,"_bbp_total_topic_count":0,"_bbp_total_reply_count":0,"_bbp_voice_count":0,"_bbp_anonymous_reply_count":0,"_bbp_topic_count_hidden":0,"_bbp_reply_count_hidden":0,"_bbp_forum_subforum_count":0,"site-sidebar-layout":"default","site-content-layout":"","ast-site-content-layout":"","site-content-style":"default","site-sidebar-style":"default","ast-global-header-display":"","ast-banner-title-visibility":"","ast-main-header-display":"","ast-hfb-above-header-display":"","ast-hfb-below-header-display":"","ast-hfb-mobile-header-display":"","site-post-title":"","ast-breadcrumbs-content":"","ast-featured-img":"","footer-sml-layout":"","theme-transparent-header-meta":"","adv-header-id-meta":"","stick-header-meta":"","header-above-stick-meta":"","header-main-stick-meta":"","header-below-stick-meta":"","astra-migrate-meta-layouts":"default","ast-page-background-enabled":"default","ast-page-background-meta":{"desktop":{"background-color":"var(--ast-global-color-4)","background-image":"","background-repeat":"repeat","background-position":"center center","background-size":"auto","background-attachment":"scroll","background-type":"","background-media":"","overlay-type":"","overlay-color":"","overlay-opacity":"","overlay-gradient":""},"tablet":{"background-color":"","background-image":"","background-repeat":"repeat","background-position":"center center","background-size":"auto","background-attachment":"scroll","background-type":"","background-media":"","overlay-type":"","overlay-color":"","overlay-opacity":"","overlay-gradient":""},"mobile":{"background-color":"","background-image":"","background-repeat":"repeat","background-position":"center center","background-size":"auto","background-attachment":"scroll","background-type":"","background-media":"","overlay-type":"","overlay-color":"","overlay-opacity":"","overlay-gradient":""}},"ast-content-background-meta":{"desktop":{"background-color":"var(--ast-global-color-5)","background-image":"","background-repeat":"repeat","background-position":"center center","background-size":"auto","background-attachment":"scroll","background-type":"","background-media":"","overlay-type":"","overlay-color":"","overlay-opacity":"","overlay-gradient":""},"tablet":{"background-color":"var(--ast-global-color-5)","background-image":"","background-repeat":"repeat","background-position":"center center","background-size":"auto","background-attachment":"scroll","background-type":"","background-media":"","overlay-type":"","overlay-color":"","overlay-opacity":"","overlay-gradient":""},"mobile":{"background-color":"var(--ast-global-color-5)","background-image":"","background-repeat":"repeat","background-position":"center center","background-size":"auto","background-attachment":"scroll","background-type":"","background-media":"","overlay-type":"","overlay-color":"","overlay-opacity":"","overlay-gradient":""}},"footnotes":""},"categories":[1,29],"tags":[],"class_list":["post-21089","post","type-post","status-publish","format-standard","has-post-thumbnail","hentry","category-general","category-portada"],"post_mailing_queue_ids":[],"_links":{"self":[{"href":"https:\/\/serveiseducatius.xtec.cat\/pallars\/wp-json\/wp\/v2\/posts\/21089","targetHints":{"allow":["GET"]}}],"collection":[{"href":"https:\/\/serveiseducatius.xtec.cat\/pallars\/wp-json\/wp\/v2\/posts"}],"about":[{"href":"https:\/\/serveiseducatius.xtec.cat\/pallars\/wp-json\/wp\/v2\/types\/post"}],"author":[{"embeddable":true,"href":"https:\/\/serveiseducatius.xtec.cat\/pallars\/wp-json\/wp\/v2\/users\/1"}],"replies":[{"embeddable":true,"href":"https:\/\/serveiseducatius.xtec.cat\/pallars\/wp-json\/wp\/v2\/comments?post=21089"}],"version-history":[{"count":3,"href":"https:\/\/serveiseducatius.xtec.cat\/pallars\/wp-json\/wp\/v2\/posts\/21089\/revisions"}],"predecessor-version":[{"id":21093,"href":"https:\/\/serveiseducatius.xtec.cat\/pallars\/wp-json\/wp\/v2\/posts\/21089\/revisions\/21093"}],"wp:featuredmedia":[{"embeddable":true,"href":"https:\/\/serveiseducatius.xtec.cat\/pallars\/wp-json\/wp\/v2\/media\/21091"}],"wp:attachment":[{"href":"https:\/\/serveiseducatius.xtec.cat\/pallars\/wp-json\/wp\/v2\/media?parent=21089"}],"wp:term":[{"taxonomy":"category","embeddable":true,"href":"https:\/\/serveiseducatius.xtec.cat\/pallars\/wp-json\/wp\/v2\/categories?post=21089"},{"taxonomy":"post_tag","embeddable":true,"href":"https:\/\/serveiseducatius.xtec.cat\/pallars\/wp-json\/wp\/v2\/tags?post=21089"}],"curies":[{"name":"wp","href":"https:\/\/api.w.org\/{rel}","templated":true}]}}