{"id":21028,"date":"2023-04-28T10:30:35","date_gmt":"2023-04-28T08:30:35","guid":{"rendered":"https:\/\/serveiseducatius.xtec.cat\/pallars\/?p=21028"},"modified":"2023-04-28T13:38:14","modified_gmt":"2023-04-28T11:38:14","slug":"oberta-la-inscripcions-als-cda-i-eda-2","status":"publish","type":"post","link":"https:\/\/serveiseducatius.xtec.cat\/pallars\/general\/oberta-la-inscripcions-als-cda-i-eda-2\/","title":{"rendered":"Oberta la inscripcions als CdA i EdA"},"content":{"rendered":"<p>Del <span style=\"font-size: 20px;\"><strong>2\u00a0 al 31 de maig de 2023<\/strong><\/span> romandr\u00e0 obert el per\u00edode de preinscripci\u00f3 per a realitzar estades i sortides als Camps i Entorns d&#8217;Aprenentatge de Catalunya per al curs 2023-2024.<a href=\"https:\/\/serveiseducatius.xtec.cat\/pallars\/wp-content\/uploads\/usu1099\/2023\/04\/Poster-inscripcions-CdA-EdA-23-24-1.jpg\"><img loading=\"lazy\" decoding=\"async\" class=\"wp-image-21032 alignright\" src=\"https:\/\/serveiseducatius.xtec.cat\/pallars\/wp-content\/uploads\/usu1099\/2023\/04\/Poster-inscripcions-CdA-EdA-23-24-1.jpg\" alt=\"\" width=\"480\" height=\"679\" srcset=\"https:\/\/serveiseducatius.xtec.cat\/pallars\/wp-content\/uploads\/usu1099\/2023\/04\/Poster-inscripcions-CdA-EdA-23-24-1.jpg 1587w, https:\/\/serveiseducatius.xtec.cat\/pallars\/wp-content\/uploads\/usu1099\/2023\/04\/Poster-inscripcions-CdA-EdA-23-24-1-212x300.jpg 212w, https:\/\/serveiseducatius.xtec.cat\/pallars\/wp-content\/uploads\/usu1099\/2023\/04\/Poster-inscripcions-CdA-EdA-23-24-1-724x1024.jpg 724w, https:\/\/serveiseducatius.xtec.cat\/pallars\/wp-content\/uploads\/usu1099\/2023\/04\/Poster-inscripcions-CdA-EdA-23-24-1-768x1086.jpg 768w, https:\/\/serveiseducatius.xtec.cat\/pallars\/wp-content\/uploads\/usu1099\/2023\/04\/Poster-inscripcions-CdA-EdA-23-24-1-1086x1536.jpg 1086w, https:\/\/serveiseducatius.xtec.cat\/pallars\/wp-content\/uploads\/usu1099\/2023\/04\/Poster-inscripcions-CdA-EdA-23-24-1-1448x2048.jpg 1448w\" sizes=\"auto, (max-width: 480px) 100vw, 480px\" \/><\/a><\/p>\n<p><strong>Calendari:\u00a0\u00a0<\/strong><\/p>\n<ul>\n<li><strong>Sol\u00b7licituds\u00a0<\/strong>d&#8217;inscripci\u00f3 en per\u00edode ordinari:\u00a0del 2 al 31 de maig de 2023<\/li>\n<li><strong>Sol\u00b7licituds\u00a0<\/strong>d&#8217;inscripci\u00f3 en per\u00edode extraordinari:\u00a0de l&#8217;1 de juny de 2023 a l&#8217;1 de juny de 2024<\/li>\n<li><strong>Assignaci\u00f3<\/strong>\u00a0de les sol\u00b7licituds:\u00a0del 7 al 29 de juny de 2023<\/li>\n<li><strong>Acceptaci\u00f3\u00a0<\/strong>de l&#8217;assignaci\u00f3:\u00a0del 30 de juny de 2023 al 12 de juliol de 2024<\/li>\n<li><strong>Inscripci\u00f3<\/strong>: el centre educatiu quedar\u00e0 inscrit, nom\u00e9s, si s\u2019ha fet un bon moment 1 en acord entre el centre educatiu i el CdA\/EdA i si accepta l\u2019assignaci\u00f3.<\/li>\n<\/ul>\n<p>Dins aquest per\u00edode, la inscripci\u00f3 a les estades i sortides per a tots els CdA \/ EdA es realitza a trav\u00e9s de l\u2019<a href=\"http:\/\/aplicacions.gestioeducativa.gencat.cat\/pls\/apex\/f?p=camps\" target=\"_blank\" rel=\"noopener\">aplicaci\u00f3 CAMPS<\/a>. Per defecte, l\u2019acc\u00e9s a l\u2019aplicaci\u00f3 est\u00e0 perm\u00e8s a les persones de l\u2019equip directiu (pels centres p\u00fablics)\u00a0 i al director (pels centres privats). Per a m\u00e9s informaci\u00f3 consulteu el\u00a0<strong><a href=\"http:\/\/xtec.gencat.cat\/ca\/serveis\/sesc\/cda\/inscripcio\/\">seg\u00fcent enlla\u00e7.<\/a><\/strong><\/p>\n<p>Acc\u00e9s a les p\u00e0gines del Camp i Entorn d&#8217;Aprenentatge del SE dels Pallars on podeu consultar totes les activitats que proposen i es duen a terme.<\/p>\n<table style=\"border-collapse: collapse; width: 46.0998%;\">\n<tbody>\n<tr>\n<td style=\"width: 23.5849%; border-style: none; border-color: #ffffff; background-color: #fcfcfc;\"><a href=\"https:\/\/serveiseducatius.xtec.cat\/cda-vallsdaneu\/\"><img loading=\"lazy\" decoding=\"async\" class=\"size-full wp-image-17843 aligncenter\" src=\"https:\/\/serveiseducatius.xtec.cat\/pallars\/wp-content\/uploads\/usu1099\/2022\/03\/logo-cda-aneu-1.png\" alt=\"\" width=\"240\" height=\"240\" srcset=\"https:\/\/serveiseducatius.xtec.cat\/pallars\/wp-content\/uploads\/usu1099\/2022\/03\/logo-cda-aneu-1.png 240w, https:\/\/serveiseducatius.xtec.cat\/pallars\/wp-content\/uploads\/usu1099\/2022\/03\/logo-cda-aneu-1-150x150.png 150w\" sizes=\"auto, (max-width: 240px) 100vw, 240px\" \/><\/a><\/td>\n<td style=\"width: 22.5157%; border-style: none; border-color: #ffffff; background-color: #fcfcfc;\"><a href=\"https:\/\/serveiseducatius.xtec.cat\/eda-tremp\/\"><img loading=\"lazy\" decoding=\"async\" class=\"size-full wp-image-17585 aligncenter\" src=\"https:\/\/serveiseducatius.xtec.cat\/pallars\/wp-content\/uploads\/usu1099\/2022\/02\/eda-de-tremp.jpg\" alt=\"\" width=\"240\" height=\"240\" srcset=\"https:\/\/serveiseducatius.xtec.cat\/pallars\/wp-content\/uploads\/usu1099\/2022\/02\/eda-de-tremp.jpg 240w, https:\/\/serveiseducatius.xtec.cat\/pallars\/wp-content\/uploads\/usu1099\/2022\/02\/eda-de-tremp-150x150.jpg 150w\" sizes=\"auto, (max-width: 240px) 100vw, 240px\" \/><\/a><\/td>\n<\/tr>\n<tr>\n<td style=\"width: 23.5849%; border-style: none; border-color: #ffffff; background-color: #fcfcfc;\"><\/td>\n<td style=\"width: 22.5157%; border-style: none; border-color: #ffffff; background-color: #fcfcfc;\">Novetats:<\/p>\n<div><a href=\"https:\/\/serveiseducatius.xtec.cat\/eda-tremp\/ambits\/el-bosc\/relleus-als-pirineus\/\" target=\"_blank\" rel=\"noopener\" data-saferedirecturl=\"https:\/\/www.google.com\/url?q=https:\/\/serveiseducatius.xtec.cat\/eda-tremp\/ambits\/el-bosc\/relleus-als-pirineus\/&amp;source=gmail&amp;ust=1682416199658000&amp;usg=AOvVaw2BG1e8jMcw1yvXCAEbk9oK\">Relleus als Pirineus!<\/a><\/div>\n<div><\/div>\n<div><a href=\"https:\/\/serveiseducatius.xtec.cat\/eda-tremp\/ambits\/el-bosc\/seguint-el-rastre\/\" target=\"_blank\" rel=\"noopener\" data-saferedirecturl=\"https:\/\/www.google.com\/url?q=https:\/\/serveiseducatius.xtec.cat\/eda-tremp\/ambits\/el-bosc\/seguint-el-rastre\/&amp;source=gmail&amp;ust=1682416199658000&amp;usg=AOvVaw3JU5Lc9EDRlnA9HcjW0ekv\">Seguint el rastre<\/a><\/div>\n<div><\/div>\n<\/td>\n<\/tr>\n<\/tbody>\n<\/table>\n<p>&nbsp;<\/p>\n","protected":false},"excerpt":{"rendered":"<p>Inscripcions del 2 al 31 de maig de 2023<\/p>\n","protected":false},"author":1,"featured_media":21035,"comment_status":"closed","ping_status":"closed","sticky":false,"template":"","format":"standard","meta":{"_bbp_topic_count":0,"_bbp_reply_count":0,"_bbp_total_topic_count":0,"_bbp_total_reply_count":0,"_bbp_voice_count":0,"_bbp_anonymous_reply_count":0,"_bbp_topic_count_hidden":0,"_bbp_reply_count_hidden":0,"_bbp_forum_subforum_count":0,"site-sidebar-layout":"default","site-content-layout":"","ast-site-content-layout":"","site-content-style":"default","site-sidebar-style":"default","ast-global-header-display":"","ast-banner-title-visibility":"","ast-main-header-display":"","ast-hfb-above-header-display":"","ast-hfb-below-header-display":"","ast-hfb-mobile-header-display":"","site-post-title":"","ast-breadcrumbs-content":"","ast-featured-img":"","footer-sml-layout":"","theme-transparent-header-meta":"","adv-header-id-meta":"","stick-header-meta":"","header-above-stick-meta":"","header-main-stick-meta":"","header-below-stick-meta":"","astra-migrate-meta-layouts":"default","ast-page-background-enabled":"default","ast-page-background-meta":{"desktop":{"background-color":"var(--ast-global-color-4)","background-image":"","background-repeat":"repeat","background-position":"center center","background-size":"auto","background-attachment":"scroll","background-type":"","background-media":"","overlay-type":"","overlay-color":"","overlay-opacity":"","overlay-gradient":""},"tablet":{"background-color":"","background-image":"","background-repeat":"repeat","background-position":"center center","background-size":"auto","background-attachment":"scroll","background-type":"","background-media":"","overlay-type":"","overlay-color":"","overlay-opacity":"","overlay-gradient":""},"mobile":{"background-color":"","background-image":"","background-repeat":"repeat","background-position":"center center","background-size":"auto","background-attachment":"scroll","background-type":"","background-media":"","overlay-type":"","overlay-color":"","overlay-opacity":"","overlay-gradient":""}},"ast-content-background-meta":{"desktop":{"background-color":"var(--ast-global-color-5)","background-image":"","background-repeat":"repeat","background-position":"center center","background-size":"auto","background-attachment":"scroll","background-type":"","background-media":"","overlay-type":"","overlay-color":"","overlay-opacity":"","overlay-gradient":""},"tablet":{"background-color":"var(--ast-global-color-5)","background-image":"","background-repeat":"repeat","background-position":"center center","background-size":"auto","background-attachment":"scroll","background-type":"","background-media":"","overlay-type":"","overlay-color":"","overlay-opacity":"","overlay-gradient":""},"mobile":{"background-color":"var(--ast-global-color-5)","background-image":"","background-repeat":"repeat","background-position":"center center","background-size":"auto","background-attachment":"scroll","background-type":"","background-media":"","overlay-type":"","overlay-color":"","overlay-opacity":"","overlay-gradient":""}},"footnotes":""},"categories":[1,29],"tags":[],"class_list":["post-21028","post","type-post","status-publish","format-standard","has-post-thumbnail","hentry","category-general","category-portada"],"post_mailing_queue_ids":[],"_links":{"self":[{"href":"https:\/\/serveiseducatius.xtec.cat\/pallars\/wp-json\/wp\/v2\/posts\/21028","targetHints":{"allow":["GET"]}}],"collection":[{"href":"https:\/\/serveiseducatius.xtec.cat\/pallars\/wp-json\/wp\/v2\/posts"}],"about":[{"href":"https:\/\/serveiseducatius.xtec.cat\/pallars\/wp-json\/wp\/v2\/types\/post"}],"author":[{"embeddable":true,"href":"https:\/\/serveiseducatius.xtec.cat\/pallars\/wp-json\/wp\/v2\/users\/1"}],"replies":[{"embeddable":true,"href":"https:\/\/serveiseducatius.xtec.cat\/pallars\/wp-json\/wp\/v2\/comments?post=21028"}],"version-history":[{"count":3,"href":"https:\/\/serveiseducatius.xtec.cat\/pallars\/wp-json\/wp\/v2\/posts\/21028\/revisions"}],"predecessor-version":[{"id":21036,"href":"https:\/\/serveiseducatius.xtec.cat\/pallars\/wp-json\/wp\/v2\/posts\/21028\/revisions\/21036"}],"wp:featuredmedia":[{"embeddable":true,"href":"https:\/\/serveiseducatius.xtec.cat\/pallars\/wp-json\/wp\/v2\/media\/21035"}],"wp:attachment":[{"href":"https:\/\/serveiseducatius.xtec.cat\/pallars\/wp-json\/wp\/v2\/media?parent=21028"}],"wp:term":[{"taxonomy":"category","embeddable":true,"href":"https:\/\/serveiseducatius.xtec.cat\/pallars\/wp-json\/wp\/v2\/categories?post=21028"},{"taxonomy":"post_tag","embeddable":true,"href":"https:\/\/serveiseducatius.xtec.cat\/pallars\/wp-json\/wp\/v2\/tags?post=21028"}],"curies":[{"name":"wp","href":"https:\/\/api.w.org\/{rel}","templated":true}]}}