{"id":20914,"date":"2023-05-01T17:05:21","date_gmt":"2023-05-01T15:05:21","guid":{"rendered":"https:\/\/serveiseducatius.xtec.cat\/pallars\/?p=20914"},"modified":"2023-10-04T16:06:29","modified_gmt":"2023-10-04T14:06:29","slug":"centenari-joan-oro-i-florensa","status":"publish","type":"post","link":"https:\/\/serveiseducatius.xtec.cat\/pallars\/general\/centenari-joan-oro-i-florensa\/","title":{"rendered":"Centenari Joan Or\u00f3 i Florensa"},"content":{"rendered":"<p><a href=\"https:\/\/www.missiojoanoro.cat\/\"><img loading=\"lazy\" decoding=\"async\" class=\"alignleft wp-image-20916\" src=\"https:\/\/serveiseducatius.xtec.cat\/pallars\/wp-content\/uploads\/usu1099\/2023\/03\/Missio-Joan-Oro.jpg\" alt=\"\" width=\"448\" height=\"217\" srcset=\"https:\/\/serveiseducatius.xtec.cat\/pallars\/wp-content\/uploads\/usu1099\/2023\/03\/Missio-Joan-Oro.jpg 322w, https:\/\/serveiseducatius.xtec.cat\/pallars\/wp-content\/uploads\/usu1099\/2023\/03\/Missio-Joan-Oro-300x145.jpg 300w\" sizes=\"auto, (max-width: 448px) 100vw, 448px\" \/><\/a>Durant la Setmana de la ci\u00e8ncia podeu treballar amb el vostre alumnat els reptes i activitats de la Missi\u00f3 Joan Or\u00f3. Amb el motiu del centenari del naixement de Joan Or\u00f3 i Florensa, bioqu\u00edmic lleidat\u00e0, col\u00b7laborador amb projectes de la NASA i investigador en estudis del qual han estat claus per entendre l&#8217;origen de la vida a la Terra. S&#8217;han organitzat a Lleida un seguit d&#8217;actes per celebrar el seu centenari.<\/p>\n<p>Entre moltes de les activitats trobem la confecci\u00f3 d&#8217;una web anomenada <strong><span style=\"font-size: 20px;\"><em><a href=\"https:\/\/www.missiojoanoro.cat\/\">Missi\u00f3 Joan Or\u00f3<\/a><\/em><\/span><\/strong><span style=\"font-size: 20px;\">.<\/span> En aquesta trobareu una recopilaci\u00f3 d&#8217;activitats dirigides a fomentar les activitats d&#8217;indagaci\u00f3 cient\u00edfica entre l&#8217;alumnat, donant com a resultat un banc de recursos. A m\u00e9s a m\u00e9s, trobareu tota l&#8217;actualitat relacionada amb els actes de commemoraci\u00f3 del seu naixement.<\/p>\n<p>Aquesta web s&#8217;ha dut a terme gr\u00e0cies a un equip de professors dels centres docents lleidatans, coordinats pels Serveis Educatius del Departament d&#8217;Educaci\u00f3.<\/p>\n<p>&nbsp;<\/p>\n","protected":false},"excerpt":{"rendered":"<p>Web commemoraci\u00f3 centenari del seu naixment<\/p>\n","protected":false},"author":1,"featured_media":20916,"comment_status":"closed","ping_status":"closed","sticky":false,"template":"","format":"standard","meta":{"_bbp_topic_count":0,"_bbp_reply_count":0,"_bbp_total_topic_count":0,"_bbp_total_reply_count":0,"_bbp_voice_count":0,"_bbp_anonymous_reply_count":0,"_bbp_topic_count_hidden":0,"_bbp_reply_count_hidden":0,"_bbp_forum_subforum_count":0,"site-sidebar-layout":"default","site-content-layout":"","ast-site-content-layout":"","site-content-style":"default","site-sidebar-style":"default","ast-global-header-display":"","ast-banner-title-visibility":"","ast-main-header-display":"","ast-hfb-above-header-display":"","ast-hfb-below-header-display":"","ast-hfb-mobile-header-display":"","site-post-title":"","ast-breadcrumbs-content":"","ast-featured-img":"","footer-sml-layout":"","theme-transparent-header-meta":"","adv-header-id-meta":"","stick-header-meta":"","header-above-stick-meta":"","header-main-stick-meta":"","header-below-stick-meta":"","astra-migrate-meta-layouts":"default","ast-page-background-enabled":"default","ast-page-background-meta":{"desktop":{"background-color":"var(--ast-global-color-4)","background-image":"","background-repeat":"repeat","background-position":"center center","background-size":"auto","background-attachment":"scroll","background-type":"","background-media":"","overlay-type":"","overlay-color":"","overlay-opacity":"","overlay-gradient":""},"tablet":{"background-color":"","background-image":"","background-repeat":"repeat","background-position":"center center","background-size":"auto","background-attachment":"scroll","background-type":"","background-media":"","overlay-type":"","overlay-color":"","overlay-opacity":"","overlay-gradient":""},"mobile":{"background-color":"","background-image":"","background-repeat":"repeat","background-position":"center center","background-size":"auto","background-attachment":"scroll","background-type":"","background-media":"","overlay-type":"","overlay-color":"","overlay-opacity":"","overlay-gradient":""}},"ast-content-background-meta":{"desktop":{"background-color":"var(--ast-global-color-5)","background-image":"","background-repeat":"repeat","background-position":"center center","background-size":"auto","background-attachment":"scroll","background-type":"","background-media":"","overlay-type":"","overlay-color":"","overlay-opacity":"","overlay-gradient":""},"tablet":{"background-color":"var(--ast-global-color-5)","background-image":"","background-repeat":"repeat","background-position":"center center","background-size":"auto","background-attachment":"scroll","background-type":"","background-media":"","overlay-type":"","overlay-color":"","overlay-opacity":"","overlay-gradient":""},"mobile":{"background-color":"var(--ast-global-color-5)","background-image":"","background-repeat":"repeat","background-position":"center center","background-size":"auto","background-attachment":"scroll","background-type":"","background-media":"","overlay-type":"","overlay-color":"","overlay-opacity":"","overlay-gradient":""}},"footnotes":""},"categories":[1,29],"tags":[],"class_list":["post-20914","post","type-post","status-publish","format-standard","has-post-thumbnail","hentry","category-general","category-portada"],"post_mailing_queue_ids":[],"_links":{"self":[{"href":"https:\/\/serveiseducatius.xtec.cat\/pallars\/wp-json\/wp\/v2\/posts\/20914","targetHints":{"allow":["GET"]}}],"collection":[{"href":"https:\/\/serveiseducatius.xtec.cat\/pallars\/wp-json\/wp\/v2\/posts"}],"about":[{"href":"https:\/\/serveiseducatius.xtec.cat\/pallars\/wp-json\/wp\/v2\/types\/post"}],"author":[{"embeddable":true,"href":"https:\/\/serveiseducatius.xtec.cat\/pallars\/wp-json\/wp\/v2\/users\/1"}],"replies":[{"embeddable":true,"href":"https:\/\/serveiseducatius.xtec.cat\/pallars\/wp-json\/wp\/v2\/comments?post=20914"}],"version-history":[{"count":4,"href":"https:\/\/serveiseducatius.xtec.cat\/pallars\/wp-json\/wp\/v2\/posts\/20914\/revisions"}],"predecessor-version":[{"id":21917,"href":"https:\/\/serveiseducatius.xtec.cat\/pallars\/wp-json\/wp\/v2\/posts\/20914\/revisions\/21917"}],"wp:featuredmedia":[{"embeddable":true,"href":"https:\/\/serveiseducatius.xtec.cat\/pallars\/wp-json\/wp\/v2\/media\/20916"}],"wp:attachment":[{"href":"https:\/\/serveiseducatius.xtec.cat\/pallars\/wp-json\/wp\/v2\/media?parent=20914"}],"wp:term":[{"taxonomy":"category","embeddable":true,"href":"https:\/\/serveiseducatius.xtec.cat\/pallars\/wp-json\/wp\/v2\/categories?post=20914"},{"taxonomy":"post_tag","embeddable":true,"href":"https:\/\/serveiseducatius.xtec.cat\/pallars\/wp-json\/wp\/v2\/tags?post=20914"}],"curies":[{"name":"wp","href":"https:\/\/api.w.org\/{rel}","templated":true}]}}