{"id":20894,"date":"2023-03-30T21:20:18","date_gmt":"2023-03-30T19:20:18","guid":{"rendered":"https:\/\/serveiseducatius.xtec.cat\/pallars\/?p=20894"},"modified":"2023-04-24T13:33:41","modified_gmt":"2023-04-24T11:33:41","slug":"fira-de-la-petita-infancia-a-lalt-pirineu-i-aran-la-carrulla","status":"publish","type":"post","link":"https:\/\/serveiseducatius.xtec.cat\/pallars\/general\/fira-de-la-petita-infancia-a-lalt-pirineu-i-aran-la-carrulla\/","title":{"rendered":"Fira de la petita inf\u00e0ncia a l&#8217;Alt Pirineu i Aran : La Carrulla"},"content":{"rendered":"<p><a href=\"https:\/\/www.carrulla.cat\/\"><img loading=\"lazy\" decoding=\"async\" class=\"wp-image-20960 alignnone\" src=\"https:\/\/serveiseducatius.xtec.cat\/pallars\/wp-content\/uploads\/usu1099\/2023\/03\/fira-la-carrulla.jpg\" alt=\"\" width=\"1327\" height=\"630\" srcset=\"https:\/\/serveiseducatius.xtec.cat\/pallars\/wp-content\/uploads\/usu1099\/2023\/03\/fira-la-carrulla.jpg 1521w, https:\/\/serveiseducatius.xtec.cat\/pallars\/wp-content\/uploads\/usu1099\/2023\/03\/fira-la-carrulla-300x142.jpg 300w, https:\/\/serveiseducatius.xtec.cat\/pallars\/wp-content\/uploads\/usu1099\/2023\/03\/fira-la-carrulla-1024x486.jpg 1024w, https:\/\/serveiseducatius.xtec.cat\/pallars\/wp-content\/uploads\/usu1099\/2023\/03\/fira-la-carrulla-768x365.jpg 768w\" sizes=\"auto, (max-width: 1327px) 100vw, 1327px\" \/><\/a><\/p>\n<p>Us volem presentar un projecte que neix de la necessitat de visibilitzar l&#8217;etapa Infantil al nostre territori de l&#8217;Alt Pirineu i Aran. Dues mestres de la llar d&#8217;Infants Els Malfargats juntament amb el Servei Educatiu dels Pallars organitzarem la <strong>Fira de la Petita Inf\u00e0ncia<\/strong>, aquesta es realitzar\u00e0 el dissabte<strong>\u00a03 de juny\u00a0<\/strong>a Sort.<\/p>\n<p>Us adjuntem a continuaci\u00f3 <strong><a href=\"https:\/\/drive.google.com\/file\/d\/1-VIHE7yDy0_YR0h2qo_R7XuMM5pnLjyh\/view?usp=share_link\"><span style=\"font-size: 20px;\">el programa provisional<\/span><\/a><\/strong>. \u00c9s per a nosaltres de vital import\u00e0ncia comptar amb la vostra participaci\u00f3, tant si veniu com a mestres o com a fam\u00edlies, ja que estar\u00e0 dedicada a tota la comunitat educativa.<\/p>\n<p>A la Fira hi haur\u00e0 espais diferenciats:<\/p>\n<ul>\n<li><strong>Pon\u00e8ncies<\/strong>, reconegudes dins el Pla de formaci\u00f3 de Zona dels Pallars, si us apunteu obtindreu certificaci\u00f3 d&#8217;hores de formaci\u00f3. Inscripci\u00f3<\/li>\n<li><strong>Tallers<\/strong>\u00a0per a infants<\/li>\n<li><strong>Espai<\/strong> destinat a experi\u00e8ncies que heu dut a terme a la vostra aula, si ens les voleu presentar nom\u00e9s cal que ompliu <a href=\"https:\/\/forms.gle\/dnPFL8WF11rBWjq38\"><span style=\"font-size: 20px;\"><strong>aquest formulari<\/strong><\/span><\/a>. Crearem uns p\u00f2sters per a servir d&#8217;exposici\u00f3 durant la jornada.\u00a0 Aquell dia, us convidem que esteu davant del p\u00f2ster feu 5 c\u00e8ntims a tots aquells visitants que gaudiran de la jornada.<\/li>\n<li><strong>Espai comercial\u00a0<\/strong>de la petita inf\u00e0ncia<\/li>\n<li><strong>Taula rodona<\/strong>\u00a0de debat pedag\u00f2gic<\/li>\n<li><strong>Espectacle final<\/strong><\/li>\n<\/ul>\n<p>&nbsp;<\/p>\n<table style=\"height: 10px; width: 33.6478%; border-collapse: collapse; border-style: none;\">\n<tbody>\n<tr style=\"height: 10px;\">\n<td style=\"width: 17.2275%; height: 10px; border-style: none; border-color: #fcfcfc;\">\n<p style=\"text-align: left;\"><a href=\"https:\/\/www.instagram.com\/lacarrulla\/\"><img loading=\"lazy\" decoding=\"async\" class=\"size-full wp-image-19201 alignleft\" src=\"https:\/\/serveiseducatius.xtec.cat\/pallars\/wp-content\/uploads\/usu1099\/2022\/09\/instagramicona.png\" alt=\"\" width=\"71\" height=\"72\" \/><\/a>Si ens voleu seguir a<\/p>\n<p style=\"text-align: left;\"><a href=\"https:\/\/www.instagram.com\/lacarrulla\/\">lacarrulla<\/a><\/p>\n<\/td>\n<td style=\"width: 16.4203%; height: 10px; border-style: none; border-color: #fcfcfc;\"><a href=\"https:\/\/www.carrulla.cat\/\"><img loading=\"lazy\" decoding=\"async\" class=\"alignleft wp-image-19200\" src=\"https:\/\/serveiseducatius.xtec.cat\/pallars\/wp-content\/uploads\/usu1099\/2022\/09\/pagina-web.png\" alt=\"\" width=\"114\" height=\"92\" \/><\/a><\/td>\n<\/tr>\n<\/tbody>\n<\/table>\n","protected":false},"excerpt":{"rendered":"<p>Dissabte, 3 de juny 1a Fira de la petita inf\u00e0ncia de l&#8217;alt<\/p>\n","protected":false},"author":1,"featured_media":20960,"comment_status":"closed","ping_status":"closed","sticky":false,"template":"","format":"standard","meta":{"_bbp_topic_count":0,"_bbp_reply_count":0,"_bbp_total_topic_count":0,"_bbp_total_reply_count":0,"_bbp_voice_count":0,"_bbp_anonymous_reply_count":0,"_bbp_topic_count_hidden":0,"_bbp_reply_count_hidden":0,"_bbp_forum_subforum_count":0,"site-sidebar-layout":"default","site-content-layout":"","ast-site-content-layout":"","site-content-style":"default","site-sidebar-style":"default","ast-global-header-display":"","ast-banner-title-visibility":"","ast-main-header-display":"","ast-hfb-above-header-display":"","ast-hfb-below-header-display":"","ast-hfb-mobile-header-display":"","site-post-title":"","ast-breadcrumbs-content":"","ast-featured-img":"","footer-sml-layout":"","theme-transparent-header-meta":"","adv-header-id-meta":"","stick-header-meta":"","header-above-stick-meta":"","header-main-stick-meta":"","header-below-stick-meta":"","astra-migrate-meta-layouts":"default","ast-page-background-enabled":"default","ast-page-background-meta":{"desktop":{"background-color":"var(--ast-global-color-4)","background-image":"","background-repeat":"repeat","background-position":"center center","background-size":"auto","background-attachment":"scroll","background-type":"","background-media":"","overlay-type":"","overlay-color":"","overlay-opacity":"","overlay-gradient":""},"tablet":{"background-color":"","background-image":"","background-repeat":"repeat","background-position":"center center","background-size":"auto","background-attachment":"scroll","background-type":"","background-media":"","overlay-type":"","overlay-color":"","overlay-opacity":"","overlay-gradient":""},"mobile":{"background-color":"","background-image":"","background-repeat":"repeat","background-position":"center center","background-size":"auto","background-attachment":"scroll","background-type":"","background-media":"","overlay-type":"","overlay-color":"","overlay-opacity":"","overlay-gradient":""}},"ast-content-background-meta":{"desktop":{"background-color":"var(--ast-global-color-5)","background-image":"","background-repeat":"repeat","background-position":"center center","background-size":"auto","background-attachment":"scroll","background-type":"","background-media":"","overlay-type":"","overlay-color":"","overlay-opacity":"","overlay-gradient":""},"tablet":{"background-color":"var(--ast-global-color-5)","background-image":"","background-repeat":"repeat","background-position":"center center","background-size":"auto","background-attachment":"scroll","background-type":"","background-media":"","overlay-type":"","overlay-color":"","overlay-opacity":"","overlay-gradient":""},"mobile":{"background-color":"var(--ast-global-color-5)","background-image":"","background-repeat":"repeat","background-position":"center center","background-size":"auto","background-attachment":"scroll","background-type":"","background-media":"","overlay-type":"","overlay-color":"","overlay-opacity":"","overlay-gradient":""}},"footnotes":""},"categories":[1],"tags":[],"class_list":["post-20894","post","type-post","status-publish","format-standard","has-post-thumbnail","hentry","category-general"],"post_mailing_queue_ids":[],"_links":{"self":[{"href":"https:\/\/serveiseducatius.xtec.cat\/pallars\/wp-json\/wp\/v2\/posts\/20894","targetHints":{"allow":["GET"]}}],"collection":[{"href":"https:\/\/serveiseducatius.xtec.cat\/pallars\/wp-json\/wp\/v2\/posts"}],"about":[{"href":"https:\/\/serveiseducatius.xtec.cat\/pallars\/wp-json\/wp\/v2\/types\/post"}],"author":[{"embeddable":true,"href":"https:\/\/serveiseducatius.xtec.cat\/pallars\/wp-json\/wp\/v2\/users\/1"}],"replies":[{"embeddable":true,"href":"https:\/\/serveiseducatius.xtec.cat\/pallars\/wp-json\/wp\/v2\/comments?post=20894"}],"version-history":[{"count":3,"href":"https:\/\/serveiseducatius.xtec.cat\/pallars\/wp-json\/wp\/v2\/posts\/20894\/revisions"}],"predecessor-version":[{"id":21041,"href":"https:\/\/serveiseducatius.xtec.cat\/pallars\/wp-json\/wp\/v2\/posts\/20894\/revisions\/21041"}],"wp:featuredmedia":[{"embeddable":true,"href":"https:\/\/serveiseducatius.xtec.cat\/pallars\/wp-json\/wp\/v2\/media\/20960"}],"wp:attachment":[{"href":"https:\/\/serveiseducatius.xtec.cat\/pallars\/wp-json\/wp\/v2\/media?parent=20894"}],"wp:term":[{"taxonomy":"category","embeddable":true,"href":"https:\/\/serveiseducatius.xtec.cat\/pallars\/wp-json\/wp\/v2\/categories?post=20894"},{"taxonomy":"post_tag","embeddable":true,"href":"https:\/\/serveiseducatius.xtec.cat\/pallars\/wp-json\/wp\/v2\/tags?post=20894"}],"curies":[{"name":"wp","href":"https:\/\/api.w.org\/{rel}","templated":true}]}}