{"id":20677,"date":"2023-02-10T14:55:10","date_gmt":"2023-02-10T13:55:10","guid":{"rendered":"https:\/\/serveiseducatius.xtec.cat\/pallars\/?p=20677"},"modified":"2023-02-13T09:17:19","modified_gmt":"2023-02-13T08:17:19","slug":"animac","status":"publish","type":"post","link":"https:\/\/serveiseducatius.xtec.cat\/pallars\/portada\/animac\/","title":{"rendered":"Animac"},"content":{"rendered":"<p><img loading=\"lazy\" decoding=\"async\" class=\"wp-image-20680 alignright\" src=\"https:\/\/serveiseducatius.xtec.cat\/pallars\/wp-content\/uploads\/usu1099\/2023\/02\/animac.png\" alt=\"\" width=\"405\" height=\"570\" srcset=\"https:\/\/serveiseducatius.xtec.cat\/pallars\/wp-content\/uploads\/usu1099\/2023\/02\/animac.png 240w, https:\/\/serveiseducatius.xtec.cat\/pallars\/wp-content\/uploads\/usu1099\/2023\/02\/animac-213x300.png 213w\" sizes=\"auto, (max-width: 405px) 100vw, 405px\" \/>El pr\u00f2xim 22 de febrer de 2023 a l&#8217;Espai Cultural la Lira de Tremp hi ha prevista una sessi\u00f3 de l&#8217;Animac adre\u00e7at a infants dels centres educatius de Tremp.<\/p>\n<h4><strong>Dia<\/strong><\/h4>\n<div>22 de febrer de 2023<\/div>\n<div><\/div>\n<h4 class=\"CjVfdc\"><strong>Nivell<\/strong><\/h4>\n<p class=\"CDt4Ke zfr3Q\" dir=\"ltr\">P4, P5 d&#8217;educaci\u00f3 infantil i Cicle Inicial de prim\u00e0ria<\/p>\n<h4 dir=\"ltr\"><strong>Hora<\/strong><\/h4>\n<p dir=\"ltr\">9:45 h<\/p>\n<h4 class=\"CjVfdc\"><strong>Descripci\u00f3<\/strong><\/h4>\n<p class=\"CDt4Ke zfr3Q\" dir=\"ltr\">Animac \u00e9s la Mostra Internacional de Cinema d&#8217;Animaci\u00f3 de Catalunya; organitzada per l&#8217;Ajuntament de Lleida i la Generalitat de Catalunya.<\/p>\n<p class=\"CDt4Ke zfr3Q\" dir=\"ltr\">Aquest any una de les sessions dirigides a escolars \u00e9s dur\u00e0 a terme a l&#8217;Espai Cultural la Lira de Tremp.<\/p>\n<p class=\"CDt4Ke zfr3Q\" dir=\"ltr\">L&#8217;Objectiu de l&#8217;Animac amb aquestes sessions escolars \u00e9s promoure el visionat de curts per a fomentar una societat cr\u00edtica i responsable.<\/p>\n<p>Acceptar i estimar la difer\u00e8ncia \u00e9s el fil conductor d\u2019extraordin\u00e0ries animacions d\u2019aquesta sessi\u00f3 escolar. Petites obres d\u2019art que ens mostren que la r\u00e0bia \u00e9s un mirall i l\u2019amor una finestra.<\/p>\n<p dir=\"ltr\"><a href=\"https:\/\/drive.google.com\/file\/d\/1LdETkPZvxEi8XtiAAz0Gh_yAimP58UJ_\/view?usp=share_link\">Dossier Did\u00e0ctic<\/a> i <a href=\"https:\/\/drive.google.com\/file\/d\/1airRu1Zuu8ZthyXGZN3tLQYjyCrLa-GF\/view?usp=share_link\">Pl\u00e0nol<\/a><\/p>\n<h4 dir=\"ltr\"><strong>Col\u00b7labora<\/strong><\/h4>\n<p dir=\"ltr\">Ajuntament de Tremp<\/p>\n<h4 dir=\"ltr\"><strong>Organitza<\/strong><\/h4>\n<p dir=\"ltr\">Animac i CRP del Pallars Juss\u00e0<\/p>\n","protected":false},"excerpt":{"rendered":"<p>22 de febrer de 2023 a l&#8217;Espai Cultural la Lira, sessi\u00f3 Animac<\/p>\n","protected":false},"author":1,"featured_media":20681,"comment_status":"closed","ping_status":"closed","sticky":false,"template":"","format":"standard","meta":{"_bbp_topic_count":0,"_bbp_reply_count":0,"_bbp_total_topic_count":0,"_bbp_total_reply_count":0,"_bbp_voice_count":0,"_bbp_anonymous_reply_count":0,"_bbp_topic_count_hidden":0,"_bbp_reply_count_hidden":0,"_bbp_forum_subforum_count":0,"site-sidebar-layout":"default","site-content-layout":"","ast-site-content-layout":"","site-content-style":"default","site-sidebar-style":"default","ast-global-header-display":"","ast-banner-title-visibility":"","ast-main-header-display":"","ast-hfb-above-header-display":"","ast-hfb-below-header-display":"","ast-hfb-mobile-header-display":"","site-post-title":"","ast-breadcrumbs-content":"","ast-featured-img":"","footer-sml-layout":"","theme-transparent-header-meta":"","adv-header-id-meta":"","stick-header-meta":"","header-above-stick-meta":"","header-main-stick-meta":"","header-below-stick-meta":"","astra-migrate-meta-layouts":"default","ast-page-background-enabled":"default","ast-page-background-meta":{"desktop":{"background-color":"var(--ast-global-color-4)","background-image":"","background-repeat":"repeat","background-position":"center center","background-size":"auto","background-attachment":"scroll","background-type":"","background-media":"","overlay-type":"","overlay-color":"","overlay-opacity":"","overlay-gradient":""},"tablet":{"background-color":"","background-image":"","background-repeat":"repeat","background-position":"center center","background-size":"auto","background-attachment":"scroll","background-type":"","background-media":"","overlay-type":"","overlay-color":"","overlay-opacity":"","overlay-gradient":""},"mobile":{"background-color":"","background-image":"","background-repeat":"repeat","background-position":"center center","background-size":"auto","background-attachment":"scroll","background-type":"","background-media":"","overlay-type":"","overlay-color":"","overlay-opacity":"","overlay-gradient":""}},"ast-content-background-meta":{"desktop":{"background-color":"var(--ast-global-color-5)","background-image":"","background-repeat":"repeat","background-position":"center center","background-size":"auto","background-attachment":"scroll","background-type":"","background-media":"","overlay-type":"","overlay-color":"","overlay-opacity":"","overlay-gradient":""},"tablet":{"background-color":"var(--ast-global-color-5)","background-image":"","background-repeat":"repeat","background-position":"center center","background-size":"auto","background-attachment":"scroll","background-type":"","background-media":"","overlay-type":"","overlay-color":"","overlay-opacity":"","overlay-gradient":""},"mobile":{"background-color":"var(--ast-global-color-5)","background-image":"","background-repeat":"repeat","background-position":"center center","background-size":"auto","background-attachment":"scroll","background-type":"","background-media":"","overlay-type":"","overlay-color":"","overlay-opacity":"","overlay-gradient":""}},"footnotes":""},"categories":[29],"tags":[],"class_list":["post-20677","post","type-post","status-publish","format-standard","has-post-thumbnail","hentry","category-portada"],"post_mailing_queue_ids":[],"_links":{"self":[{"href":"https:\/\/serveiseducatius.xtec.cat\/pallars\/wp-json\/wp\/v2\/posts\/20677","targetHints":{"allow":["GET"]}}],"collection":[{"href":"https:\/\/serveiseducatius.xtec.cat\/pallars\/wp-json\/wp\/v2\/posts"}],"about":[{"href":"https:\/\/serveiseducatius.xtec.cat\/pallars\/wp-json\/wp\/v2\/types\/post"}],"author":[{"embeddable":true,"href":"https:\/\/serveiseducatius.xtec.cat\/pallars\/wp-json\/wp\/v2\/users\/1"}],"replies":[{"embeddable":true,"href":"https:\/\/serveiseducatius.xtec.cat\/pallars\/wp-json\/wp\/v2\/comments?post=20677"}],"version-history":[{"count":3,"href":"https:\/\/serveiseducatius.xtec.cat\/pallars\/wp-json\/wp\/v2\/posts\/20677\/revisions"}],"predecessor-version":[{"id":20692,"href":"https:\/\/serveiseducatius.xtec.cat\/pallars\/wp-json\/wp\/v2\/posts\/20677\/revisions\/20692"}],"wp:featuredmedia":[{"embeddable":true,"href":"https:\/\/serveiseducatius.xtec.cat\/pallars\/wp-json\/wp\/v2\/media\/20681"}],"wp:attachment":[{"href":"https:\/\/serveiseducatius.xtec.cat\/pallars\/wp-json\/wp\/v2\/media?parent=20677"}],"wp:term":[{"taxonomy":"category","embeddable":true,"href":"https:\/\/serveiseducatius.xtec.cat\/pallars\/wp-json\/wp\/v2\/categories?post=20677"},{"taxonomy":"post_tag","embeddable":true,"href":"https:\/\/serveiseducatius.xtec.cat\/pallars\/wp-json\/wp\/v2\/tags?post=20677"}],"curies":[{"name":"wp","href":"https:\/\/api.w.org\/{rel}","templated":true}]}}