{"id":19686,"date":"2022-11-22T13:13:18","date_gmt":"2022-11-22T12:13:18","guid":{"rendered":"https:\/\/serveiseducatius.xtec.cat\/pallars\/?p=19686"},"modified":"2022-11-22T13:15:52","modified_gmt":"2022-11-22T12:15:52","slug":"poldo","status":"publish","type":"post","link":"https:\/\/serveiseducatius.xtec.cat\/pallars\/teatre-escolar\/poldo\/","title":{"rendered":"Poldo"},"content":{"rendered":"<div class=\"CjVfdc\"><strong><img loading=\"lazy\" decoding=\"async\" class=\"wp-image-19687 alignright\" src=\"https:\/\/serveiseducatius.xtec.cat\/pallars\/wp-content\/uploads\/usu1099\/2022\/11\/poldo.jpg\" alt=\"\" width=\"551\" height=\"310\" srcset=\"https:\/\/serveiseducatius.xtec.cat\/pallars\/wp-content\/uploads\/usu1099\/2022\/11\/poldo.jpg 1920w, https:\/\/serveiseducatius.xtec.cat\/pallars\/wp-content\/uploads\/usu1099\/2022\/11\/poldo-300x169.jpg 300w, https:\/\/serveiseducatius.xtec.cat\/pallars\/wp-content\/uploads\/usu1099\/2022\/11\/poldo-1024x576.jpg 1024w, https:\/\/serveiseducatius.xtec.cat\/pallars\/wp-content\/uploads\/usu1099\/2022\/11\/poldo-768x432.jpg 768w, https:\/\/serveiseducatius.xtec.cat\/pallars\/wp-content\/uploads\/usu1099\/2022\/11\/poldo-1536x864.jpg 1536w\" sizes=\"auto, (max-width: 551px) 100vw, 551px\" \/><\/strong><\/div>\n<p>Els Serveis Educatius dels Pallars despr\u00e9s de la pand\u00e8mia comencen de nou a activar el teatre Escolar. Un de les obres previstes per aquest curs \u00e9s <em><strong>Poldo<\/strong><\/em>. Mon\u00f2leg interpretat per Ivan Caelles.<\/p>\n<div><\/div>\n<h5>Nivell<\/h5>\n<p>4t d&#8217;ESO i 2n de batxillerat<\/p>\n<div>\n<div role=\"presentation\" aria-describedby=\"h.ff20jjdfc0o3_l\" aria-label=\"Copia l'enlla\u00e7 del t\u00edtol\" aria-disabled=\"false\" data-tooltip=\"Copia l'enlla\u00e7 del t\u00edtol\" aria-hidden=\"true\" data-tooltip-position=\"top\" data-tooltip-vertical-offset=\"12\" data-tooltip-horizontal-offset=\"0\">\n<div><\/div>\n<\/div>\n<\/div>\n<h5>Descripci\u00f3<\/h5>\n<p>Es tracta d\u2019un mon\u00f2leg de ficci\u00f3, a partir de l\u2019adaptaci\u00f3 d\u2019un relat breu (Poldo) de l\u2019obra \u201cQuan arriba la Penombra\u201d de Jaume Cabr\u00e9. A partir d\u2019una tasca de documentaci\u00f3 i de la idea de Cabr\u00e9, a trav\u00e9s de la veu d\u2019un mort, s\u2019aborda el tema de les fosses de la guerra civil endinsant a l\u2019espectador dins la fossa fict\u00edcia de la Borda de Perosa, ubicada al Pallars Sobir\u00e0. Aquesta hist\u00f2ria ens permet viatjar per la vida de muntanya dels anys 30 i especialment la repressi\u00f3 sobre la poblaci\u00f3 civil.<\/p>\n<p>Un drama amb el qual s\u2019aconsegueix prendre consci\u00e8ncia de la barb\u00e0rie que els va tocar viure durant la guerra civil, i que l\u2019oblit no acabi d\u2019enterrar una de les parts m\u00e9s fosques de la nostra hist\u00f2ria.<\/p>\n","protected":false},"excerpt":{"rendered":"<p>Es tracta d\u2019un mon\u00f2leg de ficci\u00f3, a partir de l\u2019adaptaci\u00f3 d\u2019un relat breu (Poldo) de l\u2019obra \u201cQuan <\/p>\n","protected":false},"author":1,"featured_media":19687,"comment_status":"closed","ping_status":"closed","sticky":false,"template":"","format":"standard","meta":{"_bbp_topic_count":0,"_bbp_reply_count":0,"_bbp_total_topic_count":0,"_bbp_total_reply_count":0,"_bbp_voice_count":0,"_bbp_anonymous_reply_count":0,"_bbp_topic_count_hidden":0,"_bbp_reply_count_hidden":0,"_bbp_forum_subforum_count":0,"site-sidebar-layout":"default","site-content-layout":"","ast-site-content-layout":"","site-content-style":"default","site-sidebar-style":"default","ast-global-header-display":"","ast-banner-title-visibility":"","ast-main-header-display":"","ast-hfb-above-header-display":"","ast-hfb-below-header-display":"","ast-hfb-mobile-header-display":"","site-post-title":"","ast-breadcrumbs-content":"","ast-featured-img":"","footer-sml-layout":"","theme-transparent-header-meta":"","adv-header-id-meta":"","stick-header-meta":"","header-above-stick-meta":"","header-main-stick-meta":"","header-below-stick-meta":"","astra-migrate-meta-layouts":"default","ast-page-background-enabled":"default","ast-page-background-meta":{"desktop":{"background-color":"var(--ast-global-color-4)","background-image":"","background-repeat":"repeat","background-position":"center center","background-size":"auto","background-attachment":"scroll","background-type":"","background-media":"","overlay-type":"","overlay-color":"","overlay-opacity":"","overlay-gradient":""},"tablet":{"background-color":"","background-image":"","background-repeat":"repeat","background-position":"center center","background-size":"auto","background-attachment":"scroll","background-type":"","background-media":"","overlay-type":"","overlay-color":"","overlay-opacity":"","overlay-gradient":""},"mobile":{"background-color":"","background-image":"","background-repeat":"repeat","background-position":"center center","background-size":"auto","background-attachment":"scroll","background-type":"","background-media":"","overlay-type":"","overlay-color":"","overlay-opacity":"","overlay-gradient":""}},"ast-content-background-meta":{"desktop":{"background-color":"var(--ast-global-color-5)","background-image":"","background-repeat":"repeat","background-position":"center center","background-size":"auto","background-attachment":"scroll","background-type":"","background-media":"","overlay-type":"","overlay-color":"","overlay-opacity":"","overlay-gradient":""},"tablet":{"background-color":"var(--ast-global-color-5)","background-image":"","background-repeat":"repeat","background-position":"center center","background-size":"auto","background-attachment":"scroll","background-type":"","background-media":"","overlay-type":"","overlay-color":"","overlay-opacity":"","overlay-gradient":""},"mobile":{"background-color":"var(--ast-global-color-5)","background-image":"","background-repeat":"repeat","background-position":"center center","background-size":"auto","background-attachment":"scroll","background-type":"","background-media":"","overlay-type":"","overlay-color":"","overlay-opacity":"","overlay-gradient":""}},"footnotes":""},"categories":[348],"tags":[],"class_list":["post-19686","post","type-post","status-publish","format-standard","has-post-thumbnail","hentry","category-teatre-escolar"],"post_mailing_queue_ids":[],"_links":{"self":[{"href":"https:\/\/serveiseducatius.xtec.cat\/pallars\/wp-json\/wp\/v2\/posts\/19686","targetHints":{"allow":["GET"]}}],"collection":[{"href":"https:\/\/serveiseducatius.xtec.cat\/pallars\/wp-json\/wp\/v2\/posts"}],"about":[{"href":"https:\/\/serveiseducatius.xtec.cat\/pallars\/wp-json\/wp\/v2\/types\/post"}],"author":[{"embeddable":true,"href":"https:\/\/serveiseducatius.xtec.cat\/pallars\/wp-json\/wp\/v2\/users\/1"}],"replies":[{"embeddable":true,"href":"https:\/\/serveiseducatius.xtec.cat\/pallars\/wp-json\/wp\/v2\/comments?post=19686"}],"version-history":[{"count":3,"href":"https:\/\/serveiseducatius.xtec.cat\/pallars\/wp-json\/wp\/v2\/posts\/19686\/revisions"}],"predecessor-version":[{"id":19690,"href":"https:\/\/serveiseducatius.xtec.cat\/pallars\/wp-json\/wp\/v2\/posts\/19686\/revisions\/19690"}],"wp:featuredmedia":[{"embeddable":true,"href":"https:\/\/serveiseducatius.xtec.cat\/pallars\/wp-json\/wp\/v2\/media\/19687"}],"wp:attachment":[{"href":"https:\/\/serveiseducatius.xtec.cat\/pallars\/wp-json\/wp\/v2\/media?parent=19686"}],"wp:term":[{"taxonomy":"category","embeddable":true,"href":"https:\/\/serveiseducatius.xtec.cat\/pallars\/wp-json\/wp\/v2\/categories?post=19686"},{"taxonomy":"post_tag","embeddable":true,"href":"https:\/\/serveiseducatius.xtec.cat\/pallars\/wp-json\/wp\/v2\/tags?post=19686"}],"curies":[{"name":"wp","href":"https:\/\/api.w.org\/{rel}","templated":true}]}}