{"id":19583,"date":"2022-11-07T19:41:31","date_gmt":"2022-11-07T18:41:31","guid":{"rendered":"https:\/\/serveiseducatius.xtec.cat\/pallars\/?p=19583"},"modified":"2022-11-07T19:41:46","modified_gmt":"2022-11-07T18:41:46","slug":"reconeixement-de-projectes-dinnovacio-pedagogica","status":"publish","type":"post","link":"https:\/\/serveiseducatius.xtec.cat\/pallars\/general\/reconeixement-de-projectes-dinnovacio-pedagogica\/","title":{"rendered":"Reconeixement de Projectes d&#8217;Innovaci\u00f3 pedag\u00f2gica"},"content":{"rendered":"<p><img loading=\"lazy\" decoding=\"async\" class=\"wp-image-19587 alignright\" src=\"https:\/\/serveiseducatius.xtec.cat\/pallars\/wp-content\/uploads\/usu1099\/2022\/11\/projectes-dinnovacio.jpg\" alt=\"\" width=\"519\" height=\"292\" srcset=\"https:\/\/serveiseducatius.xtec.cat\/pallars\/wp-content\/uploads\/usu1099\/2022\/11\/projectes-dinnovacio.jpg 832w, https:\/\/serveiseducatius.xtec.cat\/pallars\/wp-content\/uploads\/usu1099\/2022\/11\/projectes-dinnovacio-300x169.jpg 300w, https:\/\/serveiseducatius.xtec.cat\/pallars\/wp-content\/uploads\/usu1099\/2022\/11\/projectes-dinnovacio-768x432.jpg 768w\" sizes=\"auto, (max-width: 519px) 100vw, 519px\" \/>S&#8217;ha publicat al DOGC la <a href=\"https:\/\/dogc.gencat.cat\/ca\/document-del-dogc\/?documentId=941619\">resoluci\u00f3 de reconeixement de projectes d&#8217;innovaci\u00f3 pedag\u00f2gica<\/a>.<\/p>\n<p>El termini per a presentar la sol\u00b7licitud, juntament amb la mem\u00f2ria del projecte d&#8217;innovaci\u00f3 pedag\u00f2gica \u00e9s del <strong>4 de novembre de 2022 al 13 de gener de 2023<\/strong>.<\/p>\n<h5>Destinataris<\/h5>\n<p>S\u00f3n els centres del Servei d\u2019Educaci\u00f3 de Catalunya, p\u00fablics i privats sostinguts amb fons p\u00fablics, que imparteixen ensenyaments d\u2019educaci\u00f3 infantil i prim\u00e0ria, i\/o d\u2019educaci\u00f3 secund\u00e0ria obligat\u00f2ria i\/o de batxillerat i\/o de formaci\u00f3 professional inicial i\/o ensenyaments de r\u00e8gim especial i\/o educaci\u00f3 d\u2019adults.<\/p>\n<h5>Requisits<\/h5>\n<p>El projecte d\u2019innovaci\u00f3 ha d\u2019estar emmarcat en un o m\u00e9s dels\u00a0\u00e0mbits seg\u00fcents:<\/p>\n<p>\u00c0mbit 1: Metodologies i recursos per a la millora d\u2019ensenyament i\u00a0aprenentatge.<\/p>\n<p>\u00c0mbit 2: Organitzaci\u00f3 i gesti\u00f3 educativa.<\/p>\n<p>\u00c0mbit 3: Relaci\u00f3 i cooperaci\u00f3 amb la comunitat educativa i l\u2019entorn.<\/p>\n<p>Presentar la mem\u00f2ria d\u2019un projecte de centre amb evid\u00e8ncies concretes de la transformaci\u00f3 educativa generada en el centre educatiu on s\u2019ha implementat el projecte d\u2019innovaci\u00f3 pedag\u00f2gica.<\/p>\n<p>Que el projecte no hagi estat certificat com a innovaci\u00f3 amb anterioritat.<\/p>\n<p>Que el projecte estigui explicitat en el projecte educatiu\u00a0de centre.<\/p>\n<p>Haver desenvolupat el projecte segons les fases de la innovaci\u00f3\u00a0pedag\u00f2gica (diagnosi inicial, disseny, implementaci\u00f3 i consolidaci\u00f3) en un m\u00ednim de 3 cursos en els darrers 5 cursos acad\u00e8mics.<\/p>\n<p>En cas que el centre tingui un projecte d\u2019innovaci\u00f3 pedag\u00f2gica propi que la inspecci\u00f3 d\u2019educaci\u00f3 hagi avaluat favorablement previ a aquesta convocat\u00f2ria, es podr\u00e0 substituir la mem\u00f2ria per l\u2019informe d\u2019avaluaci\u00f3 de la Inspecci\u00f3.<\/p>\n<p>En el cas d\u2019un projecte de centre relacionat amb ERASMUS+, caldr\u00e0 adjuntar tant la mem\u00f2ria del projecte d\u2019innovaci\u00f3 pedag\u00f2gica del centre com la mem\u00f2ria d\u2019avaluaci\u00f3 de qualitat emesa per l\u2019Ag\u00e8ncia Nacional responsable de programa Erasmus+ (SEPIE).<\/p>\n<div>\n<h5>Documents a presentar<\/h5>\n<div>\n<p><a title=\"Sol\u00b7licitud\" href=\"https:\/\/documents.espai.educacio.gencat.cat\/FormularisModels\/InnovacioPedagogica\/A574.pdf\" target=\"_blank\" rel=\"noopener\">Sol\u00b7licitud<\/a><\/p>\n<p><a title=\"Mem\u00f2ria del projecte d\u2019innovaci\u00f3 pedag\u00f2gica\" href=\"https:\/\/documents.espai.educacio.gencat.cat\/FormularisModels\/InnovacioPedagogica\/A559.pdf\" target=\"_blank\" rel=\"noopener\">Mem\u00f2ria del projecte d\u2019innovaci\u00f3 pedag\u00f2gica<\/a><\/p>\n<h5>Procediment<\/h5>\n<p>Finalitzat el termini de presentaci\u00f3 de la documentaci\u00f3, la comissi\u00f3 de\u00a0selecci\u00f3 territorial comprovar\u00e0 per a cada centre educatiu aspirant el\u00a0compliment dels requisits de participaci\u00f3 que determina aquesta\u00a0convocat\u00f2ria i en un termini m\u00e0xim de 15 dies h\u00e0bils es publicar\u00e0 la llista\u00a0provisional de centres educatius admesos i exclosos.<\/p>\n<\/div>\n<\/div>\n","protected":false},"excerpt":{"rendered":"<p>Fins al 13 de gener de 2023<\/p>\n","protected":false},"author":1,"featured_media":19587,"comment_status":"open","ping_status":"closed","sticky":false,"template":"","format":"standard","meta":{"_bbp_topic_count":0,"_bbp_reply_count":0,"_bbp_total_topic_count":0,"_bbp_total_reply_count":0,"_bbp_voice_count":0,"_bbp_anonymous_reply_count":0,"_bbp_topic_count_hidden":0,"_bbp_reply_count_hidden":0,"_bbp_forum_subforum_count":0,"site-sidebar-layout":"default","site-content-layout":"","ast-site-content-layout":"","site-content-style":"default","site-sidebar-style":"default","ast-global-header-display":"","ast-banner-title-visibility":"","ast-main-header-display":"","ast-hfb-above-header-display":"","ast-hfb-below-header-display":"","ast-hfb-mobile-header-display":"","site-post-title":"","ast-breadcrumbs-content":"","ast-featured-img":"","footer-sml-layout":"","theme-transparent-header-meta":"","adv-header-id-meta":"","stick-header-meta":"","header-above-stick-meta":"","header-main-stick-meta":"","header-below-stick-meta":"","astra-migrate-meta-layouts":"default","ast-page-background-enabled":"default","ast-page-background-meta":{"desktop":{"background-color":"var(--ast-global-color-4)","background-image":"","background-repeat":"repeat","background-position":"center center","background-size":"auto","background-attachment":"scroll","background-type":"","background-media":"","overlay-type":"","overlay-color":"","overlay-opacity":"","overlay-gradient":""},"tablet":{"background-color":"","background-image":"","background-repeat":"repeat","background-position":"center center","background-size":"auto","background-attachment":"scroll","background-type":"","background-media":"","overlay-type":"","overlay-color":"","overlay-opacity":"","overlay-gradient":""},"mobile":{"background-color":"","background-image":"","background-repeat":"repeat","background-position":"center center","background-size":"auto","background-attachment":"scroll","background-type":"","background-media":"","overlay-type":"","overlay-color":"","overlay-opacity":"","overlay-gradient":""}},"ast-content-background-meta":{"desktop":{"background-color":"var(--ast-global-color-5)","background-image":"","background-repeat":"repeat","background-position":"center center","background-size":"auto","background-attachment":"scroll","background-type":"","background-media":"","overlay-type":"","overlay-color":"","overlay-opacity":"","overlay-gradient":""},"tablet":{"background-color":"var(--ast-global-color-5)","background-image":"","background-repeat":"repeat","background-position":"center center","background-size":"auto","background-attachment":"scroll","background-type":"","background-media":"","overlay-type":"","overlay-color":"","overlay-opacity":"","overlay-gradient":""},"mobile":{"background-color":"var(--ast-global-color-5)","background-image":"","background-repeat":"repeat","background-position":"center center","background-size":"auto","background-attachment":"scroll","background-type":"","background-media":"","overlay-type":"","overlay-color":"","overlay-opacity":"","overlay-gradient":""}},"footnotes":""},"categories":[1,29],"tags":[],"class_list":["post-19583","post","type-post","status-publish","format-standard","has-post-thumbnail","hentry","category-general","category-portada"],"post_mailing_queue_ids":[],"_links":{"self":[{"href":"https:\/\/serveiseducatius.xtec.cat\/pallars\/wp-json\/wp\/v2\/posts\/19583","targetHints":{"allow":["GET"]}}],"collection":[{"href":"https:\/\/serveiseducatius.xtec.cat\/pallars\/wp-json\/wp\/v2\/posts"}],"about":[{"href":"https:\/\/serveiseducatius.xtec.cat\/pallars\/wp-json\/wp\/v2\/types\/post"}],"author":[{"embeddable":true,"href":"https:\/\/serveiseducatius.xtec.cat\/pallars\/wp-json\/wp\/v2\/users\/1"}],"replies":[{"embeddable":true,"href":"https:\/\/serveiseducatius.xtec.cat\/pallars\/wp-json\/wp\/v2\/comments?post=19583"}],"version-history":[{"count":3,"href":"https:\/\/serveiseducatius.xtec.cat\/pallars\/wp-json\/wp\/v2\/posts\/19583\/revisions"}],"predecessor-version":[{"id":19588,"href":"https:\/\/serveiseducatius.xtec.cat\/pallars\/wp-json\/wp\/v2\/posts\/19583\/revisions\/19588"}],"wp:featuredmedia":[{"embeddable":true,"href":"https:\/\/serveiseducatius.xtec.cat\/pallars\/wp-json\/wp\/v2\/media\/19587"}],"wp:attachment":[{"href":"https:\/\/serveiseducatius.xtec.cat\/pallars\/wp-json\/wp\/v2\/media?parent=19583"}],"wp:term":[{"taxonomy":"category","embeddable":true,"href":"https:\/\/serveiseducatius.xtec.cat\/pallars\/wp-json\/wp\/v2\/categories?post=19583"},{"taxonomy":"post_tag","embeddable":true,"href":"https:\/\/serveiseducatius.xtec.cat\/pallars\/wp-json\/wp\/v2\/tags?post=19583"}],"curies":[{"name":"wp","href":"https:\/\/api.w.org\/{rel}","templated":true}]}}