{"id":18530,"date":"2022-05-09T15:53:21","date_gmt":"2022-05-09T13:53:21","guid":{"rendered":"https:\/\/serveiseducatius.xtec.cat\/pallars\/?p=18530"},"modified":"2022-05-09T18:58:46","modified_gmt":"2022-05-09T16:58:46","slug":"i-forum-descoles-verdes-de-lalta-ribagorca-el-pallars-jussa-i-laran","status":"publish","type":"post","link":"https:\/\/serveiseducatius.xtec.cat\/pallars\/general\/i-forum-descoles-verdes-de-lalta-ribagorca-el-pallars-jussa-i-laran\/","title":{"rendered":"I F\u00f2rum d&#8217;Escoles Verdes de l&#8217;Alta Ribagor\u00e7a, el Pallars Juss\u00e0 i l&#8217;Aran"},"content":{"rendered":"<p><img loading=\"lazy\" decoding=\"async\" class=\"wp-image-18531 alignright\" src=\"https:\/\/serveiseducatius.xtec.cat\/pallars\/wp-content\/uploads\/usu1099\/2022\/05\/unnamed-1.jpg\" alt=\"\" width=\"325\" height=\"307\" srcset=\"https:\/\/serveiseducatius.xtec.cat\/pallars\/wp-content\/uploads\/usu1099\/2022\/05\/unnamed-1.jpg 1103w, https:\/\/serveiseducatius.xtec.cat\/pallars\/wp-content\/uploads\/usu1099\/2022\/05\/unnamed-1-300x284.jpg 300w, https:\/\/serveiseducatius.xtec.cat\/pallars\/wp-content\/uploads\/usu1099\/2022\/05\/unnamed-1-1024x968.jpg 1024w, https:\/\/serveiseducatius.xtec.cat\/pallars\/wp-content\/uploads\/usu1099\/2022\/05\/unnamed-1-768x726.jpg 768w\" sizes=\"auto, (max-width: 325px) 100vw, 325px\" \/>El proposat divendres <strong>6 de maig de 2022<\/strong> va tenir lloc el I F\u00f2rum d&#8217;EV de l&#8217;Alta Ribagor\u00e7a, el Pallars Juss\u00e0 i l&#8217;Aran. El lloc de trobada va ser l&#8217;escola Vidal i Abad de Vilaller.<\/p>\n<p>El tema central del F\u00f2rum ha estat la biodiversitat i \/o millora de l\u2019entorn i l&#8217;objectiu \u00e9s compartir aprenentatges i experi\u00e8ncies i establir vincles entre alumnat i professorat de diferents centres.<\/p>\n<p>En el f\u00f2rum van participar centres del Pallars Juss\u00e0 on els alumnes van compartir en la fira de projectes\u00a0 algunes de les activitats que duen a terme en el seu centre, va ser una experi\u00e8ncia enriquidora.<\/p>\n<p><strong>Programa del F\u00f2rum<\/strong><\/p>\n<ul>\n<li style=\"list-style-type: none;\">\n<ul>\n<li style=\"list-style-type: none;\">\n<ul>\n<li>Arribada i acollida als participants<\/li>\n<li>Benvinguda<\/li>\n<li>Preparaci\u00f3 de la fira de projectes i esmorzar<\/li>\n<li>Fira de projectes<\/li>\n<li>Treball i din\u00e0miques per als docents i tallers per l&#8217;alumnat<\/li>\n<li>Dinar<\/li>\n<li>Foto de fam\u00edlia i comiat<\/li>\n<\/ul>\n<\/li>\n<\/ul>\n<\/li>\n<\/ul>\n<p>&nbsp;<\/p>\n<p>&nbsp;<\/p>\n<p>&nbsp;<\/p>\n","protected":false},"excerpt":{"rendered":"<p>El proposat divendres 6 de maig de 2022<\/p>\n","protected":false},"author":1,"featured_media":18535,"comment_status":"closed","ping_status":"closed","sticky":false,"template":"","format":"standard","meta":{"_bbp_topic_count":0,"_bbp_reply_count":0,"_bbp_total_topic_count":0,"_bbp_total_reply_count":0,"_bbp_voice_count":0,"_bbp_anonymous_reply_count":0,"_bbp_topic_count_hidden":0,"_bbp_reply_count_hidden":0,"_bbp_forum_subforum_count":0,"site-sidebar-layout":"default","site-content-layout":"","ast-site-content-layout":"","site-content-style":"default","site-sidebar-style":"default","ast-global-header-display":"","ast-banner-title-visibility":"","ast-main-header-display":"","ast-hfb-above-header-display":"","ast-hfb-below-header-display":"","ast-hfb-mobile-header-display":"","site-post-title":"","ast-breadcrumbs-content":"","ast-featured-img":"","footer-sml-layout":"","theme-transparent-header-meta":"","adv-header-id-meta":"","stick-header-meta":"","header-above-stick-meta":"","header-main-stick-meta":"","header-below-stick-meta":"","astra-migrate-meta-layouts":"default","ast-page-background-enabled":"default","ast-page-background-meta":{"desktop":{"background-color":"var(--ast-global-color-4)","background-image":"","background-repeat":"repeat","background-position":"center center","background-size":"auto","background-attachment":"scroll","background-type":"","background-media":"","overlay-type":"","overlay-color":"","overlay-opacity":"","overlay-gradient":""},"tablet":{"background-color":"","background-image":"","background-repeat":"repeat","background-position":"center center","background-size":"auto","background-attachment":"scroll","background-type":"","background-media":"","overlay-type":"","overlay-color":"","overlay-opacity":"","overlay-gradient":""},"mobile":{"background-color":"","background-image":"","background-repeat":"repeat","background-position":"center center","background-size":"auto","background-attachment":"scroll","background-type":"","background-media":"","overlay-type":"","overlay-color":"","overlay-opacity":"","overlay-gradient":""}},"ast-content-background-meta":{"desktop":{"background-color":"var(--ast-global-color-5)","background-image":"","background-repeat":"repeat","background-position":"center center","background-size":"auto","background-attachment":"scroll","background-type":"","background-media":"","overlay-type":"","overlay-color":"","overlay-opacity":"","overlay-gradient":""},"tablet":{"background-color":"var(--ast-global-color-5)","background-image":"","background-repeat":"repeat","background-position":"center center","background-size":"auto","background-attachment":"scroll","background-type":"","background-media":"","overlay-type":"","overlay-color":"","overlay-opacity":"","overlay-gradient":""},"mobile":{"background-color":"var(--ast-global-color-5)","background-image":"","background-repeat":"repeat","background-position":"center center","background-size":"auto","background-attachment":"scroll","background-type":"","background-media":"","overlay-type":"","overlay-color":"","overlay-opacity":"","overlay-gradient":""}},"footnotes":""},"categories":[307,1,29],"tags":[464],"class_list":["post-18530","post","type-post","status-publish","format-standard","has-post-thumbnail","hentry","category-escoles-per-a-la-sostenibiltat","category-general","category-portada","tag-escoles-verdes"],"post_mailing_queue_ids":[],"_links":{"self":[{"href":"https:\/\/serveiseducatius.xtec.cat\/pallars\/wp-json\/wp\/v2\/posts\/18530","targetHints":{"allow":["GET"]}}],"collection":[{"href":"https:\/\/serveiseducatius.xtec.cat\/pallars\/wp-json\/wp\/v2\/posts"}],"about":[{"href":"https:\/\/serveiseducatius.xtec.cat\/pallars\/wp-json\/wp\/v2\/types\/post"}],"author":[{"embeddable":true,"href":"https:\/\/serveiseducatius.xtec.cat\/pallars\/wp-json\/wp\/v2\/users\/1"}],"replies":[{"embeddable":true,"href":"https:\/\/serveiseducatius.xtec.cat\/pallars\/wp-json\/wp\/v2\/comments?post=18530"}],"version-history":[{"count":3,"href":"https:\/\/serveiseducatius.xtec.cat\/pallars\/wp-json\/wp\/v2\/posts\/18530\/revisions"}],"predecessor-version":[{"id":18537,"href":"https:\/\/serveiseducatius.xtec.cat\/pallars\/wp-json\/wp\/v2\/posts\/18530\/revisions\/18537"}],"wp:featuredmedia":[{"embeddable":true,"href":"https:\/\/serveiseducatius.xtec.cat\/pallars\/wp-json\/wp\/v2\/media\/18535"}],"wp:attachment":[{"href":"https:\/\/serveiseducatius.xtec.cat\/pallars\/wp-json\/wp\/v2\/media?parent=18530"}],"wp:term":[{"taxonomy":"category","embeddable":true,"href":"https:\/\/serveiseducatius.xtec.cat\/pallars\/wp-json\/wp\/v2\/categories?post=18530"},{"taxonomy":"post_tag","embeddable":true,"href":"https:\/\/serveiseducatius.xtec.cat\/pallars\/wp-json\/wp\/v2\/tags?post=18530"}],"curies":[{"name":"wp","href":"https:\/\/api.w.org\/{rel}","templated":true}]}}